{"id":76761,"date":"2019-11-11T13:07:05","date_gmt":"2019-11-11T12:07:05","guid":{"rendered":"http:\/\/radiotordera.cat\/radio\/?p=76761"},"modified":"2019-11-11T13:07:05","modified_gmt":"2019-11-11T12:07:05","slug":"latur-puja-a-tordera-en-51-persones-el-mes-doctubre","status":"publish","type":"post","link":"https:\/\/radiotordera.cat\/radio\/?p=76761","title":{"rendered":"L\u2019atur puja a Tordera en 51 persones el mes d\u2019Octubre"},"content":{"rendered":"<p><a href=\"https:\/\/i0.wp.com\/radiotordera.cat\/radio\/wp-content\/uploads\/2019\/11\/atur-octubre-19.jpg?ssl=1\"><img data-recalc-dims=\"1\" loading=\"lazy\" decoding=\"async\" class=\"alignleft size-medium wp-image-76762\" src=\"https:\/\/i0.wp.com\/radiotordera.cat\/radio\/wp-content\/uploads\/2019\/11\/atur-octubre-19.jpg?resize=200%2C124&#038;ssl=1\" alt=\"\" width=\"200\" height=\"124\" srcset=\"https:\/\/i0.wp.com\/radiotordera.cat\/radio\/wp-content\/uploads\/2019\/11\/atur-octubre-19.jpg?resize=200%2C124&amp;ssl=1 200w, https:\/\/i0.wp.com\/radiotordera.cat\/radio\/wp-content\/uploads\/2019\/11\/atur-octubre-19.jpg?resize=768%2C477&amp;ssl=1 768w, https:\/\/i0.wp.com\/radiotordera.cat\/radio\/wp-content\/uploads\/2019\/11\/atur-octubre-19.jpg?w=883&amp;ssl=1 883w\" sizes=\"auto, (max-width: 200px) 100vw, 200px\" \/><\/a>Puja l\u2019atur a Tordera i a la comarca durant el mes d\u2019Octubre. \u00c9s el segon mes consecutiu que s\u2019incrementa el nombre d\u2019aturats al municipi.<\/p>\n<p>A Tordera, el nombre de persones aturades durant el mes d\u2019octubre ha crescut en 51 persones, una pujada de 4,6% respecte el mes anterior. Ara hi ha un total de 1.158 aturats amb una taxa del 15\u201951%. Respecte al mateix mes d\u2019Octubre per\u00f2 de l\u2019any passat, l\u2019atur ha pujat disminu\u00eft en 32 persones.<\/p>\n<p>El passat mes d&#8217;octubre va ser negatiu per a l&#8217;ocupaci\u00f3. La llista de persones demandants de feina al Maresme s&#8217;ha incrementat fins arribar a les 24.666, 1017 m\u00e9s que al setembre. Aquest augment es reparteix entre tots els sectors econ\u00f2mics, encara que, pel volum, destaca el sector serveis. En concret, el 86% de les noves inscripcions als serveis d&#8217;ocupaci\u00f3 comarcals provenen d&#8217;aquest sector econ\u00f2mic. El sector serveis \u00e9s, a m\u00e9s, el que concentra el 70,3% del total de persones de la comarca que cerquen feina.<\/p>\n<p>El nombre d&#8217;aturats registrats a les oficines del Servei d&#8217;Ocupaci\u00f3 Estatal (SEPE) va augmentar a l&#8217;octubre a Catalunya en 14.644 persones, un 3,93 % m\u00e9s respecte a setembre, fet que deixa la xifra total de desocupats en la comunitat en 387.267.<\/p>\n","protected":false},"excerpt":{"rendered":"<p>Puja l\u2019atur a Tordera i a la comarca durant el mes d\u2019Octubre. \u00c9s el segon mes consecutiu que s\u2019incrementa el nombre d\u2019aturats al municipi. A Tordera, el nombre de persones aturades durant el mes d\u2019octubre ha crescut en 51 persones, una pujada de 4,6% respecte el mes anterior. Ara hi ha un total de 1.158 [&hellip;]<\/p>\n","protected":false},"author":9,"featured_media":76762,"comment_status":"closed","ping_status":"open","sticky":false,"template":"","format":"standard","meta":{"_jetpack_newsletter_access":"","_jetpack_dont_email_post_to_subs":false,"_jetpack_newsletter_tier_id":0,"_jetpack_memberships_contains_paywalled_content":false,"_jetpack_memberships_contains_paid_content":false,"footnotes":"","jetpack_post_was_ever_published":false},"categories":[34],"tags":[],"class_list":["post-76761","post","type-post","status-publish","format-standard","has-post-thumbnail","category-societat"],"yoast_head":"<!-- This site is optimized with the Yoast SEO plugin v28.2 - https:\/\/yoast.com\/product\/yoast-seo-wordpress\/ -->\n<title>L\u2019atur puja a Tordera en 51 persones el mes d\u2019Octubre - R\u00e0dio Tordera<\/title>\n<meta name=\"robots\" content=\"index, follow, max-snippet:-1, max-image-preview:large, max-video-preview:-1\" \/>\n<link rel=\"canonical\" href=\"https:\/\/radiotordera.cat\/radio\/?p=76761\" \/>\n<meta property=\"og:locale\" content=\"ca_ES\" \/>\n<meta property=\"og:type\" content=\"article\" \/>\n<meta property=\"og:title\" content=\"L\u2019atur puja a Tordera en 51 persones el mes d\u2019Octubre - R\u00e0dio Tordera\" \/>\n<meta property=\"og:description\" content=\"Puja l\u2019atur a Tordera i a la comarca durant el mes d\u2019Octubre. \u00c9s el segon mes consecutiu que s\u2019incrementa el nombre d\u2019aturats al municipi. A Tordera, el nombre de persones aturades durant el mes d\u2019octubre ha crescut en 51 persones, una pujada de 4,6% respecte el mes anterior. Ara hi ha un total de 1.158 [&hellip;]\" \/>\n<meta property=\"og:url\" content=\"https:\/\/radiotordera.cat\/radio\/?p=76761\" \/>\n<meta property=\"og:site_name\" content=\"R\u00e0dio Tordera\" \/>\n<meta property=\"article:published_time\" content=\"2019-11-11T12:07:05+00:00\" \/>\n<meta property=\"og:image\" content=\"https:\/\/i0.wp.com\/radiotordera.cat\/radio\/wp-content\/uploads\/2019\/11\/atur-octubre-19.jpg?fit=883%2C549&ssl=1\" \/>\n\t<meta property=\"og:image:width\" content=\"883\" \/>\n\t<meta property=\"og:image:height\" content=\"549\" \/>\n\t<meta property=\"og:image:type\" content=\"image\/jpeg\" \/>\n<meta name=\"author\" content=\"admin\" \/>\n<meta name=\"twitter:card\" content=\"summary_large_image\" \/>\n<meta name=\"twitter:label1\" content=\"Escrit per\" \/>\n\t<meta name=\"twitter:data1\" content=\"admin\" \/>\n\t<meta name=\"twitter:label2\" content=\"Temps estimat de lectura\" \/>\n\t<meta name=\"twitter:data2\" content=\"1 minut\" \/>\n<script type=\"application\/ld+json\" class=\"yoast-schema-graph\">{\"@context\":\"https:\\\/\\\/schema.org\",\"@graph\":[{\"@type\":\"Article\",\"@id\":\"https:\\\/\\\/radiotordera.cat\\\/radio\\\/?p=76761#article\",\"isPartOf\":{\"@id\":\"https:\\\/\\\/radiotordera.cat\\\/radio\\\/?p=76761\"},\"author\":{\"name\":\"admin\",\"@id\":\"https:\\\/\\\/radiotordera.cat\\\/radio\\\/#\\\/schema\\\/person\\\/b18ceddf42b8cc42686947e405e4a2d7\"},\"headline\":\"L\u2019atur puja a Tordera en 51 persones el mes d\u2019Octubre\",\"datePublished\":\"2019-11-11T12:07:05+00:00\",\"mainEntityOfPage\":{\"@id\":\"https:\\\/\\\/radiotordera.cat\\\/radio\\\/?p=76761\"},\"wordCount\":223,\"publisher\":{\"@id\":\"https:\\\/\\\/radiotordera.cat\\\/radio\\\/#organization\"},\"image\":{\"@id\":\"https:\\\/\\\/radiotordera.cat\\\/radio\\\/?p=76761#primaryimage\"},\"thumbnailUrl\":\"https:\\\/\\\/i0.wp.com\\\/radiotordera.cat\\\/radio\\\/wp-content\\\/uploads\\\/2019\\\/11\\\/atur-octubre-19.jpg?fit=883%2C549&ssl=1\",\"articleSection\":[\"Societat\"],\"inLanguage\":\"ca\"},{\"@type\":\"WebPage\",\"@id\":\"https:\\\/\\\/radiotordera.cat\\\/radio\\\/?p=76761\",\"url\":\"https:\\\/\\\/radiotordera.cat\\\/radio\\\/?p=76761\",\"name\":\"L\u2019atur puja a Tordera en 51 persones el mes d\u2019Octubre - R\u00e0dio Tordera\",\"isPartOf\":{\"@id\":\"https:\\\/\\\/radiotordera.cat\\\/radio\\\/#website\"},\"primaryImageOfPage\":{\"@id\":\"https:\\\/\\\/radiotordera.cat\\\/radio\\\/?p=76761#primaryimage\"},\"image\":{\"@id\":\"https:\\\/\\\/radiotordera.cat\\\/radio\\\/?p=76761#primaryimage\"},\"thumbnailUrl\":\"https:\\\/\\\/i0.wp.com\\\/radiotordera.cat\\\/radio\\\/wp-content\\\/uploads\\\/2019\\\/11\\\/atur-octubre-19.jpg?fit=883%2C549&ssl=1\",\"datePublished\":\"2019-11-11T12:07:05+00:00\",\"breadcrumb\":{\"@id\":\"https:\\\/\\\/radiotordera.cat\\\/radio\\\/?p=76761#breadcrumb\"},\"inLanguage\":\"ca\",\"potentialAction\":[{\"@type\":\"ReadAction\",\"target\":[\"https:\\\/\\\/radiotordera.cat\\\/radio\\\/?p=76761\"]}]},{\"@type\":\"ImageObject\",\"inLanguage\":\"ca\",\"@id\":\"https:\\\/\\\/radiotordera.cat\\\/radio\\\/?p=76761#primaryimage\",\"url\":\"https:\\\/\\\/i0.wp.com\\\/radiotordera.cat\\\/radio\\\/wp-content\\\/uploads\\\/2019\\\/11\\\/atur-octubre-19.jpg?fit=883%2C549&ssl=1\",\"contentUrl\":\"https:\\\/\\\/i0.wp.com\\\/radiotordera.cat\\\/radio\\\/wp-content\\\/uploads\\\/2019\\\/11\\\/atur-octubre-19.jpg?fit=883%2C549&ssl=1\",\"width\":883,\"height\":549},{\"@type\":\"BreadcrumbList\",\"@id\":\"https:\\\/\\\/radiotordera.cat\\\/radio\\\/?p=76761#breadcrumb\",\"itemListElement\":[{\"@type\":\"ListItem\",\"position\":1,\"name\":\"Inici\",\"item\":\"https:\\\/\\\/radiotordera.cat\\\/radio\\\/\"},{\"@type\":\"ListItem\",\"position\":2,\"name\":\"L\u2019atur puja a Tordera en 51 persones el mes d\u2019Octubre\"}]},{\"@type\":\"WebSite\",\"@id\":\"https:\\\/\\\/radiotordera.cat\\\/radio\\\/#website\",\"url\":\"https:\\\/\\\/radiotordera.cat\\\/radio\\\/\",\"name\":\"R\u00e0dio Tordera\",\"description\":\"R\u00e0dio Tordera Online\",\"publisher\":{\"@id\":\"https:\\\/\\\/radiotordera.cat\\\/radio\\\/#organization\"},\"potentialAction\":[{\"@type\":\"SearchAction\",\"target\":{\"@type\":\"EntryPoint\",\"urlTemplate\":\"https:\\\/\\\/radiotordera.cat\\\/radio\\\/?s={search_term_string}\"},\"query-input\":{\"@type\":\"PropertyValueSpecification\",\"valueRequired\":true,\"valueName\":\"search_term_string\"}}],\"inLanguage\":\"ca\"},{\"@type\":\"Organization\",\"@id\":\"https:\\\/\\\/radiotordera.cat\\\/radio\\\/#organization\",\"name\":\"R\u00e0dio Tordera\",\"url\":\"https:\\\/\\\/radiotordera.cat\\\/radio\\\/\",\"logo\":{\"@type\":\"ImageObject\",\"inLanguage\":\"ca\",\"@id\":\"https:\\\/\\\/radiotordera.cat\\\/radio\\\/#\\\/schema\\\/logo\\\/image\\\/\",\"url\":\"https:\\\/\\\/i0.wp.com\\\/radiotordera.cat\\\/radio\\\/wp-content\\\/uploads\\\/2016\\\/11\\\/logo-vermell.jpg?fit=567%2C613&ssl=1\",\"contentUrl\":\"https:\\\/\\\/i0.wp.com\\\/radiotordera.cat\\\/radio\\\/wp-content\\\/uploads\\\/2016\\\/11\\\/logo-vermell.jpg?fit=567%2C613&ssl=1\",\"width\":567,\"height\":613,\"caption\":\"R\u00e0dio Tordera\"},\"image\":{\"@id\":\"https:\\\/\\\/radiotordera.cat\\\/radio\\\/#\\\/schema\\\/logo\\\/image\\\/\"}},{\"@type\":\"Person\",\"@id\":\"https:\\\/\\\/radiotordera.cat\\\/radio\\\/#\\\/schema\\\/person\\\/b18ceddf42b8cc42686947e405e4a2d7\",\"name\":\"admin\",\"url\":\"https:\\\/\\\/radiotordera.cat\\\/radio\\\/?author=9\"}]}<\/script>\n<!-- \/ Yoast SEO plugin. -->","yoast_head_json":{"title":"L\u2019atur puja a Tordera en 51 persones el mes d\u2019Octubre - R\u00e0dio Tordera","robots":{"index":"index","follow":"follow","max-snippet":"max-snippet:-1","max-image-preview":"max-image-preview:large","max-video-preview":"max-video-preview:-1"},"canonical":"https:\/\/radiotordera.cat\/radio\/?p=76761","og_locale":"ca_ES","og_type":"article","og_title":"L\u2019atur puja a Tordera en 51 persones el mes d\u2019Octubre - R\u00e0dio Tordera","og_description":"Puja l\u2019atur a Tordera i a la comarca durant el mes d\u2019Octubre. \u00c9s el segon mes consecutiu que s\u2019incrementa el nombre d\u2019aturats al municipi. A Tordera, el nombre de persones aturades durant el mes d\u2019octubre ha crescut en 51 persones, una pujada de 4,6% respecte el mes anterior. Ara hi ha un total de 1.158 [&hellip;]","og_url":"https:\/\/radiotordera.cat\/radio\/?p=76761","og_site_name":"R\u00e0dio Tordera","article_published_time":"2019-11-11T12:07:05+00:00","og_image":[{"width":883,"height":549,"url":"https:\/\/i0.wp.com\/radiotordera.cat\/radio\/wp-content\/uploads\/2019\/11\/atur-octubre-19.jpg?fit=883%2C549&ssl=1","type":"image\/jpeg"}],"author":"admin","twitter_card":"summary_large_image","twitter_misc":{"Escrit per":"admin","Temps estimat de lectura":"1 minut"},"schema":{"@context":"https:\/\/schema.org","@graph":[{"@type":"Article","@id":"https:\/\/radiotordera.cat\/radio\/?p=76761#article","isPartOf":{"@id":"https:\/\/radiotordera.cat\/radio\/?p=76761"},"author":{"name":"admin","@id":"https:\/\/radiotordera.cat\/radio\/#\/schema\/person\/b18ceddf42b8cc42686947e405e4a2d7"},"headline":"L\u2019atur puja a Tordera en 51 persones el mes d\u2019Octubre","datePublished":"2019-11-11T12:07:05+00:00","mainEntityOfPage":{"@id":"https:\/\/radiotordera.cat\/radio\/?p=76761"},"wordCount":223,"publisher":{"@id":"https:\/\/radiotordera.cat\/radio\/#organization"},"image":{"@id":"https:\/\/radiotordera.cat\/radio\/?p=76761#primaryimage"},"thumbnailUrl":"https:\/\/i0.wp.com\/radiotordera.cat\/radio\/wp-content\/uploads\/2019\/11\/atur-octubre-19.jpg?fit=883%2C549&ssl=1","articleSection":["Societat"],"inLanguage":"ca"},{"@type":"WebPage","@id":"https:\/\/radiotordera.cat\/radio\/?p=76761","url":"https:\/\/radiotordera.cat\/radio\/?p=76761","name":"L\u2019atur puja a Tordera en 51 persones el mes d\u2019Octubre - R\u00e0dio Tordera","isPartOf":{"@id":"https:\/\/radiotordera.cat\/radio\/#website"},"primaryImageOfPage":{"@id":"https:\/\/radiotordera.cat\/radio\/?p=76761#primaryimage"},"image":{"@id":"https:\/\/radiotordera.cat\/radio\/?p=76761#primaryimage"},"thumbnailUrl":"https:\/\/i0.wp.com\/radiotordera.cat\/radio\/wp-content\/uploads\/2019\/11\/atur-octubre-19.jpg?fit=883%2C549&ssl=1","datePublished":"2019-11-11T12:07:05+00:00","breadcrumb":{"@id":"https:\/\/radiotordera.cat\/radio\/?p=76761#breadcrumb"},"inLanguage":"ca","potentialAction":[{"@type":"ReadAction","target":["https:\/\/radiotordera.cat\/radio\/?p=76761"]}]},{"@type":"ImageObject","inLanguage":"ca","@id":"https:\/\/radiotordera.cat\/radio\/?p=76761#primaryimage","url":"https:\/\/i0.wp.com\/radiotordera.cat\/radio\/wp-content\/uploads\/2019\/11\/atur-octubre-19.jpg?fit=883%2C549&ssl=1","contentUrl":"https:\/\/i0.wp.com\/radiotordera.cat\/radio\/wp-content\/uploads\/2019\/11\/atur-octubre-19.jpg?fit=883%2C549&ssl=1","width":883,"height":549},{"@type":"BreadcrumbList","@id":"https:\/\/radiotordera.cat\/radio\/?p=76761#breadcrumb","itemListElement":[{"@type":"ListItem","position":1,"name":"Inici","item":"https:\/\/radiotordera.cat\/radio\/"},{"@type":"ListItem","position":2,"name":"L\u2019atur puja a Tordera en 51 persones el mes d\u2019Octubre"}]},{"@type":"WebSite","@id":"https:\/\/radiotordera.cat\/radio\/#website","url":"https:\/\/radiotordera.cat\/radio\/","name":"R\u00e0dio Tordera","description":"R\u00e0dio Tordera Online","publisher":{"@id":"https:\/\/radiotordera.cat\/radio\/#organization"},"potentialAction":[{"@type":"SearchAction","target":{"@type":"EntryPoint","urlTemplate":"https:\/\/radiotordera.cat\/radio\/?s={search_term_string}"},"query-input":{"@type":"PropertyValueSpecification","valueRequired":true,"valueName":"search_term_string"}}],"inLanguage":"ca"},{"@type":"Organization","@id":"https:\/\/radiotordera.cat\/radio\/#organization","name":"R\u00e0dio Tordera","url":"https:\/\/radiotordera.cat\/radio\/","logo":{"@type":"ImageObject","inLanguage":"ca","@id":"https:\/\/radiotordera.cat\/radio\/#\/schema\/logo\/image\/","url":"https:\/\/i0.wp.com\/radiotordera.cat\/radio\/wp-content\/uploads\/2016\/11\/logo-vermell.jpg?fit=567%2C613&ssl=1","contentUrl":"https:\/\/i0.wp.com\/radiotordera.cat\/radio\/wp-content\/uploads\/2016\/11\/logo-vermell.jpg?fit=567%2C613&ssl=1","width":567,"height":613,"caption":"R\u00e0dio Tordera"},"image":{"@id":"https:\/\/radiotordera.cat\/radio\/#\/schema\/logo\/image\/"}},{"@type":"Person","@id":"https:\/\/radiotordera.cat\/radio\/#\/schema\/person\/b18ceddf42b8cc42686947e405e4a2d7","name":"admin","url":"https:\/\/radiotordera.cat\/radio\/?author=9"}]}},"jetpack_featured_media_url":"https:\/\/i0.wp.com\/radiotordera.cat\/radio\/wp-content\/uploads\/2019\/11\/atur-octubre-19.jpg?fit=883%2C549&ssl=1","jetpack_sharing_enabled":true,"_links":{"self":[{"href":"https:\/\/radiotordera.cat\/radio\/index.php?rest_route=\/wp\/v2\/posts\/76761","targetHints":{"allow":["GET"]}}],"collection":[{"href":"https:\/\/radiotordera.cat\/radio\/index.php?rest_route=\/wp\/v2\/posts"}],"about":[{"href":"https:\/\/radiotordera.cat\/radio\/index.php?rest_route=\/wp\/v2\/types\/post"}],"author":[{"embeddable":true,"href":"https:\/\/radiotordera.cat\/radio\/index.php?rest_route=\/wp\/v2\/users\/9"}],"replies":[{"embeddable":true,"href":"https:\/\/radiotordera.cat\/radio\/index.php?rest_route=%2Fwp%2Fv2%2Fcomments&post=76761"}],"version-history":[{"count":1,"href":"https:\/\/radiotordera.cat\/radio\/index.php?rest_route=\/wp\/v2\/posts\/76761\/revisions"}],"predecessor-version":[{"id":76763,"href":"https:\/\/radiotordera.cat\/radio\/index.php?rest_route=\/wp\/v2\/posts\/76761\/revisions\/76763"}],"wp:featuredmedia":[{"embeddable":true,"href":"https:\/\/radiotordera.cat\/radio\/index.php?rest_route=\/wp\/v2\/media\/76762"}],"wp:attachment":[{"href":"https:\/\/radiotordera.cat\/radio\/index.php?rest_route=%2Fwp%2Fv2%2Fmedia&parent=76761"}],"wp:term":[{"taxonomy":"category","embeddable":true,"href":"https:\/\/radiotordera.cat\/radio\/index.php?rest_route=%2Fwp%2Fv2%2Fcategories&post=76761"},{"taxonomy":"post_tag","embeddable":true,"href":"https:\/\/radiotordera.cat\/radio\/index.php?rest_route=%2Fwp%2Fv2%2Ftags&post=76761"}],"curies":[{"name":"wp","href":"https:\/\/api.w.org\/{rel}","templated":true}]}}