{"id":60409,"date":"2018-01-12T13:16:52","date_gmt":"2018-01-12T12:16:52","guid":{"rendered":"http:\/\/radiotordera.cat\/radio\/?p=60409"},"modified":"2018-01-12T13:17:20","modified_gmt":"2018-01-12T12:17:20","slug":"obre-lexposicio-estima-laigua-cada-gota-compta","status":"publish","type":"post","link":"https:\/\/radiotordera.cat\/radio\/?p=60409","title":{"rendered":"Obre l\u2019exposici\u00f3 \u00abEstima l&#8217;aigua, cada gota compta\u00bb"},"content":{"rendered":"<p><a href=\"https:\/\/i0.wp.com\/radiotordera.cat\/radio\/wp-content\/uploads\/2018\/01\/estima-aigua.jpg?ssl=1\"><img data-recalc-dims=\"1\" loading=\"lazy\" decoding=\"async\" class=\"alignleft size-medium wp-image-60410\" src=\"https:\/\/i0.wp.com\/radiotordera.cat\/radio\/wp-content\/uploads\/2018\/01\/estima-aigua.jpg?resize=200%2C170&#038;ssl=1\" alt=\"estima aigua\" width=\"200\" height=\"170\" srcset=\"https:\/\/i0.wp.com\/radiotordera.cat\/radio\/wp-content\/uploads\/2018\/01\/estima-aigua.jpg?resize=200%2C170&amp;ssl=1 200w, https:\/\/i0.wp.com\/radiotordera.cat\/radio\/wp-content\/uploads\/2018\/01\/estima-aigua.jpg?w=667&amp;ssl=1 667w\" sizes=\"auto, (max-width: 200px) 100vw, 200px\" \/><\/a>La biblioteca de Tordera acull des de dilluns una exposici\u00f3 sobre la nova cultura de l\u2019Aigua. La mostra que porta per t\u00edtol, \u201cEstima l&#8217;aigua, cada gota compta\u201d busca la reflexi\u00f3 a l\u2019entorn del cicle de l\u2019aigua. Parla del malbaratament i de les responsabilitats, tant des del punt de vista de la ciutadania com de l\u2019administraci\u00f3.&nbsp;<\/p>\n<p>L\u2019exposici\u00f3 convida a la reflexi\u00f3 sobre el consum racional d\u2019aigua. Nom\u00e9s un 3% de l\u2019aigua del planeta \u00e9s dol\u00e7a i d\u2019aquesta nom\u00e9s l\u20191,1% \u00e9s apta per al consum hum\u00e0. Per tant \u00e9s un b\u00e9 esc\u00e0s que cal utilitzar de manera responsable i mesurada i en aquest sentit, la mostra ofereix consells senzills que podem aplicar en les nostres accions m\u00e9s quotidianes i que ens permetran reduir fins el 50% el consum d\u2019aigua. Tancar l\u2019aixeta mentre ens rentem les dents o ens afaitem, no utilitzar la rentadora o el rentavaixelles fins que estiguin del tot plens o canviar els banys per les dutxes, s\u00f3n alguns dels consells que ofereix l\u2019Ag\u00e8ncia Catalana de l\u2019Aigua per estalviar aigua.<\/p>\n<p>L\u2019exposici\u00f3 es podr\u00e0 visitar fins el 31 de gener, en l\u2019horari habitual de la biblioteca.<\/p>\n","protected":false},"excerpt":{"rendered":"<p>La biblioteca de Tordera acull des de dilluns una exposici\u00f3 sobre la nova cultura de l\u2019Aigua. La mostra que porta per t\u00edtol, \u201cEstima l&#8217;aigua, cada gota compta\u201d busca la reflexi\u00f3 a l\u2019entorn del cicle de l\u2019aigua. Parla del malbaratament i de les responsabilitats, tant des del punt de vista de la ciutadania com de l\u2019administraci\u00f3.&nbsp; [&hellip;]<\/p>\n","protected":false},"author":9,"featured_media":60410,"comment_status":"closed","ping_status":"open","sticky":false,"template":"","format":"standard","meta":{"_jetpack_newsletter_access":"","_jetpack_dont_email_post_to_subs":false,"_jetpack_newsletter_tier_id":0,"_jetpack_memberships_contains_paywalled_content":false,"_jetpack_memberships_contains_paid_content":false,"footnotes":"","jetpack_post_was_ever_published":false},"categories":[41],"tags":[],"class_list":["post-60409","post","type-post","status-publish","format-standard","has-post-thumbnail","category-medi-ambient"],"yoast_head":"<!-- This site is optimized with the Yoast SEO plugin v28.2 - https:\/\/yoast.com\/product\/yoast-seo-wordpress\/ -->\n<title>Obre l\u2019exposici\u00f3 &quot;Estima l&#039;aigua, cada gota compta&quot; - R\u00e0dio Tordera<\/title>\n<meta name=\"robots\" content=\"index, follow, max-snippet:-1, max-image-preview:large, max-video-preview:-1\" \/>\n<link rel=\"canonical\" href=\"https:\/\/radiotordera.cat\/radio\/?p=60409\" \/>\n<meta property=\"og:locale\" content=\"ca_ES\" \/>\n<meta property=\"og:type\" content=\"article\" \/>\n<meta property=\"og:title\" content=\"Obre l\u2019exposici\u00f3 &quot;Estima l&#039;aigua, cada gota compta&quot; - R\u00e0dio Tordera\" \/>\n<meta property=\"og:description\" content=\"La biblioteca de Tordera acull des de dilluns una exposici\u00f3 sobre la nova cultura de l\u2019Aigua. La mostra que porta per t\u00edtol, \u201cEstima l&#8217;aigua, cada gota compta\u201d busca la reflexi\u00f3 a l\u2019entorn del cicle de l\u2019aigua. Parla del malbaratament i de les responsabilitats, tant des del punt de vista de la ciutadania com de l\u2019administraci\u00f3.&nbsp; [&hellip;]\" \/>\n<meta property=\"og:url\" content=\"https:\/\/radiotordera.cat\/radio\/?p=60409\" \/>\n<meta property=\"og:site_name\" content=\"R\u00e0dio Tordera\" \/>\n<meta property=\"article:published_time\" content=\"2018-01-12T12:16:52+00:00\" \/>\n<meta property=\"article:modified_time\" content=\"2018-01-12T12:17:20+00:00\" \/>\n<meta property=\"og:image\" content=\"https:\/\/i0.wp.com\/radiotordera.cat\/radio\/wp-content\/uploads\/2018\/01\/estima-aigua.jpg?fit=667%2C567&ssl=1\" \/>\n\t<meta property=\"og:image:width\" content=\"667\" \/>\n\t<meta property=\"og:image:height\" content=\"567\" \/>\n\t<meta property=\"og:image:type\" content=\"image\/jpeg\" \/>\n<meta name=\"author\" content=\"admin\" \/>\n<meta name=\"twitter:card\" content=\"summary_large_image\" \/>\n<meta name=\"twitter:label1\" content=\"Escrit per\" \/>\n\t<meta name=\"twitter:data1\" content=\"admin\" \/>\n\t<meta name=\"twitter:label2\" content=\"Temps estimat de lectura\" \/>\n\t<meta name=\"twitter:data2\" content=\"1 minut\" \/>\n<script type=\"application\/ld+json\" class=\"yoast-schema-graph\">{\"@context\":\"https:\\\/\\\/schema.org\",\"@graph\":[{\"@type\":\"Article\",\"@id\":\"https:\\\/\\\/radiotordera.cat\\\/radio\\\/?p=60409#article\",\"isPartOf\":{\"@id\":\"https:\\\/\\\/radiotordera.cat\\\/radio\\\/?p=60409\"},\"author\":{\"name\":\"admin\",\"@id\":\"https:\\\/\\\/radiotordera.cat\\\/radio\\\/#\\\/schema\\\/person\\\/b18ceddf42b8cc42686947e405e4a2d7\"},\"headline\":\"Obre l\u2019exposici\u00f3 \u00abEstima l&#8217;aigua, cada gota compta\u00bb\",\"datePublished\":\"2018-01-12T12:16:52+00:00\",\"dateModified\":\"2018-01-12T12:17:20+00:00\",\"mainEntityOfPage\":{\"@id\":\"https:\\\/\\\/radiotordera.cat\\\/radio\\\/?p=60409\"},\"wordCount\":215,\"publisher\":{\"@id\":\"https:\\\/\\\/radiotordera.cat\\\/radio\\\/#organization\"},\"image\":{\"@id\":\"https:\\\/\\\/radiotordera.cat\\\/radio\\\/?p=60409#primaryimage\"},\"thumbnailUrl\":\"https:\\\/\\\/i0.wp.com\\\/radiotordera.cat\\\/radio\\\/wp-content\\\/uploads\\\/2018\\\/01\\\/estima-aigua.jpg?fit=667%2C567&ssl=1\",\"articleSection\":[\"Medi ambient\"],\"inLanguage\":\"ca\"},{\"@type\":\"WebPage\",\"@id\":\"https:\\\/\\\/radiotordera.cat\\\/radio\\\/?p=60409\",\"url\":\"https:\\\/\\\/radiotordera.cat\\\/radio\\\/?p=60409\",\"name\":\"Obre l\u2019exposici\u00f3 \\\"Estima l'aigua, cada gota compta\\\" - R\u00e0dio Tordera\",\"isPartOf\":{\"@id\":\"https:\\\/\\\/radiotordera.cat\\\/radio\\\/#website\"},\"primaryImageOfPage\":{\"@id\":\"https:\\\/\\\/radiotordera.cat\\\/radio\\\/?p=60409#primaryimage\"},\"image\":{\"@id\":\"https:\\\/\\\/radiotordera.cat\\\/radio\\\/?p=60409#primaryimage\"},\"thumbnailUrl\":\"https:\\\/\\\/i0.wp.com\\\/radiotordera.cat\\\/radio\\\/wp-content\\\/uploads\\\/2018\\\/01\\\/estima-aigua.jpg?fit=667%2C567&ssl=1\",\"datePublished\":\"2018-01-12T12:16:52+00:00\",\"dateModified\":\"2018-01-12T12:17:20+00:00\",\"breadcrumb\":{\"@id\":\"https:\\\/\\\/radiotordera.cat\\\/radio\\\/?p=60409#breadcrumb\"},\"inLanguage\":\"ca\",\"potentialAction\":[{\"@type\":\"ReadAction\",\"target\":[\"https:\\\/\\\/radiotordera.cat\\\/radio\\\/?p=60409\"]}]},{\"@type\":\"ImageObject\",\"inLanguage\":\"ca\",\"@id\":\"https:\\\/\\\/radiotordera.cat\\\/radio\\\/?p=60409#primaryimage\",\"url\":\"https:\\\/\\\/i0.wp.com\\\/radiotordera.cat\\\/radio\\\/wp-content\\\/uploads\\\/2018\\\/01\\\/estima-aigua.jpg?fit=667%2C567&ssl=1\",\"contentUrl\":\"https:\\\/\\\/i0.wp.com\\\/radiotordera.cat\\\/radio\\\/wp-content\\\/uploads\\\/2018\\\/01\\\/estima-aigua.jpg?fit=667%2C567&ssl=1\",\"width\":667,\"height\":567},{\"@type\":\"BreadcrumbList\",\"@id\":\"https:\\\/\\\/radiotordera.cat\\\/radio\\\/?p=60409#breadcrumb\",\"itemListElement\":[{\"@type\":\"ListItem\",\"position\":1,\"name\":\"Inici\",\"item\":\"https:\\\/\\\/radiotordera.cat\\\/radio\\\/\"},{\"@type\":\"ListItem\",\"position\":2,\"name\":\"Obre l\u2019exposici\u00f3 \u00abEstima l&#8217;aigua, cada gota compta\u00bb\"}]},{\"@type\":\"WebSite\",\"@id\":\"https:\\\/\\\/radiotordera.cat\\\/radio\\\/#website\",\"url\":\"https:\\\/\\\/radiotordera.cat\\\/radio\\\/\",\"name\":\"R\u00e0dio Tordera\",\"description\":\"R\u00e0dio Tordera Online\",\"publisher\":{\"@id\":\"https:\\\/\\\/radiotordera.cat\\\/radio\\\/#organization\"},\"potentialAction\":[{\"@type\":\"SearchAction\",\"target\":{\"@type\":\"EntryPoint\",\"urlTemplate\":\"https:\\\/\\\/radiotordera.cat\\\/radio\\\/?s={search_term_string}\"},\"query-input\":{\"@type\":\"PropertyValueSpecification\",\"valueRequired\":true,\"valueName\":\"search_term_string\"}}],\"inLanguage\":\"ca\"},{\"@type\":\"Organization\",\"@id\":\"https:\\\/\\\/radiotordera.cat\\\/radio\\\/#organization\",\"name\":\"R\u00e0dio Tordera\",\"url\":\"https:\\\/\\\/radiotordera.cat\\\/radio\\\/\",\"logo\":{\"@type\":\"ImageObject\",\"inLanguage\":\"ca\",\"@id\":\"https:\\\/\\\/radiotordera.cat\\\/radio\\\/#\\\/schema\\\/logo\\\/image\\\/\",\"url\":\"https:\\\/\\\/i0.wp.com\\\/radiotordera.cat\\\/radio\\\/wp-content\\\/uploads\\\/2016\\\/11\\\/logo-vermell.jpg?fit=567%2C613&ssl=1\",\"contentUrl\":\"https:\\\/\\\/i0.wp.com\\\/radiotordera.cat\\\/radio\\\/wp-content\\\/uploads\\\/2016\\\/11\\\/logo-vermell.jpg?fit=567%2C613&ssl=1\",\"width\":567,\"height\":613,\"caption\":\"R\u00e0dio Tordera\"},\"image\":{\"@id\":\"https:\\\/\\\/radiotordera.cat\\\/radio\\\/#\\\/schema\\\/logo\\\/image\\\/\"}},{\"@type\":\"Person\",\"@id\":\"https:\\\/\\\/radiotordera.cat\\\/radio\\\/#\\\/schema\\\/person\\\/b18ceddf42b8cc42686947e405e4a2d7\",\"name\":\"admin\",\"url\":\"https:\\\/\\\/radiotordera.cat\\\/radio\\\/?author=9\"}]}<\/script>\n<!-- \/ Yoast SEO plugin. -->","yoast_head_json":{"title":"Obre l\u2019exposici\u00f3 \"Estima l'aigua, cada gota compta\" - R\u00e0dio Tordera","robots":{"index":"index","follow":"follow","max-snippet":"max-snippet:-1","max-image-preview":"max-image-preview:large","max-video-preview":"max-video-preview:-1"},"canonical":"https:\/\/radiotordera.cat\/radio\/?p=60409","og_locale":"ca_ES","og_type":"article","og_title":"Obre l\u2019exposici\u00f3 \"Estima l'aigua, cada gota compta\" - R\u00e0dio Tordera","og_description":"La biblioteca de Tordera acull des de dilluns una exposici\u00f3 sobre la nova cultura de l\u2019Aigua. La mostra que porta per t\u00edtol, \u201cEstima l&#8217;aigua, cada gota compta\u201d busca la reflexi\u00f3 a l\u2019entorn del cicle de l\u2019aigua. Parla del malbaratament i de les responsabilitats, tant des del punt de vista de la ciutadania com de l\u2019administraci\u00f3.&nbsp; [&hellip;]","og_url":"https:\/\/radiotordera.cat\/radio\/?p=60409","og_site_name":"R\u00e0dio Tordera","article_published_time":"2018-01-12T12:16:52+00:00","article_modified_time":"2018-01-12T12:17:20+00:00","og_image":[{"width":667,"height":567,"url":"https:\/\/i0.wp.com\/radiotordera.cat\/radio\/wp-content\/uploads\/2018\/01\/estima-aigua.jpg?fit=667%2C567&ssl=1","type":"image\/jpeg"}],"author":"admin","twitter_card":"summary_large_image","twitter_misc":{"Escrit per":"admin","Temps estimat de lectura":"1 minut"},"schema":{"@context":"https:\/\/schema.org","@graph":[{"@type":"Article","@id":"https:\/\/radiotordera.cat\/radio\/?p=60409#article","isPartOf":{"@id":"https:\/\/radiotordera.cat\/radio\/?p=60409"},"author":{"name":"admin","@id":"https:\/\/radiotordera.cat\/radio\/#\/schema\/person\/b18ceddf42b8cc42686947e405e4a2d7"},"headline":"Obre l\u2019exposici\u00f3 \u00abEstima l&#8217;aigua, cada gota compta\u00bb","datePublished":"2018-01-12T12:16:52+00:00","dateModified":"2018-01-12T12:17:20+00:00","mainEntityOfPage":{"@id":"https:\/\/radiotordera.cat\/radio\/?p=60409"},"wordCount":215,"publisher":{"@id":"https:\/\/radiotordera.cat\/radio\/#organization"},"image":{"@id":"https:\/\/radiotordera.cat\/radio\/?p=60409#primaryimage"},"thumbnailUrl":"https:\/\/i0.wp.com\/radiotordera.cat\/radio\/wp-content\/uploads\/2018\/01\/estima-aigua.jpg?fit=667%2C567&ssl=1","articleSection":["Medi ambient"],"inLanguage":"ca"},{"@type":"WebPage","@id":"https:\/\/radiotordera.cat\/radio\/?p=60409","url":"https:\/\/radiotordera.cat\/radio\/?p=60409","name":"Obre l\u2019exposici\u00f3 \"Estima l'aigua, cada gota compta\" - R\u00e0dio Tordera","isPartOf":{"@id":"https:\/\/radiotordera.cat\/radio\/#website"},"primaryImageOfPage":{"@id":"https:\/\/radiotordera.cat\/radio\/?p=60409#primaryimage"},"image":{"@id":"https:\/\/radiotordera.cat\/radio\/?p=60409#primaryimage"},"thumbnailUrl":"https:\/\/i0.wp.com\/radiotordera.cat\/radio\/wp-content\/uploads\/2018\/01\/estima-aigua.jpg?fit=667%2C567&ssl=1","datePublished":"2018-01-12T12:16:52+00:00","dateModified":"2018-01-12T12:17:20+00:00","breadcrumb":{"@id":"https:\/\/radiotordera.cat\/radio\/?p=60409#breadcrumb"},"inLanguage":"ca","potentialAction":[{"@type":"ReadAction","target":["https:\/\/radiotordera.cat\/radio\/?p=60409"]}]},{"@type":"ImageObject","inLanguage":"ca","@id":"https:\/\/radiotordera.cat\/radio\/?p=60409#primaryimage","url":"https:\/\/i0.wp.com\/radiotordera.cat\/radio\/wp-content\/uploads\/2018\/01\/estima-aigua.jpg?fit=667%2C567&ssl=1","contentUrl":"https:\/\/i0.wp.com\/radiotordera.cat\/radio\/wp-content\/uploads\/2018\/01\/estima-aigua.jpg?fit=667%2C567&ssl=1","width":667,"height":567},{"@type":"BreadcrumbList","@id":"https:\/\/radiotordera.cat\/radio\/?p=60409#breadcrumb","itemListElement":[{"@type":"ListItem","position":1,"name":"Inici","item":"https:\/\/radiotordera.cat\/radio\/"},{"@type":"ListItem","position":2,"name":"Obre l\u2019exposici\u00f3 \u00abEstima l&#8217;aigua, cada gota compta\u00bb"}]},{"@type":"WebSite","@id":"https:\/\/radiotordera.cat\/radio\/#website","url":"https:\/\/radiotordera.cat\/radio\/","name":"R\u00e0dio Tordera","description":"R\u00e0dio Tordera Online","publisher":{"@id":"https:\/\/radiotordera.cat\/radio\/#organization"},"potentialAction":[{"@type":"SearchAction","target":{"@type":"EntryPoint","urlTemplate":"https:\/\/radiotordera.cat\/radio\/?s={search_term_string}"},"query-input":{"@type":"PropertyValueSpecification","valueRequired":true,"valueName":"search_term_string"}}],"inLanguage":"ca"},{"@type":"Organization","@id":"https:\/\/radiotordera.cat\/radio\/#organization","name":"R\u00e0dio Tordera","url":"https:\/\/radiotordera.cat\/radio\/","logo":{"@type":"ImageObject","inLanguage":"ca","@id":"https:\/\/radiotordera.cat\/radio\/#\/schema\/logo\/image\/","url":"https:\/\/i0.wp.com\/radiotordera.cat\/radio\/wp-content\/uploads\/2016\/11\/logo-vermell.jpg?fit=567%2C613&ssl=1","contentUrl":"https:\/\/i0.wp.com\/radiotordera.cat\/radio\/wp-content\/uploads\/2016\/11\/logo-vermell.jpg?fit=567%2C613&ssl=1","width":567,"height":613,"caption":"R\u00e0dio Tordera"},"image":{"@id":"https:\/\/radiotordera.cat\/radio\/#\/schema\/logo\/image\/"}},{"@type":"Person","@id":"https:\/\/radiotordera.cat\/radio\/#\/schema\/person\/b18ceddf42b8cc42686947e405e4a2d7","name":"admin","url":"https:\/\/radiotordera.cat\/radio\/?author=9"}]}},"jetpack_featured_media_url":"https:\/\/i0.wp.com\/radiotordera.cat\/radio\/wp-content\/uploads\/2018\/01\/estima-aigua.jpg?fit=667%2C567&ssl=1","jetpack_sharing_enabled":true,"_links":{"self":[{"href":"https:\/\/radiotordera.cat\/radio\/index.php?rest_route=\/wp\/v2\/posts\/60409","targetHints":{"allow":["GET"]}}],"collection":[{"href":"https:\/\/radiotordera.cat\/radio\/index.php?rest_route=\/wp\/v2\/posts"}],"about":[{"href":"https:\/\/radiotordera.cat\/radio\/index.php?rest_route=\/wp\/v2\/types\/post"}],"author":[{"embeddable":true,"href":"https:\/\/radiotordera.cat\/radio\/index.php?rest_route=\/wp\/v2\/users\/9"}],"replies":[{"embeddable":true,"href":"https:\/\/radiotordera.cat\/radio\/index.php?rest_route=%2Fwp%2Fv2%2Fcomments&post=60409"}],"version-history":[{"count":2,"href":"https:\/\/radiotordera.cat\/radio\/index.php?rest_route=\/wp\/v2\/posts\/60409\/revisions"}],"predecessor-version":[{"id":60412,"href":"https:\/\/radiotordera.cat\/radio\/index.php?rest_route=\/wp\/v2\/posts\/60409\/revisions\/60412"}],"wp:featuredmedia":[{"embeddable":true,"href":"https:\/\/radiotordera.cat\/radio\/index.php?rest_route=\/wp\/v2\/media\/60410"}],"wp:attachment":[{"href":"https:\/\/radiotordera.cat\/radio\/index.php?rest_route=%2Fwp%2Fv2%2Fmedia&parent=60409"}],"wp:term":[{"taxonomy":"category","embeddable":true,"href":"https:\/\/radiotordera.cat\/radio\/index.php?rest_route=%2Fwp%2Fv2%2Fcategories&post=60409"},{"taxonomy":"post_tag","embeddable":true,"href":"https:\/\/radiotordera.cat\/radio\/index.php?rest_route=%2Fwp%2Fv2%2Ftags&post=60409"}],"curies":[{"name":"wp","href":"https:\/\/api.w.org\/{rel}","templated":true}]}}