{"id":55053,"date":"2017-05-24T13:26:54","date_gmt":"2017-05-24T11:26:54","guid":{"rendered":"http:\/\/radiotordera.cat\/radio\/?p=55053"},"modified":"2017-05-24T13:26:54","modified_gmt":"2017-05-24T11:26:54","slug":"el-consell-comarcal-crea-lagencia-de-boscos-del-maresme","status":"publish","type":"post","link":"https:\/\/radiotordera.cat\/radio\/?p=55053","title":{"rendered":"El Consell Comarcal crea l&#8217;Ag\u00e8ncia de Boscos del Maresme"},"content":{"rendered":"<p><a href=\"https:\/\/i0.wp.com\/radiotordera.cat\/radio\/wp-content\/uploads\/2015\/06\/consell-comarcal-maresme.jpg?ssl=1\"><img data-recalc-dims=\"1\" loading=\"lazy\" decoding=\"async\" class=\"alignleft size-medium wp-image-38083\" src=\"https:\/\/i0.wp.com\/radiotordera.cat\/radio\/wp-content\/uploads\/2015\/06\/consell-comarcal-maresme.jpg?resize=200%2C126&#038;ssl=1\" alt=\"consell comarcal maresme\" height=\"126\" width=\"200\" srcset=\"https:\/\/i0.wp.com\/radiotordera.cat\/radio\/wp-content\/uploads\/2015\/06\/consell-comarcal-maresme.jpg?resize=200%2C126&amp;ssl=1 200w, https:\/\/i0.wp.com\/radiotordera.cat\/radio\/wp-content\/uploads\/2015\/06\/consell-comarcal-maresme.jpg?w=756&amp;ssl=1 756w\" sizes=\"auto, (max-width: 200px) 100vw, 200px\" \/><\/a>El Ple del Consell Comarcal del Maresme va aprovar crear&nbsp; l&#8217;Ag\u00e8ncia de Boscos del Maresme. Es tracta d\u2019un servei per donar suport t\u00e8cnic i col\u00b7laborar amb els Ajuntaments i associacions de propietaris en la preservaci\u00f3 de la massa forestal que es troba greument afectada pel canvi clim\u00e0tic i l&#8217;acci\u00f3 del Tomicus.<\/p>\n<p>Els darrers controls apunten que 800 hect\u00e0rees de pi pinyer estan greument afectades per l&#8217;acci\u00f3 de l&#8217;escarabat al Maresme Centre. A m\u00e9s, la seva expansi\u00f3 cap al Maresme Nord \u00e9s for\u00e7a r\u00e0pida i, si no hi ha actuacions d&#8217;urg\u00e8ncia, en un parell d&#8217;anys la plaga arribar\u00e0 als municipis de La Selva. La implicaci\u00f3 de la Generalitat i la Diputaci\u00f3 amb aportacions extraordin\u00e0ries ha perm\u00e8s comen\u00e7ar a actuar extraient i retirant pins morts. Aquests ajuts, per\u00f2, nom\u00e9s han perm\u00e8s intervenir en un 10% del territori afectat. El coordinador de Medi Ambient del Consell Comarcal, Fernando Cabello, ha explicat que l\u2019objectiu de l\u2019Ag\u00e8ncia \u00e9s canalitzar millor les subvencions.<\/p>\n<p><a href=\"https:\/\/radiotordera.cat\/radio\/wp-content\/uploads\/2017\/05\/agencia-boscos-1.mp3\">agencia boscos 1<\/a><\/p>\n<p>El Consell Comarcal &nbsp;posa l&#8217;Ag\u00e8ncia de Boscos a l&#8217;abast dels Ajuntaments, les associacions de propietaris, la Generalitat i la Diputaci\u00f3 per facilitar una actuaci\u00f3 coordinada en el territori i buscar el m\u00e0xim de recursos.&nbsp;Entre altres fites, s&#8217;ha marcat aconseguir m\u00e9s recursos econ\u00f2mics, promoure la contractaci\u00f3 agregada dels treballs forestals per aconseguir preus m\u00e9s competitius, fomentar els acords de cust\u00f2dia per a la gesti\u00f3 de les finques p\u00fabliques i privades i formar t\u00e8cnics i professionals.<\/p>\n<p><a href=\"https:\/\/radiotordera.cat\/radio\/wp-content\/uploads\/2017\/05\/agencia-boscos-2.mp3\">agencia boscos 2<\/a><\/p>\n<p>La creaci\u00f3 d&#8217;aquest nou servei que tamb\u00e9 tindr\u00e0 altres \u00e0mbits d&#8217;actuaci\u00f3, com la preservaci\u00f3 de les rieres, va ser refrendada per tots els grups comarcals a excepci\u00f3 d&#8217;ERC i CUP que es van abstenir.<\/p>\n","protected":false},"excerpt":{"rendered":"<p>El Ple del Consell Comarcal del Maresme va aprovar crear&nbsp; l&#8217;Ag\u00e8ncia de Boscos del Maresme. Es tracta d\u2019un servei per donar suport t\u00e8cnic i col\u00b7laborar amb els Ajuntaments i associacions de propietaris en la preservaci\u00f3 de la massa forestal que es troba greument afectada pel canvi clim\u00e0tic i l&#8217;acci\u00f3 del Tomicus. Els darrers controls apunten [&hellip;]<\/p>\n","protected":false},"author":9,"featured_media":38083,"comment_status":"closed","ping_status":"open","sticky":false,"template":"","format":"standard","meta":{"_jetpack_newsletter_access":"","_jetpack_dont_email_post_to_subs":false,"_jetpack_newsletter_tier_id":0,"_jetpack_memberships_contains_paywalled_content":false,"_jetpack_memberships_contains_paid_content":false,"footnotes":"","jetpack_post_was_ever_published":false},"categories":[41],"tags":[],"class_list":["post-55053","post","type-post","status-publish","format-standard","has-post-thumbnail","category-medi-ambient"],"yoast_head":"<!-- This site is optimized with the Yoast SEO plugin v28.2 - https:\/\/yoast.com\/product\/yoast-seo-wordpress\/ -->\n<title>El Consell Comarcal crea l&#039;Ag\u00e8ncia de Boscos del Maresme - R\u00e0dio Tordera<\/title>\n<meta name=\"robots\" content=\"index, follow, max-snippet:-1, max-image-preview:large, max-video-preview:-1\" \/>\n<link rel=\"canonical\" href=\"https:\/\/radiotordera.cat\/radio\/?p=55053\" \/>\n<meta property=\"og:locale\" content=\"ca_ES\" \/>\n<meta property=\"og:type\" content=\"article\" \/>\n<meta property=\"og:title\" content=\"El Consell Comarcal crea l&#039;Ag\u00e8ncia de Boscos del Maresme - R\u00e0dio Tordera\" \/>\n<meta property=\"og:description\" content=\"El Ple del Consell Comarcal del Maresme va aprovar crear&nbsp; l&#8217;Ag\u00e8ncia de Boscos del Maresme. Es tracta d\u2019un servei per donar suport t\u00e8cnic i col\u00b7laborar amb els Ajuntaments i associacions de propietaris en la preservaci\u00f3 de la massa forestal que es troba greument afectada pel canvi clim\u00e0tic i l&#8217;acci\u00f3 del Tomicus. Els darrers controls apunten [&hellip;]\" \/>\n<meta property=\"og:url\" content=\"https:\/\/radiotordera.cat\/radio\/?p=55053\" \/>\n<meta property=\"og:site_name\" content=\"R\u00e0dio Tordera\" \/>\n<meta property=\"article:published_time\" content=\"2017-05-24T11:26:54+00:00\" \/>\n<meta property=\"og:image\" content=\"https:\/\/i0.wp.com\/radiotordera.cat\/radio\/wp-content\/uploads\/2015\/06\/consell-comarcal-maresme.jpg?fit=756%2C478&ssl=1\" \/>\n\t<meta property=\"og:image:width\" content=\"756\" \/>\n\t<meta property=\"og:image:height\" content=\"478\" \/>\n\t<meta property=\"og:image:type\" content=\"image\/jpeg\" \/>\n<meta name=\"author\" content=\"admin\" \/>\n<meta name=\"twitter:card\" content=\"summary_large_image\" \/>\n<meta name=\"twitter:label1\" content=\"Escrit per\" \/>\n\t<meta name=\"twitter:data1\" content=\"admin\" \/>\n\t<meta name=\"twitter:label2\" content=\"Temps estimat de lectura\" \/>\n\t<meta name=\"twitter:data2\" content=\"1 minut\" \/>\n<script type=\"application\/ld+json\" class=\"yoast-schema-graph\">{\"@context\":\"https:\\\/\\\/schema.org\",\"@graph\":[{\"@type\":\"Article\",\"@id\":\"https:\\\/\\\/radiotordera.cat\\\/radio\\\/?p=55053#article\",\"isPartOf\":{\"@id\":\"https:\\\/\\\/radiotordera.cat\\\/radio\\\/?p=55053\"},\"author\":{\"name\":\"admin\",\"@id\":\"https:\\\/\\\/radiotordera.cat\\\/radio\\\/#\\\/schema\\\/person\\\/b18ceddf42b8cc42686947e405e4a2d7\"},\"headline\":\"El Consell Comarcal crea l&#8217;Ag\u00e8ncia de Boscos del Maresme\",\"datePublished\":\"2017-05-24T11:26:54+00:00\",\"mainEntityOfPage\":{\"@id\":\"https:\\\/\\\/radiotordera.cat\\\/radio\\\/?p=55053\"},\"wordCount\":320,\"publisher\":{\"@id\":\"https:\\\/\\\/radiotordera.cat\\\/radio\\\/#organization\"},\"image\":{\"@id\":\"https:\\\/\\\/radiotordera.cat\\\/radio\\\/?p=55053#primaryimage\"},\"thumbnailUrl\":\"https:\\\/\\\/i0.wp.com\\\/radiotordera.cat\\\/radio\\\/wp-content\\\/uploads\\\/2015\\\/06\\\/consell-comarcal-maresme.jpg?fit=756%2C478&ssl=1\",\"articleSection\":[\"Medi ambient\"],\"inLanguage\":\"ca\"},{\"@type\":\"WebPage\",\"@id\":\"https:\\\/\\\/radiotordera.cat\\\/radio\\\/?p=55053\",\"url\":\"https:\\\/\\\/radiotordera.cat\\\/radio\\\/?p=55053\",\"name\":\"El Consell Comarcal crea l'Ag\u00e8ncia de Boscos del Maresme - R\u00e0dio Tordera\",\"isPartOf\":{\"@id\":\"https:\\\/\\\/radiotordera.cat\\\/radio\\\/#website\"},\"primaryImageOfPage\":{\"@id\":\"https:\\\/\\\/radiotordera.cat\\\/radio\\\/?p=55053#primaryimage\"},\"image\":{\"@id\":\"https:\\\/\\\/radiotordera.cat\\\/radio\\\/?p=55053#primaryimage\"},\"thumbnailUrl\":\"https:\\\/\\\/i0.wp.com\\\/radiotordera.cat\\\/radio\\\/wp-content\\\/uploads\\\/2015\\\/06\\\/consell-comarcal-maresme.jpg?fit=756%2C478&ssl=1\",\"datePublished\":\"2017-05-24T11:26:54+00:00\",\"breadcrumb\":{\"@id\":\"https:\\\/\\\/radiotordera.cat\\\/radio\\\/?p=55053#breadcrumb\"},\"inLanguage\":\"ca\",\"potentialAction\":[{\"@type\":\"ReadAction\",\"target\":[\"https:\\\/\\\/radiotordera.cat\\\/radio\\\/?p=55053\"]}]},{\"@type\":\"ImageObject\",\"inLanguage\":\"ca\",\"@id\":\"https:\\\/\\\/radiotordera.cat\\\/radio\\\/?p=55053#primaryimage\",\"url\":\"https:\\\/\\\/i0.wp.com\\\/radiotordera.cat\\\/radio\\\/wp-content\\\/uploads\\\/2015\\\/06\\\/consell-comarcal-maresme.jpg?fit=756%2C478&ssl=1\",\"contentUrl\":\"https:\\\/\\\/i0.wp.com\\\/radiotordera.cat\\\/radio\\\/wp-content\\\/uploads\\\/2015\\\/06\\\/consell-comarcal-maresme.jpg?fit=756%2C478&ssl=1\",\"width\":756,\"height\":478},{\"@type\":\"BreadcrumbList\",\"@id\":\"https:\\\/\\\/radiotordera.cat\\\/radio\\\/?p=55053#breadcrumb\",\"itemListElement\":[{\"@type\":\"ListItem\",\"position\":1,\"name\":\"Inici\",\"item\":\"https:\\\/\\\/radiotordera.cat\\\/radio\\\/\"},{\"@type\":\"ListItem\",\"position\":2,\"name\":\"El Consell Comarcal crea l&#8217;Ag\u00e8ncia de Boscos del Maresme\"}]},{\"@type\":\"WebSite\",\"@id\":\"https:\\\/\\\/radiotordera.cat\\\/radio\\\/#website\",\"url\":\"https:\\\/\\\/radiotordera.cat\\\/radio\\\/\",\"name\":\"R\u00e0dio Tordera\",\"description\":\"R\u00e0dio Tordera Online\",\"publisher\":{\"@id\":\"https:\\\/\\\/radiotordera.cat\\\/radio\\\/#organization\"},\"potentialAction\":[{\"@type\":\"SearchAction\",\"target\":{\"@type\":\"EntryPoint\",\"urlTemplate\":\"https:\\\/\\\/radiotordera.cat\\\/radio\\\/?s={search_term_string}\"},\"query-input\":{\"@type\":\"PropertyValueSpecification\",\"valueRequired\":true,\"valueName\":\"search_term_string\"}}],\"inLanguage\":\"ca\"},{\"@type\":\"Organization\",\"@id\":\"https:\\\/\\\/radiotordera.cat\\\/radio\\\/#organization\",\"name\":\"R\u00e0dio Tordera\",\"url\":\"https:\\\/\\\/radiotordera.cat\\\/radio\\\/\",\"logo\":{\"@type\":\"ImageObject\",\"inLanguage\":\"ca\",\"@id\":\"https:\\\/\\\/radiotordera.cat\\\/radio\\\/#\\\/schema\\\/logo\\\/image\\\/\",\"url\":\"https:\\\/\\\/i0.wp.com\\\/radiotordera.cat\\\/radio\\\/wp-content\\\/uploads\\\/2016\\\/11\\\/logo-vermell.jpg?fit=567%2C613&ssl=1\",\"contentUrl\":\"https:\\\/\\\/i0.wp.com\\\/radiotordera.cat\\\/radio\\\/wp-content\\\/uploads\\\/2016\\\/11\\\/logo-vermell.jpg?fit=567%2C613&ssl=1\",\"width\":567,\"height\":613,\"caption\":\"R\u00e0dio Tordera\"},\"image\":{\"@id\":\"https:\\\/\\\/radiotordera.cat\\\/radio\\\/#\\\/schema\\\/logo\\\/image\\\/\"}},{\"@type\":\"Person\",\"@id\":\"https:\\\/\\\/radiotordera.cat\\\/radio\\\/#\\\/schema\\\/person\\\/b18ceddf42b8cc42686947e405e4a2d7\",\"name\":\"admin\",\"url\":\"https:\\\/\\\/radiotordera.cat\\\/radio\\\/?author=9\"}]}<\/script>\n<!-- \/ Yoast SEO plugin. -->","yoast_head_json":{"title":"El Consell Comarcal crea l'Ag\u00e8ncia de Boscos del Maresme - R\u00e0dio Tordera","robots":{"index":"index","follow":"follow","max-snippet":"max-snippet:-1","max-image-preview":"max-image-preview:large","max-video-preview":"max-video-preview:-1"},"canonical":"https:\/\/radiotordera.cat\/radio\/?p=55053","og_locale":"ca_ES","og_type":"article","og_title":"El Consell Comarcal crea l'Ag\u00e8ncia de Boscos del Maresme - R\u00e0dio Tordera","og_description":"El Ple del Consell Comarcal del Maresme va aprovar crear&nbsp; l&#8217;Ag\u00e8ncia de Boscos del Maresme. Es tracta d\u2019un servei per donar suport t\u00e8cnic i col\u00b7laborar amb els Ajuntaments i associacions de propietaris en la preservaci\u00f3 de la massa forestal que es troba greument afectada pel canvi clim\u00e0tic i l&#8217;acci\u00f3 del Tomicus. Els darrers controls apunten [&hellip;]","og_url":"https:\/\/radiotordera.cat\/radio\/?p=55053","og_site_name":"R\u00e0dio Tordera","article_published_time":"2017-05-24T11:26:54+00:00","og_image":[{"width":756,"height":478,"url":"https:\/\/i0.wp.com\/radiotordera.cat\/radio\/wp-content\/uploads\/2015\/06\/consell-comarcal-maresme.jpg?fit=756%2C478&ssl=1","type":"image\/jpeg"}],"author":"admin","twitter_card":"summary_large_image","twitter_misc":{"Escrit per":"admin","Temps estimat de lectura":"1 minut"},"schema":{"@context":"https:\/\/schema.org","@graph":[{"@type":"Article","@id":"https:\/\/radiotordera.cat\/radio\/?p=55053#article","isPartOf":{"@id":"https:\/\/radiotordera.cat\/radio\/?p=55053"},"author":{"name":"admin","@id":"https:\/\/radiotordera.cat\/radio\/#\/schema\/person\/b18ceddf42b8cc42686947e405e4a2d7"},"headline":"El Consell Comarcal crea l&#8217;Ag\u00e8ncia de Boscos del Maresme","datePublished":"2017-05-24T11:26:54+00:00","mainEntityOfPage":{"@id":"https:\/\/radiotordera.cat\/radio\/?p=55053"},"wordCount":320,"publisher":{"@id":"https:\/\/radiotordera.cat\/radio\/#organization"},"image":{"@id":"https:\/\/radiotordera.cat\/radio\/?p=55053#primaryimage"},"thumbnailUrl":"https:\/\/i0.wp.com\/radiotordera.cat\/radio\/wp-content\/uploads\/2015\/06\/consell-comarcal-maresme.jpg?fit=756%2C478&ssl=1","articleSection":["Medi ambient"],"inLanguage":"ca"},{"@type":"WebPage","@id":"https:\/\/radiotordera.cat\/radio\/?p=55053","url":"https:\/\/radiotordera.cat\/radio\/?p=55053","name":"El Consell Comarcal crea l'Ag\u00e8ncia de Boscos del Maresme - R\u00e0dio Tordera","isPartOf":{"@id":"https:\/\/radiotordera.cat\/radio\/#website"},"primaryImageOfPage":{"@id":"https:\/\/radiotordera.cat\/radio\/?p=55053#primaryimage"},"image":{"@id":"https:\/\/radiotordera.cat\/radio\/?p=55053#primaryimage"},"thumbnailUrl":"https:\/\/i0.wp.com\/radiotordera.cat\/radio\/wp-content\/uploads\/2015\/06\/consell-comarcal-maresme.jpg?fit=756%2C478&ssl=1","datePublished":"2017-05-24T11:26:54+00:00","breadcrumb":{"@id":"https:\/\/radiotordera.cat\/radio\/?p=55053#breadcrumb"},"inLanguage":"ca","potentialAction":[{"@type":"ReadAction","target":["https:\/\/radiotordera.cat\/radio\/?p=55053"]}]},{"@type":"ImageObject","inLanguage":"ca","@id":"https:\/\/radiotordera.cat\/radio\/?p=55053#primaryimage","url":"https:\/\/i0.wp.com\/radiotordera.cat\/radio\/wp-content\/uploads\/2015\/06\/consell-comarcal-maresme.jpg?fit=756%2C478&ssl=1","contentUrl":"https:\/\/i0.wp.com\/radiotordera.cat\/radio\/wp-content\/uploads\/2015\/06\/consell-comarcal-maresme.jpg?fit=756%2C478&ssl=1","width":756,"height":478},{"@type":"BreadcrumbList","@id":"https:\/\/radiotordera.cat\/radio\/?p=55053#breadcrumb","itemListElement":[{"@type":"ListItem","position":1,"name":"Inici","item":"https:\/\/radiotordera.cat\/radio\/"},{"@type":"ListItem","position":2,"name":"El Consell Comarcal crea l&#8217;Ag\u00e8ncia de Boscos del Maresme"}]},{"@type":"WebSite","@id":"https:\/\/radiotordera.cat\/radio\/#website","url":"https:\/\/radiotordera.cat\/radio\/","name":"R\u00e0dio Tordera","description":"R\u00e0dio Tordera Online","publisher":{"@id":"https:\/\/radiotordera.cat\/radio\/#organization"},"potentialAction":[{"@type":"SearchAction","target":{"@type":"EntryPoint","urlTemplate":"https:\/\/radiotordera.cat\/radio\/?s={search_term_string}"},"query-input":{"@type":"PropertyValueSpecification","valueRequired":true,"valueName":"search_term_string"}}],"inLanguage":"ca"},{"@type":"Organization","@id":"https:\/\/radiotordera.cat\/radio\/#organization","name":"R\u00e0dio Tordera","url":"https:\/\/radiotordera.cat\/radio\/","logo":{"@type":"ImageObject","inLanguage":"ca","@id":"https:\/\/radiotordera.cat\/radio\/#\/schema\/logo\/image\/","url":"https:\/\/i0.wp.com\/radiotordera.cat\/radio\/wp-content\/uploads\/2016\/11\/logo-vermell.jpg?fit=567%2C613&ssl=1","contentUrl":"https:\/\/i0.wp.com\/radiotordera.cat\/radio\/wp-content\/uploads\/2016\/11\/logo-vermell.jpg?fit=567%2C613&ssl=1","width":567,"height":613,"caption":"R\u00e0dio Tordera"},"image":{"@id":"https:\/\/radiotordera.cat\/radio\/#\/schema\/logo\/image\/"}},{"@type":"Person","@id":"https:\/\/radiotordera.cat\/radio\/#\/schema\/person\/b18ceddf42b8cc42686947e405e4a2d7","name":"admin","url":"https:\/\/radiotordera.cat\/radio\/?author=9"}]}},"jetpack_featured_media_url":"https:\/\/i0.wp.com\/radiotordera.cat\/radio\/wp-content\/uploads\/2015\/06\/consell-comarcal-maresme.jpg?fit=756%2C478&ssl=1","jetpack_sharing_enabled":true,"_links":{"self":[{"href":"https:\/\/radiotordera.cat\/radio\/index.php?rest_route=\/wp\/v2\/posts\/55053","targetHints":{"allow":["GET"]}}],"collection":[{"href":"https:\/\/radiotordera.cat\/radio\/index.php?rest_route=\/wp\/v2\/posts"}],"about":[{"href":"https:\/\/radiotordera.cat\/radio\/index.php?rest_route=\/wp\/v2\/types\/post"}],"author":[{"embeddable":true,"href":"https:\/\/radiotordera.cat\/radio\/index.php?rest_route=\/wp\/v2\/users\/9"}],"replies":[{"embeddable":true,"href":"https:\/\/radiotordera.cat\/radio\/index.php?rest_route=%2Fwp%2Fv2%2Fcomments&post=55053"}],"version-history":[{"count":1,"href":"https:\/\/radiotordera.cat\/radio\/index.php?rest_route=\/wp\/v2\/posts\/55053\/revisions"}],"predecessor-version":[{"id":55056,"href":"https:\/\/radiotordera.cat\/radio\/index.php?rest_route=\/wp\/v2\/posts\/55053\/revisions\/55056"}],"wp:featuredmedia":[{"embeddable":true,"href":"https:\/\/radiotordera.cat\/radio\/index.php?rest_route=\/wp\/v2\/media\/38083"}],"wp:attachment":[{"href":"https:\/\/radiotordera.cat\/radio\/index.php?rest_route=%2Fwp%2Fv2%2Fmedia&parent=55053"}],"wp:term":[{"taxonomy":"category","embeddable":true,"href":"https:\/\/radiotordera.cat\/radio\/index.php?rest_route=%2Fwp%2Fv2%2Fcategories&post=55053"},{"taxonomy":"post_tag","embeddable":true,"href":"https:\/\/radiotordera.cat\/radio\/index.php?rest_route=%2Fwp%2Fv2%2Ftags&post=55053"}],"curies":[{"name":"wp","href":"https:\/\/api.w.org\/{rel}","templated":true}]}}