{"id":139463,"date":"2026-09-06T10:48:38","date_gmt":"2026-09-06T08:48:38","guid":{"rendered":"https:\/\/radiotordera.cat\/radio\/?p=139463"},"modified":"2026-09-06T10:52:23","modified_gmt":"2026-09-06T08:52:23","slug":"un-incendi-a-roca-rossa-mobilitza-els-veins-per-demanar-una-via-devacuacio-alternativa","status":"publish","type":"post","link":"https:\/\/radiotordera.cat\/radio\/?p=139463","title":{"rendered":"Un incendi a Roca-Rossa mobilitza els ve\u00efns per demanar una via d&#8217;evacuaci\u00f3 alternativa"},"content":{"rendered":"\n<h2 class=\"wp-block-heading\">El foc va obligar a confinar els ve\u00efns de la urbanitzaci\u00f3 i de Can Camps durant el mat\u00ed d\u2019ahir<\/h2>\n\n\n\n<p class=\"wp-block-paragraph\">Un microb\u00fas va provocar un incendi ahir al mat\u00ed a la urbanitzaci\u00f3 de Roca-Rossa. Segons informacions no oficials, el vehicle funcionava amb gas liquat, motiu pel qual s&#8217;hauria enc\u00e8s de manera m\u00e9s r\u00e0pida. Els Bombers van estabilitzar el foc al migdia i van confirmar que hi va haver un ferit lleu per inhalaci\u00f3 de fum, tot i que la persona va ser atesa pels serveis d&#8217;emerg\u00e8ncia, i es troba en bon estat. En total, s\u2019ha cremat aproximadament una hect\u00e0rea de massa forestal.<\/p>\n\n\n\n<p class=\"wp-block-paragraph\">Roca-Rossa i Can Camps van tenir l\u2019acc\u00e9s tallat durant el mat\u00ed i es van evacuar els ve\u00efns de les cases m\u00e9s properes. Els serveis d\u2019emerg\u00e8ncies van rebre l\u2019av\u00eds a les 10:24 h i Protecci\u00f3 Civil va demanar el confinament de les dues urbanitzacions a les 11:12 h, mitjan\u00e7ant un missatge #EsAlert. A les 13:11 h, amb el mateix m\u00e8tode, es va desactivar. En parla el sergent de Bombers i responsable de l&#8217;operaci\u00f3.<\/p>\n\n\n\n<figure class=\"wp-block-audio\"><audio controls src=\"https:\/\/radiotordera.cat\/radio\/wp-content\/uploads\/2026\/09\/incendi-1.mp3\"><\/audio><figcaption class=\"wp-element-caption\">incendi 1<\/figcaption><\/figure>\n\n\n\n<blockquote class=\"wp-block-quote is-layout-flow wp-block-quote-is-layout-flow\">\n<p class=\"wp-block-paragraph\">A les 12:45 ja s&#8217;aixecava el confinament<\/p>\n<\/blockquote>\n\n\n\n<p class=\"wp-block-paragraph\">Durant el que restava de dia, els Bombers van continuar treballant a la zona per remullar-la i evitar possibles revifades. En total, a Catalunya 34 municipis es troben en fase d\u2019alerta per risc extrem de patir un incendi.<\/p>\n\n\n\n<p class=\"wp-block-paragraph\">Arran de l&#8217;incendi d\u2019ahir i del confinament preventiu, que ha recordat episodis anteriors on l&#8217;\u00fanic cam\u00ed de sortida de la zona ja va quedar tallat per les flames, els residents han decidit fer un pas endavant. Aquest mateix diumenge, de 10:00 a 14:00 h, s&#8217;ha organitzat una recollida de signatures al Local Social de Roca Rossa per demanar a les administracions competents l&#8217;adequaci\u00f3 urgent d&#8217;una via alternativa d&#8217;evacuaci\u00f3.<\/p>\n\n\n\n<p class=\"wp-block-paragraph\">Concretament, reclamen que s&#8217;estudi\u00ef i es netegi de vegetaci\u00f3 el cam\u00ed que comunica Roca Rossa amb \u00c0gora Parc, el qual fa anys que no es troba en condicions per ser utilitzat com a via d&#8217;emerg\u00e8ncia. A la iniciativa de Roca Rossa i Can Camps s&#8217;hi ha sumat tamb\u00e9 la urbanitzaci\u00f3 d&#8217;\u00c0gora Parc, ja que, segons ha traslladat la seva presidenta, pateixen la mateixa problem\u00e0tica: si un incendi bloqueg\u00e9s la seva via principal, aquest cam\u00ed seria tamb\u00e9 la seva \u00fanica alternativa de fugida. Els ve\u00efns esperen recollir el m\u00e0xim suport possible per garantir la seguretat de les tres urbanitzacions de cara a futures situacions de risc.<\/p>\n\n\n\n<p class=\"wp-block-paragraph\"><\/p>\n\n\n\n<p class=\"wp-block-paragraph\"><\/p>\n","protected":false},"excerpt":{"rendered":"<p>El foc va obligar a confinar els ve\u00efns de la urbanitzaci\u00f3 i de Can Camps durant el mat\u00ed d\u2019ahir Un microb\u00fas va provocar un incendi ahir al mat\u00ed a la urbanitzaci\u00f3 de Roca-Rossa. Segons informacions no oficials, el vehicle funcionava amb gas liquat, motiu pel qual s&#8217;hauria enc\u00e8s de manera m\u00e9s r\u00e0pida. Els Bombers van [&hellip;]<\/p>\n","protected":false},"author":3,"featured_media":139465,"comment_status":"closed","ping_status":"open","sticky":false,"template":"","format":"standard","meta":{"_jetpack_newsletter_access":"","_jetpack_dont_email_post_to_subs":false,"_jetpack_newsletter_tier_id":0,"_jetpack_memberships_contains_paywalled_content":false,"_jetpack_memberships_contains_paid_content":false,"footnotes":"","jetpack_post_was_ever_published":false},"categories":[41,5],"tags":[238,1317,788],"class_list":["post-139463","post","type-post","status-publish","format-standard","has-post-thumbnail","category-medi-ambient","category-noticies-2","tag-incendi","tag-roca-rossa-2","tag-tordera"],"yoast_head":"<!-- This site is optimized with the Yoast SEO plugin v28.2 - https:\/\/yoast.com\/product\/yoast-seo-wordpress\/ -->\n<title>Un incendi a Roca-Rossa mobilitza els ve\u00efns per demanar una via d&#039;evacuaci\u00f3 alternativa - R\u00e0dio Tordera<\/title>\n<meta name=\"robots\" content=\"index, follow, max-snippet:-1, max-image-preview:large, max-video-preview:-1\" \/>\n<link rel=\"canonical\" href=\"https:\/\/radiotordera.cat\/radio\/?p=139463\" \/>\n<meta property=\"og:locale\" content=\"ca_ES\" \/>\n<meta property=\"og:type\" content=\"article\" \/>\n<meta property=\"og:title\" content=\"Un incendi a Roca-Rossa mobilitza els ve\u00efns per demanar una via d&#039;evacuaci\u00f3 alternativa - R\u00e0dio Tordera\" \/>\n<meta property=\"og:description\" content=\"El foc va obligar a confinar els ve\u00efns de la urbanitzaci\u00f3 i de Can Camps durant el mat\u00ed d\u2019ahir Un microb\u00fas va provocar un incendi ahir al mat\u00ed a la urbanitzaci\u00f3 de Roca-Rossa. Segons informacions no oficials, el vehicle funcionava amb gas liquat, motiu pel qual s&#8217;hauria enc\u00e8s de manera m\u00e9s r\u00e0pida. Els Bombers van [&hellip;]\" \/>\n<meta property=\"og:url\" content=\"https:\/\/radiotordera.cat\/radio\/?p=139463\" \/>\n<meta property=\"og:site_name\" content=\"R\u00e0dio Tordera\" \/>\n<meta property=\"article:published_time\" content=\"2026-09-06T08:48:38+00:00\" \/>\n<meta property=\"article:modified_time\" content=\"2026-09-06T08:52:23+00:00\" \/>\n<meta property=\"og:image\" content=\"https:\/\/radiotordera.cat\/radio\/wp-content\/uploads\/2026\/09\/WhatsApp-Image-2026-09-05-at-20.06.04.jpeg\" \/>\n\t<meta property=\"og:image:width\" content=\"1200\" \/>\n\t<meta property=\"og:image:height\" content=\"1600\" \/>\n\t<meta property=\"og:image:type\" content=\"image\/jpeg\" \/>\n<meta name=\"author\" content=\"Serveis informatius R\u00e0dio Tordera\" \/>\n<meta name=\"twitter:card\" content=\"summary_large_image\" \/>\n<meta name=\"twitter:label1\" content=\"Escrit per\" \/>\n\t<meta name=\"twitter:data1\" content=\"Serveis informatius R\u00e0dio Tordera\" \/>\n\t<meta name=\"twitter:label2\" content=\"Temps estimat de lectura\" \/>\n\t<meta name=\"twitter:data2\" content=\"3 minuts\" \/>\n<script type=\"application\/ld+json\" class=\"yoast-schema-graph\">{\"@context\":\"https:\\\/\\\/schema.org\",\"@graph\":[{\"@type\":\"Article\",\"@id\":\"https:\\\/\\\/radiotordera.cat\\\/radio\\\/?p=139463#article\",\"isPartOf\":{\"@id\":\"https:\\\/\\\/radiotordera.cat\\\/radio\\\/?p=139463\"},\"author\":{\"name\":\"Serveis informatius R\u00e0dio Tordera\",\"@id\":\"https:\\\/\\\/radiotordera.cat\\\/radio\\\/#\\\/schema\\\/person\\\/2e6de76ce113009099518a12164b1901\"},\"headline\":\"Un incendi a Roca-Rossa mobilitza els ve\u00efns per demanar una via d&#8217;evacuaci\u00f3 alternativa\",\"datePublished\":\"2026-09-06T08:48:38+00:00\",\"dateModified\":\"2026-09-06T08:52:23+00:00\",\"mainEntityOfPage\":{\"@id\":\"https:\\\/\\\/radiotordera.cat\\\/radio\\\/?p=139463\"},\"wordCount\":440,\"publisher\":{\"@id\":\"https:\\\/\\\/radiotordera.cat\\\/radio\\\/#organization\"},\"image\":{\"@id\":\"https:\\\/\\\/radiotordera.cat\\\/radio\\\/?p=139463#primaryimage\"},\"thumbnailUrl\":\"https:\\\/\\\/i0.wp.com\\\/radiotordera.cat\\\/radio\\\/wp-content\\\/uploads\\\/2026\\\/09\\\/WhatsApp-Image-2026-09-05-at-20.06.04.jpeg?fit=1200%2C1600&ssl=1\",\"keywords\":[\"incendi\",\"roca-rossa\",\"tordera\"],\"articleSection\":[\"Medi ambient\",\"Noticies\"],\"inLanguage\":\"ca\"},{\"@type\":\"WebPage\",\"@id\":\"https:\\\/\\\/radiotordera.cat\\\/radio\\\/?p=139463\",\"url\":\"https:\\\/\\\/radiotordera.cat\\\/radio\\\/?p=139463\",\"name\":\"Un incendi a Roca-Rossa mobilitza els ve\u00efns per demanar una via d'evacuaci\u00f3 alternativa - R\u00e0dio Tordera\",\"isPartOf\":{\"@id\":\"https:\\\/\\\/radiotordera.cat\\\/radio\\\/#website\"},\"primaryImageOfPage\":{\"@id\":\"https:\\\/\\\/radiotordera.cat\\\/radio\\\/?p=139463#primaryimage\"},\"image\":{\"@id\":\"https:\\\/\\\/radiotordera.cat\\\/radio\\\/?p=139463#primaryimage\"},\"thumbnailUrl\":\"https:\\\/\\\/i0.wp.com\\\/radiotordera.cat\\\/radio\\\/wp-content\\\/uploads\\\/2026\\\/09\\\/WhatsApp-Image-2026-09-05-at-20.06.04.jpeg?fit=1200%2C1600&ssl=1\",\"datePublished\":\"2026-09-06T08:48:38+00:00\",\"dateModified\":\"2026-09-06T08:52:23+00:00\",\"breadcrumb\":{\"@id\":\"https:\\\/\\\/radiotordera.cat\\\/radio\\\/?p=139463#breadcrumb\"},\"inLanguage\":\"ca\",\"potentialAction\":[{\"@type\":\"ReadAction\",\"target\":[\"https:\\\/\\\/radiotordera.cat\\\/radio\\\/?p=139463\"]}]},{\"@type\":\"ImageObject\",\"inLanguage\":\"ca\",\"@id\":\"https:\\\/\\\/radiotordera.cat\\\/radio\\\/?p=139463#primaryimage\",\"url\":\"https:\\\/\\\/i0.wp.com\\\/radiotordera.cat\\\/radio\\\/wp-content\\\/uploads\\\/2026\\\/09\\\/WhatsApp-Image-2026-09-05-at-20.06.04.jpeg?fit=1200%2C1600&ssl=1\",\"contentUrl\":\"https:\\\/\\\/i0.wp.com\\\/radiotordera.cat\\\/radio\\\/wp-content\\\/uploads\\\/2026\\\/09\\\/WhatsApp-Image-2026-09-05-at-20.06.04.jpeg?fit=1200%2C1600&ssl=1\",\"width\":1200,\"height\":1600},{\"@type\":\"BreadcrumbList\",\"@id\":\"https:\\\/\\\/radiotordera.cat\\\/radio\\\/?p=139463#breadcrumb\",\"itemListElement\":[{\"@type\":\"ListItem\",\"position\":1,\"name\":\"Inici\",\"item\":\"https:\\\/\\\/radiotordera.cat\\\/radio\\\/\"},{\"@type\":\"ListItem\",\"position\":2,\"name\":\"Un incendi a Roca-Rossa mobilitza els ve\u00efns per demanar una via d&#8217;evacuaci\u00f3 alternativa\"}]},{\"@type\":\"WebSite\",\"@id\":\"https:\\\/\\\/radiotordera.cat\\\/radio\\\/#website\",\"url\":\"https:\\\/\\\/radiotordera.cat\\\/radio\\\/\",\"name\":\"R\u00e0dio Tordera\",\"description\":\"R\u00e0dio Tordera Online\",\"publisher\":{\"@id\":\"https:\\\/\\\/radiotordera.cat\\\/radio\\\/#organization\"},\"potentialAction\":[{\"@type\":\"SearchAction\",\"target\":{\"@type\":\"EntryPoint\",\"urlTemplate\":\"https:\\\/\\\/radiotordera.cat\\\/radio\\\/?s={search_term_string}\"},\"query-input\":{\"@type\":\"PropertyValueSpecification\",\"valueRequired\":true,\"valueName\":\"search_term_string\"}}],\"inLanguage\":\"ca\"},{\"@type\":\"Organization\",\"@id\":\"https:\\\/\\\/radiotordera.cat\\\/radio\\\/#organization\",\"name\":\"R\u00e0dio Tordera\",\"url\":\"https:\\\/\\\/radiotordera.cat\\\/radio\\\/\",\"logo\":{\"@type\":\"ImageObject\",\"inLanguage\":\"ca\",\"@id\":\"https:\\\/\\\/radiotordera.cat\\\/radio\\\/#\\\/schema\\\/logo\\\/image\\\/\",\"url\":\"https:\\\/\\\/i0.wp.com\\\/radiotordera.cat\\\/radio\\\/wp-content\\\/uploads\\\/2016\\\/11\\\/logo-vermell.jpg?fit=567%2C613&ssl=1\",\"contentUrl\":\"https:\\\/\\\/i0.wp.com\\\/radiotordera.cat\\\/radio\\\/wp-content\\\/uploads\\\/2016\\\/11\\\/logo-vermell.jpg?fit=567%2C613&ssl=1\",\"width\":567,\"height\":613,\"caption\":\"R\u00e0dio Tordera\"},\"image\":{\"@id\":\"https:\\\/\\\/radiotordera.cat\\\/radio\\\/#\\\/schema\\\/logo\\\/image\\\/\"}},{\"@type\":\"Person\",\"@id\":\"https:\\\/\\\/radiotordera.cat\\\/radio\\\/#\\\/schema\\\/person\\\/2e6de76ce113009099518a12164b1901\",\"name\":\"Serveis informatius R\u00e0dio Tordera\",\"sameAs\":[\"http:\\\/\\\/radiotordera.cat\"],\"url\":\"https:\\\/\\\/radiotordera.cat\\\/radio\\\/?author=3\"}]}<\/script>\n<!-- \/ Yoast SEO plugin. -->","yoast_head_json":{"title":"Un incendi a Roca-Rossa mobilitza els ve\u00efns per demanar una via d'evacuaci\u00f3 alternativa - R\u00e0dio Tordera","robots":{"index":"index","follow":"follow","max-snippet":"max-snippet:-1","max-image-preview":"max-image-preview:large","max-video-preview":"max-video-preview:-1"},"canonical":"https:\/\/radiotordera.cat\/radio\/?p=139463","og_locale":"ca_ES","og_type":"article","og_title":"Un incendi a Roca-Rossa mobilitza els ve\u00efns per demanar una via d'evacuaci\u00f3 alternativa - R\u00e0dio Tordera","og_description":"El foc va obligar a confinar els ve\u00efns de la urbanitzaci\u00f3 i de Can Camps durant el mat\u00ed d\u2019ahir Un microb\u00fas va provocar un incendi ahir al mat\u00ed a la urbanitzaci\u00f3 de Roca-Rossa. Segons informacions no oficials, el vehicle funcionava amb gas liquat, motiu pel qual s&#8217;hauria enc\u00e8s de manera m\u00e9s r\u00e0pida. Els Bombers van [&hellip;]","og_url":"https:\/\/radiotordera.cat\/radio\/?p=139463","og_site_name":"R\u00e0dio Tordera","article_published_time":"2026-09-06T08:48:38+00:00","article_modified_time":"2026-09-06T08:52:23+00:00","og_image":[{"width":1200,"height":1600,"url":"https:\/\/radiotordera.cat\/radio\/wp-content\/uploads\/2026\/09\/WhatsApp-Image-2026-09-05-at-20.06.04.jpeg","type":"image\/jpeg"}],"author":"Serveis informatius R\u00e0dio Tordera","twitter_card":"summary_large_image","twitter_misc":{"Escrit per":"Serveis informatius R\u00e0dio Tordera","Temps estimat de lectura":"3 minuts"},"schema":{"@context":"https:\/\/schema.org","@graph":[{"@type":"Article","@id":"https:\/\/radiotordera.cat\/radio\/?p=139463#article","isPartOf":{"@id":"https:\/\/radiotordera.cat\/radio\/?p=139463"},"author":{"name":"Serveis informatius R\u00e0dio Tordera","@id":"https:\/\/radiotordera.cat\/radio\/#\/schema\/person\/2e6de76ce113009099518a12164b1901"},"headline":"Un incendi a Roca-Rossa mobilitza els ve\u00efns per demanar una via d&#8217;evacuaci\u00f3 alternativa","datePublished":"2026-09-06T08:48:38+00:00","dateModified":"2026-09-06T08:52:23+00:00","mainEntityOfPage":{"@id":"https:\/\/radiotordera.cat\/radio\/?p=139463"},"wordCount":440,"publisher":{"@id":"https:\/\/radiotordera.cat\/radio\/#organization"},"image":{"@id":"https:\/\/radiotordera.cat\/radio\/?p=139463#primaryimage"},"thumbnailUrl":"https:\/\/i0.wp.com\/radiotordera.cat\/radio\/wp-content\/uploads\/2026\/09\/WhatsApp-Image-2026-09-05-at-20.06.04.jpeg?fit=1200%2C1600&ssl=1","keywords":["incendi","roca-rossa","tordera"],"articleSection":["Medi ambient","Noticies"],"inLanguage":"ca"},{"@type":"WebPage","@id":"https:\/\/radiotordera.cat\/radio\/?p=139463","url":"https:\/\/radiotordera.cat\/radio\/?p=139463","name":"Un incendi a Roca-Rossa mobilitza els ve\u00efns per demanar una via d'evacuaci\u00f3 alternativa - R\u00e0dio Tordera","isPartOf":{"@id":"https:\/\/radiotordera.cat\/radio\/#website"},"primaryImageOfPage":{"@id":"https:\/\/radiotordera.cat\/radio\/?p=139463#primaryimage"},"image":{"@id":"https:\/\/radiotordera.cat\/radio\/?p=139463#primaryimage"},"thumbnailUrl":"https:\/\/i0.wp.com\/radiotordera.cat\/radio\/wp-content\/uploads\/2026\/09\/WhatsApp-Image-2026-09-05-at-20.06.04.jpeg?fit=1200%2C1600&ssl=1","datePublished":"2026-09-06T08:48:38+00:00","dateModified":"2026-09-06T08:52:23+00:00","breadcrumb":{"@id":"https:\/\/radiotordera.cat\/radio\/?p=139463#breadcrumb"},"inLanguage":"ca","potentialAction":[{"@type":"ReadAction","target":["https:\/\/radiotordera.cat\/radio\/?p=139463"]}]},{"@type":"ImageObject","inLanguage":"ca","@id":"https:\/\/radiotordera.cat\/radio\/?p=139463#primaryimage","url":"https:\/\/i0.wp.com\/radiotordera.cat\/radio\/wp-content\/uploads\/2026\/09\/WhatsApp-Image-2026-09-05-at-20.06.04.jpeg?fit=1200%2C1600&ssl=1","contentUrl":"https:\/\/i0.wp.com\/radiotordera.cat\/radio\/wp-content\/uploads\/2026\/09\/WhatsApp-Image-2026-09-05-at-20.06.04.jpeg?fit=1200%2C1600&ssl=1","width":1200,"height":1600},{"@type":"BreadcrumbList","@id":"https:\/\/radiotordera.cat\/radio\/?p=139463#breadcrumb","itemListElement":[{"@type":"ListItem","position":1,"name":"Inici","item":"https:\/\/radiotordera.cat\/radio\/"},{"@type":"ListItem","position":2,"name":"Un incendi a Roca-Rossa mobilitza els ve\u00efns per demanar una via d&#8217;evacuaci\u00f3 alternativa"}]},{"@type":"WebSite","@id":"https:\/\/radiotordera.cat\/radio\/#website","url":"https:\/\/radiotordera.cat\/radio\/","name":"R\u00e0dio Tordera","description":"R\u00e0dio Tordera Online","publisher":{"@id":"https:\/\/radiotordera.cat\/radio\/#organization"},"potentialAction":[{"@type":"SearchAction","target":{"@type":"EntryPoint","urlTemplate":"https:\/\/radiotordera.cat\/radio\/?s={search_term_string}"},"query-input":{"@type":"PropertyValueSpecification","valueRequired":true,"valueName":"search_term_string"}}],"inLanguage":"ca"},{"@type":"Organization","@id":"https:\/\/radiotordera.cat\/radio\/#organization","name":"R\u00e0dio Tordera","url":"https:\/\/radiotordera.cat\/radio\/","logo":{"@type":"ImageObject","inLanguage":"ca","@id":"https:\/\/radiotordera.cat\/radio\/#\/schema\/logo\/image\/","url":"https:\/\/i0.wp.com\/radiotordera.cat\/radio\/wp-content\/uploads\/2016\/11\/logo-vermell.jpg?fit=567%2C613&ssl=1","contentUrl":"https:\/\/i0.wp.com\/radiotordera.cat\/radio\/wp-content\/uploads\/2016\/11\/logo-vermell.jpg?fit=567%2C613&ssl=1","width":567,"height":613,"caption":"R\u00e0dio Tordera"},"image":{"@id":"https:\/\/radiotordera.cat\/radio\/#\/schema\/logo\/image\/"}},{"@type":"Person","@id":"https:\/\/radiotordera.cat\/radio\/#\/schema\/person\/2e6de76ce113009099518a12164b1901","name":"Serveis informatius R\u00e0dio Tordera","sameAs":["http:\/\/radiotordera.cat"],"url":"https:\/\/radiotordera.cat\/radio\/?author=3"}]}},"jetpack_featured_media_url":"https:\/\/i0.wp.com\/radiotordera.cat\/radio\/wp-content\/uploads\/2026\/09\/WhatsApp-Image-2026-09-05-at-20.06.04.jpeg?fit=1200%2C1600&ssl=1","jetpack_sharing_enabled":true,"_links":{"self":[{"href":"https:\/\/radiotordera.cat\/radio\/index.php?rest_route=\/wp\/v2\/posts\/139463","targetHints":{"allow":["GET"]}}],"collection":[{"href":"https:\/\/radiotordera.cat\/radio\/index.php?rest_route=\/wp\/v2\/posts"}],"about":[{"href":"https:\/\/radiotordera.cat\/radio\/index.php?rest_route=\/wp\/v2\/types\/post"}],"author":[{"embeddable":true,"href":"https:\/\/radiotordera.cat\/radio\/index.php?rest_route=\/wp\/v2\/users\/3"}],"replies":[{"embeddable":true,"href":"https:\/\/radiotordera.cat\/radio\/index.php?rest_route=%2Fwp%2Fv2%2Fcomments&post=139463"}],"version-history":[{"count":5,"href":"https:\/\/radiotordera.cat\/radio\/index.php?rest_route=\/wp\/v2\/posts\/139463\/revisions"}],"predecessor-version":[{"id":139471,"href":"https:\/\/radiotordera.cat\/radio\/index.php?rest_route=\/wp\/v2\/posts\/139463\/revisions\/139471"}],"wp:featuredmedia":[{"embeddable":true,"href":"https:\/\/radiotordera.cat\/radio\/index.php?rest_route=\/wp\/v2\/media\/139465"}],"wp:attachment":[{"href":"https:\/\/radiotordera.cat\/radio\/index.php?rest_route=%2Fwp%2Fv2%2Fmedia&parent=139463"}],"wp:term":[{"taxonomy":"category","embeddable":true,"href":"https:\/\/radiotordera.cat\/radio\/index.php?rest_route=%2Fwp%2Fv2%2Fcategories&post=139463"},{"taxonomy":"post_tag","embeddable":true,"href":"https:\/\/radiotordera.cat\/radio\/index.php?rest_route=%2Fwp%2Fv2%2Ftags&post=139463"}],"curies":[{"name":"wp","href":"https:\/\/api.w.org\/{rel}","templated":true}]}}