{"id":139457,"date":"2026-09-05T14:41:02","date_gmt":"2026-09-05T12:41:02","guid":{"rendered":"https:\/\/radiotordera.cat\/radio\/?p=139457"},"modified":"2026-09-05T14:43:44","modified_gmt":"2026-09-05T12:43:44","slug":"un-incendi-a-roca-rossa-crema-una-hectarea-i-deixa-un-ferit-lleu","status":"publish","type":"post","link":"https:\/\/radiotordera.cat\/radio\/?p=139457","title":{"rendered":"Un incendi a Roca-Rossa crema una hect\u00e0rea i deixa un ferit lleu"},"content":{"rendered":"\n<h2 class=\"wp-block-heading\">El foc, ja estabilitzat, ha obligat a confinar els ve\u00efns de la urbanitzaci\u00f3 i Can Camps durant tot el mat\u00ed<\/h2>\n\n\n\n<p class=\"wp-block-paragraph\">Un microb\u00fas ha provocat un incendi aquest mat\u00ed a la urbanitzaci\u00f3 de Roca-Rossa. Els Bombers han estabilitzat el foc al migdia i han confirmat que hi ha hagut un ferit lleu per inhalaci\u00f3 de fum, tot i que en aquests moments, ja est\u00e0 en bon estat. S\u2019ha cremat aproximadament una hect\u00e0rea de massa forestal.<\/p>\n\n\n\n<p class=\"wp-block-paragraph\">Roca-Rossa i Can Camps han tingut l\u2019acc\u00e9s tallat durant el mat\u00ed i s\u2019ha evacuat els ve\u00efns de les cases m\u00e9s properes. Els serveis d\u2019emerg\u00e8ncies han rebut l\u2019av\u00eds a les 10:24 h i Protecci\u00f3 Civil ha demanat el confinament de les dues urbanitzacions a les 11:12 h, mitjan\u00e7ant un missatge #EsAlert. A les 13:11 h, amb el mateix m\u00e8tode, s\u2019ha desactivat. A hores d&#8217;ara, es desconeixen les causes que han originat l\u2019incendi. <\/p>\n\n\n\n<p class=\"wp-block-paragraph\">Durant el que resta de dia, els Bombers continuaran treballant a la zona per remullar-la i evitar possibles revifades. En total, a Catalunya 34 municipis es troben en fase d&#8217;alerta per risc extrem de patir un incendi. <\/p>\n\n\n\n<p class=\"wp-block-paragraph\"><\/p>\n","protected":false},"excerpt":{"rendered":"<p>El foc, ja estabilitzat, ha obligat a confinar els ve\u00efns de la urbanitzaci\u00f3 i Can Camps durant tot el mat\u00ed Un microb\u00fas ha provocat un incendi aquest mat\u00ed a la urbanitzaci\u00f3 de Roca-Rossa. Els Bombers han estabilitzat el foc al migdia i han confirmat que hi ha hagut un ferit lleu per inhalaci\u00f3 de fum, [&hellip;]<\/p>\n","protected":false},"author":3,"featured_media":139461,"comment_status":"closed","ping_status":"open","sticky":false,"template":"","format":"standard","meta":{"_jetpack_newsletter_access":"","_jetpack_dont_email_post_to_subs":false,"_jetpack_newsletter_tier_id":0,"_jetpack_memberships_contains_paywalled_content":false,"_jetpack_memberships_contains_paid_content":false,"footnotes":"","jetpack_post_was_ever_published":false},"categories":[41,5],"tags":[2401,238,1317],"class_list":["post-139457","post","type-post","status-publish","format-standard","has-post-thumbnail","category-medi-ambient","category-noticies-2","tag-actualitat","tag-incendi","tag-roca-rossa-2"],"yoast_head":"<!-- This site is optimized with the Yoast SEO plugin v28.2 - https:\/\/yoast.com\/product\/yoast-seo-wordpress\/ -->\n<title>Un incendi a Roca-Rossa crema una hect\u00e0rea i deixa un ferit lleu - R\u00e0dio Tordera<\/title>\n<meta name=\"robots\" content=\"index, follow, max-snippet:-1, max-image-preview:large, max-video-preview:-1\" \/>\n<link rel=\"canonical\" href=\"https:\/\/radiotordera.cat\/radio\/?p=139457\" \/>\n<meta property=\"og:locale\" content=\"ca_ES\" \/>\n<meta property=\"og:type\" content=\"article\" \/>\n<meta property=\"og:title\" content=\"Un incendi a Roca-Rossa crema una hect\u00e0rea i deixa un ferit lleu - R\u00e0dio Tordera\" \/>\n<meta property=\"og:description\" content=\"El foc, ja estabilitzat, ha obligat a confinar els ve\u00efns de la urbanitzaci\u00f3 i Can Camps durant tot el mat\u00ed Un microb\u00fas ha provocat un incendi aquest mat\u00ed a la urbanitzaci\u00f3 de Roca-Rossa. Els Bombers han estabilitzat el foc al migdia i han confirmat que hi ha hagut un ferit lleu per inhalaci\u00f3 de fum, [&hellip;]\" \/>\n<meta property=\"og:url\" content=\"https:\/\/radiotordera.cat\/radio\/?p=139457\" \/>\n<meta property=\"og:site_name\" content=\"R\u00e0dio Tordera\" \/>\n<meta property=\"article:published_time\" content=\"2026-09-05T12:41:02+00:00\" \/>\n<meta property=\"article:modified_time\" content=\"2026-09-05T12:43:44+00:00\" \/>\n<meta property=\"og:image\" content=\"https:\/\/radiotordera.cat\/radio\/wp-content\/uploads\/2026\/09\/IMG_8630.JPG-scaled-e1788612175700.jpeg\" \/>\n\t<meta property=\"og:image:width\" content=\"1440\" \/>\n\t<meta property=\"og:image:height\" content=\"1650\" \/>\n\t<meta property=\"og:image:type\" content=\"image\/jpeg\" \/>\n<meta name=\"author\" content=\"Serveis informatius R\u00e0dio Tordera\" \/>\n<meta name=\"twitter:card\" content=\"summary_large_image\" \/>\n<meta name=\"twitter:label1\" content=\"Escrit per\" \/>\n\t<meta name=\"twitter:data1\" content=\"Serveis informatius R\u00e0dio Tordera\" \/>\n\t<meta name=\"twitter:label2\" content=\"Temps estimat de lectura\" \/>\n\t<meta name=\"twitter:data2\" content=\"2 minuts\" \/>\n<script type=\"application\/ld+json\" class=\"yoast-schema-graph\">{\"@context\":\"https:\\\/\\\/schema.org\",\"@graph\":[{\"@type\":\"Article\",\"@id\":\"https:\\\/\\\/radiotordera.cat\\\/radio\\\/?p=139457#article\",\"isPartOf\":{\"@id\":\"https:\\\/\\\/radiotordera.cat\\\/radio\\\/?p=139457\"},\"author\":{\"name\":\"Serveis informatius R\u00e0dio Tordera\",\"@id\":\"https:\\\/\\\/radiotordera.cat\\\/radio\\\/#\\\/schema\\\/person\\\/2e6de76ce113009099518a12164b1901\"},\"headline\":\"Un incendi a Roca-Rossa crema una hect\u00e0rea i deixa un ferit lleu\",\"datePublished\":\"2026-09-05T12:41:02+00:00\",\"dateModified\":\"2026-09-05T12:43:44+00:00\",\"mainEntityOfPage\":{\"@id\":\"https:\\\/\\\/radiotordera.cat\\\/radio\\\/?p=139457\"},\"wordCount\":210,\"publisher\":{\"@id\":\"https:\\\/\\\/radiotordera.cat\\\/radio\\\/#organization\"},\"image\":{\"@id\":\"https:\\\/\\\/radiotordera.cat\\\/radio\\\/?p=139457#primaryimage\"},\"thumbnailUrl\":\"https:\\\/\\\/i0.wp.com\\\/radiotordera.cat\\\/radio\\\/wp-content\\\/uploads\\\/2026\\\/09\\\/IMG_8630.JPG-scaled-e1788612175700.jpeg?fit=1440%2C1650&ssl=1\",\"keywords\":[\"actualitat\",\"incendi\",\"roca-rossa\"],\"articleSection\":[\"Medi ambient\",\"Noticies\"],\"inLanguage\":\"ca\"},{\"@type\":\"WebPage\",\"@id\":\"https:\\\/\\\/radiotordera.cat\\\/radio\\\/?p=139457\",\"url\":\"https:\\\/\\\/radiotordera.cat\\\/radio\\\/?p=139457\",\"name\":\"Un incendi a Roca-Rossa crema una hect\u00e0rea i deixa un ferit lleu - R\u00e0dio Tordera\",\"isPartOf\":{\"@id\":\"https:\\\/\\\/radiotordera.cat\\\/radio\\\/#website\"},\"primaryImageOfPage\":{\"@id\":\"https:\\\/\\\/radiotordera.cat\\\/radio\\\/?p=139457#primaryimage\"},\"image\":{\"@id\":\"https:\\\/\\\/radiotordera.cat\\\/radio\\\/?p=139457#primaryimage\"},\"thumbnailUrl\":\"https:\\\/\\\/i0.wp.com\\\/radiotordera.cat\\\/radio\\\/wp-content\\\/uploads\\\/2026\\\/09\\\/IMG_8630.JPG-scaled-e1788612175700.jpeg?fit=1440%2C1650&ssl=1\",\"datePublished\":\"2026-09-05T12:41:02+00:00\",\"dateModified\":\"2026-09-05T12:43:44+00:00\",\"breadcrumb\":{\"@id\":\"https:\\\/\\\/radiotordera.cat\\\/radio\\\/?p=139457#breadcrumb\"},\"inLanguage\":\"ca\",\"potentialAction\":[{\"@type\":\"ReadAction\",\"target\":[\"https:\\\/\\\/radiotordera.cat\\\/radio\\\/?p=139457\"]}]},{\"@type\":\"ImageObject\",\"inLanguage\":\"ca\",\"@id\":\"https:\\\/\\\/radiotordera.cat\\\/radio\\\/?p=139457#primaryimage\",\"url\":\"https:\\\/\\\/i0.wp.com\\\/radiotordera.cat\\\/radio\\\/wp-content\\\/uploads\\\/2026\\\/09\\\/IMG_8630.JPG-scaled-e1788612175700.jpeg?fit=1440%2C1650&ssl=1\",\"contentUrl\":\"https:\\\/\\\/i0.wp.com\\\/radiotordera.cat\\\/radio\\\/wp-content\\\/uploads\\\/2026\\\/09\\\/IMG_8630.JPG-scaled-e1788612175700.jpeg?fit=1440%2C1650&ssl=1\",\"width\":1440,\"height\":1650},{\"@type\":\"BreadcrumbList\",\"@id\":\"https:\\\/\\\/radiotordera.cat\\\/radio\\\/?p=139457#breadcrumb\",\"itemListElement\":[{\"@type\":\"ListItem\",\"position\":1,\"name\":\"Inici\",\"item\":\"https:\\\/\\\/radiotordera.cat\\\/radio\\\/\"},{\"@type\":\"ListItem\",\"position\":2,\"name\":\"Un incendi a Roca-Rossa crema una hect\u00e0rea i deixa un ferit lleu\"}]},{\"@type\":\"WebSite\",\"@id\":\"https:\\\/\\\/radiotordera.cat\\\/radio\\\/#website\",\"url\":\"https:\\\/\\\/radiotordera.cat\\\/radio\\\/\",\"name\":\"R\u00e0dio Tordera\",\"description\":\"R\u00e0dio Tordera Online\",\"publisher\":{\"@id\":\"https:\\\/\\\/radiotordera.cat\\\/radio\\\/#organization\"},\"potentialAction\":[{\"@type\":\"SearchAction\",\"target\":{\"@type\":\"EntryPoint\",\"urlTemplate\":\"https:\\\/\\\/radiotordera.cat\\\/radio\\\/?s={search_term_string}\"},\"query-input\":{\"@type\":\"PropertyValueSpecification\",\"valueRequired\":true,\"valueName\":\"search_term_string\"}}],\"inLanguage\":\"ca\"},{\"@type\":\"Organization\",\"@id\":\"https:\\\/\\\/radiotordera.cat\\\/radio\\\/#organization\",\"name\":\"R\u00e0dio Tordera\",\"url\":\"https:\\\/\\\/radiotordera.cat\\\/radio\\\/\",\"logo\":{\"@type\":\"ImageObject\",\"inLanguage\":\"ca\",\"@id\":\"https:\\\/\\\/radiotordera.cat\\\/radio\\\/#\\\/schema\\\/logo\\\/image\\\/\",\"url\":\"https:\\\/\\\/i0.wp.com\\\/radiotordera.cat\\\/radio\\\/wp-content\\\/uploads\\\/2016\\\/11\\\/logo-vermell.jpg?fit=567%2C613&ssl=1\",\"contentUrl\":\"https:\\\/\\\/i0.wp.com\\\/radiotordera.cat\\\/radio\\\/wp-content\\\/uploads\\\/2016\\\/11\\\/logo-vermell.jpg?fit=567%2C613&ssl=1\",\"width\":567,\"height\":613,\"caption\":\"R\u00e0dio Tordera\"},\"image\":{\"@id\":\"https:\\\/\\\/radiotordera.cat\\\/radio\\\/#\\\/schema\\\/logo\\\/image\\\/\"}},{\"@type\":\"Person\",\"@id\":\"https:\\\/\\\/radiotordera.cat\\\/radio\\\/#\\\/schema\\\/person\\\/2e6de76ce113009099518a12164b1901\",\"name\":\"Serveis informatius R\u00e0dio Tordera\",\"sameAs\":[\"http:\\\/\\\/radiotordera.cat\"],\"url\":\"https:\\\/\\\/radiotordera.cat\\\/radio\\\/?author=3\"}]}<\/script>\n<!-- \/ Yoast SEO plugin. -->","yoast_head_json":{"title":"Un incendi a Roca-Rossa crema una hect\u00e0rea i deixa un ferit lleu - R\u00e0dio Tordera","robots":{"index":"index","follow":"follow","max-snippet":"max-snippet:-1","max-image-preview":"max-image-preview:large","max-video-preview":"max-video-preview:-1"},"canonical":"https:\/\/radiotordera.cat\/radio\/?p=139457","og_locale":"ca_ES","og_type":"article","og_title":"Un incendi a Roca-Rossa crema una hect\u00e0rea i deixa un ferit lleu - R\u00e0dio Tordera","og_description":"El foc, ja estabilitzat, ha obligat a confinar els ve\u00efns de la urbanitzaci\u00f3 i Can Camps durant tot el mat\u00ed Un microb\u00fas ha provocat un incendi aquest mat\u00ed a la urbanitzaci\u00f3 de Roca-Rossa. Els Bombers han estabilitzat el foc al migdia i han confirmat que hi ha hagut un ferit lleu per inhalaci\u00f3 de fum, [&hellip;]","og_url":"https:\/\/radiotordera.cat\/radio\/?p=139457","og_site_name":"R\u00e0dio Tordera","article_published_time":"2026-09-05T12:41:02+00:00","article_modified_time":"2026-09-05T12:43:44+00:00","og_image":[{"width":1440,"height":1650,"url":"https:\/\/radiotordera.cat\/radio\/wp-content\/uploads\/2026\/09\/IMG_8630.JPG-scaled-e1788612175700.jpeg","type":"image\/jpeg"}],"author":"Serveis informatius R\u00e0dio Tordera","twitter_card":"summary_large_image","twitter_misc":{"Escrit per":"Serveis informatius R\u00e0dio Tordera","Temps estimat de lectura":"2 minuts"},"schema":{"@context":"https:\/\/schema.org","@graph":[{"@type":"Article","@id":"https:\/\/radiotordera.cat\/radio\/?p=139457#article","isPartOf":{"@id":"https:\/\/radiotordera.cat\/radio\/?p=139457"},"author":{"name":"Serveis informatius R\u00e0dio Tordera","@id":"https:\/\/radiotordera.cat\/radio\/#\/schema\/person\/2e6de76ce113009099518a12164b1901"},"headline":"Un incendi a Roca-Rossa crema una hect\u00e0rea i deixa un ferit lleu","datePublished":"2026-09-05T12:41:02+00:00","dateModified":"2026-09-05T12:43:44+00:00","mainEntityOfPage":{"@id":"https:\/\/radiotordera.cat\/radio\/?p=139457"},"wordCount":210,"publisher":{"@id":"https:\/\/radiotordera.cat\/radio\/#organization"},"image":{"@id":"https:\/\/radiotordera.cat\/radio\/?p=139457#primaryimage"},"thumbnailUrl":"https:\/\/i0.wp.com\/radiotordera.cat\/radio\/wp-content\/uploads\/2026\/09\/IMG_8630.JPG-scaled-e1788612175700.jpeg?fit=1440%2C1650&ssl=1","keywords":["actualitat","incendi","roca-rossa"],"articleSection":["Medi ambient","Noticies"],"inLanguage":"ca"},{"@type":"WebPage","@id":"https:\/\/radiotordera.cat\/radio\/?p=139457","url":"https:\/\/radiotordera.cat\/radio\/?p=139457","name":"Un incendi a Roca-Rossa crema una hect\u00e0rea i deixa un ferit lleu - R\u00e0dio Tordera","isPartOf":{"@id":"https:\/\/radiotordera.cat\/radio\/#website"},"primaryImageOfPage":{"@id":"https:\/\/radiotordera.cat\/radio\/?p=139457#primaryimage"},"image":{"@id":"https:\/\/radiotordera.cat\/radio\/?p=139457#primaryimage"},"thumbnailUrl":"https:\/\/i0.wp.com\/radiotordera.cat\/radio\/wp-content\/uploads\/2026\/09\/IMG_8630.JPG-scaled-e1788612175700.jpeg?fit=1440%2C1650&ssl=1","datePublished":"2026-09-05T12:41:02+00:00","dateModified":"2026-09-05T12:43:44+00:00","breadcrumb":{"@id":"https:\/\/radiotordera.cat\/radio\/?p=139457#breadcrumb"},"inLanguage":"ca","potentialAction":[{"@type":"ReadAction","target":["https:\/\/radiotordera.cat\/radio\/?p=139457"]}]},{"@type":"ImageObject","inLanguage":"ca","@id":"https:\/\/radiotordera.cat\/radio\/?p=139457#primaryimage","url":"https:\/\/i0.wp.com\/radiotordera.cat\/radio\/wp-content\/uploads\/2026\/09\/IMG_8630.JPG-scaled-e1788612175700.jpeg?fit=1440%2C1650&ssl=1","contentUrl":"https:\/\/i0.wp.com\/radiotordera.cat\/radio\/wp-content\/uploads\/2026\/09\/IMG_8630.JPG-scaled-e1788612175700.jpeg?fit=1440%2C1650&ssl=1","width":1440,"height":1650},{"@type":"BreadcrumbList","@id":"https:\/\/radiotordera.cat\/radio\/?p=139457#breadcrumb","itemListElement":[{"@type":"ListItem","position":1,"name":"Inici","item":"https:\/\/radiotordera.cat\/radio\/"},{"@type":"ListItem","position":2,"name":"Un incendi a Roca-Rossa crema una hect\u00e0rea i deixa un ferit lleu"}]},{"@type":"WebSite","@id":"https:\/\/radiotordera.cat\/radio\/#website","url":"https:\/\/radiotordera.cat\/radio\/","name":"R\u00e0dio Tordera","description":"R\u00e0dio Tordera Online","publisher":{"@id":"https:\/\/radiotordera.cat\/radio\/#organization"},"potentialAction":[{"@type":"SearchAction","target":{"@type":"EntryPoint","urlTemplate":"https:\/\/radiotordera.cat\/radio\/?s={search_term_string}"},"query-input":{"@type":"PropertyValueSpecification","valueRequired":true,"valueName":"search_term_string"}}],"inLanguage":"ca"},{"@type":"Organization","@id":"https:\/\/radiotordera.cat\/radio\/#organization","name":"R\u00e0dio Tordera","url":"https:\/\/radiotordera.cat\/radio\/","logo":{"@type":"ImageObject","inLanguage":"ca","@id":"https:\/\/radiotordera.cat\/radio\/#\/schema\/logo\/image\/","url":"https:\/\/i0.wp.com\/radiotordera.cat\/radio\/wp-content\/uploads\/2016\/11\/logo-vermell.jpg?fit=567%2C613&ssl=1","contentUrl":"https:\/\/i0.wp.com\/radiotordera.cat\/radio\/wp-content\/uploads\/2016\/11\/logo-vermell.jpg?fit=567%2C613&ssl=1","width":567,"height":613,"caption":"R\u00e0dio Tordera"},"image":{"@id":"https:\/\/radiotordera.cat\/radio\/#\/schema\/logo\/image\/"}},{"@type":"Person","@id":"https:\/\/radiotordera.cat\/radio\/#\/schema\/person\/2e6de76ce113009099518a12164b1901","name":"Serveis informatius R\u00e0dio Tordera","sameAs":["http:\/\/radiotordera.cat"],"url":"https:\/\/radiotordera.cat\/radio\/?author=3"}]}},"jetpack_featured_media_url":"https:\/\/i0.wp.com\/radiotordera.cat\/radio\/wp-content\/uploads\/2026\/09\/IMG_8630.JPG-scaled-e1788612175700.jpeg?fit=1440%2C1650&ssl=1","jetpack_sharing_enabled":true,"_links":{"self":[{"href":"https:\/\/radiotordera.cat\/radio\/index.php?rest_route=\/wp\/v2\/posts\/139457","targetHints":{"allow":["GET"]}}],"collection":[{"href":"https:\/\/radiotordera.cat\/radio\/index.php?rest_route=\/wp\/v2\/posts"}],"about":[{"href":"https:\/\/radiotordera.cat\/radio\/index.php?rest_route=\/wp\/v2\/types\/post"}],"author":[{"embeddable":true,"href":"https:\/\/radiotordera.cat\/radio\/index.php?rest_route=\/wp\/v2\/users\/3"}],"replies":[{"embeddable":true,"href":"https:\/\/radiotordera.cat\/radio\/index.php?rest_route=%2Fwp%2Fv2%2Fcomments&post=139457"}],"version-history":[{"count":1,"href":"https:\/\/radiotordera.cat\/radio\/index.php?rest_route=\/wp\/v2\/posts\/139457\/revisions"}],"predecessor-version":[{"id":139460,"href":"https:\/\/radiotordera.cat\/radio\/index.php?rest_route=\/wp\/v2\/posts\/139457\/revisions\/139460"}],"wp:featuredmedia":[{"embeddable":true,"href":"https:\/\/radiotordera.cat\/radio\/index.php?rest_route=\/wp\/v2\/media\/139461"}],"wp:attachment":[{"href":"https:\/\/radiotordera.cat\/radio\/index.php?rest_route=%2Fwp%2Fv2%2Fmedia&parent=139457"}],"wp:term":[{"taxonomy":"category","embeddable":true,"href":"https:\/\/radiotordera.cat\/radio\/index.php?rest_route=%2Fwp%2Fv2%2Fcategories&post=139457"},{"taxonomy":"post_tag","embeddable":true,"href":"https:\/\/radiotordera.cat\/radio\/index.php?rest_route=%2Fwp%2Fv2%2Ftags&post=139457"}],"curies":[{"name":"wp","href":"https:\/\/api.w.org\/{rel}","templated":true}]}}