{"id":139446,"date":"2026-09-04T09:17:03","date_gmt":"2026-09-04T07:17:03","guid":{"rendered":"https:\/\/radiotordera.cat\/radio\/?p=139446"},"modified":"2026-09-04T09:17:04","modified_gmt":"2026-09-04T07:17:04","slug":"salut-planteja-una-nova-manera-dorganitzar-latencio-sanitaria-a-la-baixa-tordera","status":"publish","type":"post","link":"https:\/\/radiotordera.cat\/radio\/?p=139446","title":{"rendered":"Salut planteja una nova manera d\u2019organitzar l\u2019atenci\u00f3 sanit\u00e0ria a la Baixa Tordera"},"content":{"rendered":"\n<h1 class=\"wp-block-heading\"><em>La voluntat \u00e9s detectar conjuntament les necessitats de la poblaci\u00f3 i treballar per reduir les desigualtats en l\u2019acc\u00e9s a la salut entre els diferents municipis.<\/em><\/h1>\n\n\n\n<p class=\"wp-block-paragraph\">El Departament de Salut desplegar\u00e0 tres grans projectes d\u2019atenci\u00f3 integrada a la regi\u00f3 sanit\u00e0ria de Girona per adaptar els serveis de salut a l\u2019envelliment de la poblaci\u00f3, l\u2019augment de les malalties cr\u00f2niques i les noves necessitats socials.<\/p>\n\n\n\n<p class=\"wp-block-paragraph\">Una de les principals actuacions afectar\u00e0 directament la Baixa Tordera, que engloba municipis de l\u2019Alt Maresme i la Selva Mar\u00edtima, amb una poblaci\u00f3 de m\u00e9s de 217.000 habitants.<\/p>\n\n\n\n<p class=\"wp-block-paragraph\">La proposta m\u00e9s destacada \u00e9s la creaci\u00f3 d\u2019una Finestra \u00danica d\u2019Atenci\u00f3 Domicili\u00e0ria. Aquest servei centralitzar\u00e0 les peticions d\u2019atenci\u00f3 a domicili i valorar\u00e0 les necessitats de cada pacient per decidir quin \u00e9s el recurs m\u00e9s adequat.<\/p>\n\n\n\n<p class=\"wp-block-paragraph\">D\u2019aquesta manera, una mateixa porta d\u2019entrada permetr\u00e0 derivar els pacients, quan sigui necessari, a serveis com el PADES, l\u2019hospitalitzaci\u00f3 a domicili o l\u2019atenci\u00f3 interm\u00e8dia.<\/p>\n\n\n\n<p class=\"wp-block-paragraph\">El projecte tamb\u00e9 preveu millorar la coordinaci\u00f3 entre l\u2019atenci\u00f3 prim\u00e0ria, els hospitals, els serveis d\u2019atenci\u00f3 domicili\u00e0ria, l\u2019atenci\u00f3 interm\u00e8dia i els recursos comunitaris. Des de Tordera, la directora del CAP,&nbsp; N\u00faria Roura, assegura que el centre est\u00e0 consolidant un canvi de model&nbsp; dirigit a aquell col\u00b7lectiu amb necessitats tant socials com sanit\u00e0ries. Roura afirma que prop\u00f2sit ser\u00e0 detectar aquests casos i oferir una ajuda m\u00e9s acurada.<\/p>\n\n\n\n<figure class=\"wp-block-audio\"><audio controls src=\"https:\/\/radiotordera.cat\/radio\/wp-content\/uploads\/2026\/09\/Nuria-Roure.mp3\"><\/audio><\/figure>\n\n\n\n<p class=\"wp-block-paragraph\"><strong> <em>\u201cL\u2019objectiu d\u2019aquest programa \u00e9s oferir unes cures m\u00e9s especialitzades i un seguiment centrat en la persona i el seu entorn\u201d<\/em><\/strong><\/p>\n\n\n\n<p class=\"wp-block-paragraph\">En paral\u00b7lel, Salut planteja reorganitzar els serveis dels hospitals de Calella i Blanes des d\u2019una perspectiva territorial. L\u2019objectiu \u00e9s facilitar l\u2019acc\u00e9s als serveis sanitaris, reduir les difer\u00e8ncies entre municipis i millorar la qualitat de l\u2019atenci\u00f3.<\/p>\n\n\n\n<p class=\"wp-block-paragraph\">La Baixa Tordera tamb\u00e9 incorporar\u00e0 noves eines tecnol\u00f2giques. Entre les propostes hi ha l\u2019\u00fas de la intel\u00b7lig\u00e8ncia artificial per ajudar en el triatge de problemes de l\u2019aparell locomotor i sistemes de monitoratge a dist\u00e0ncia per fer el seguiment de pacients amb insufici\u00e8ncia card\u00edaca o malaltia pulmonar obstructiva cr\u00f2nica.<\/p>\n\n\n\n<p class=\"wp-block-paragraph\"><\/p>\n","protected":false},"excerpt":{"rendered":"<p>La voluntat \u00e9s detectar conjuntament les necessitats de la poblaci\u00f3 i treballar per reduir les desigualtats en l\u2019acc\u00e9s a la salut entre els diferents municipis. El Departament de Salut desplegar\u00e0 tres grans projectes d\u2019atenci\u00f3 integrada a la regi\u00f3 sanit\u00e0ria de Girona per adaptar els serveis de salut a l\u2019envelliment de la poblaci\u00f3, l\u2019augment de les [&hellip;]<\/p>\n","protected":false},"author":6,"featured_media":139448,"comment_status":"closed","ping_status":"open","sticky":false,"template":"","format":"standard","meta":{"_jetpack_newsletter_access":"","_jetpack_dont_email_post_to_subs":false,"_jetpack_newsletter_tier_id":0,"_jetpack_memberships_contains_paywalled_content":false,"_jetpack_memberships_contains_paid_content":false,"footnotes":"","jetpack_post_was_ever_published":false},"categories":[5,37],"tags":[158],"class_list":["post-139446","post","type-post","status-publish","format-standard","has-post-thumbnail","category-noticies-2","category-salut","tag-salut"],"yoast_head":"<!-- This site is optimized with the Yoast SEO plugin v28.2 - https:\/\/yoast.com\/product\/yoast-seo-wordpress\/ -->\n<title>Salut planteja una nova manera d\u2019organitzar l\u2019atenci\u00f3 sanit\u00e0ria a la Baixa Tordera - R\u00e0dio Tordera<\/title>\n<meta name=\"robots\" content=\"index, follow, max-snippet:-1, max-image-preview:large, max-video-preview:-1\" \/>\n<link rel=\"canonical\" href=\"https:\/\/radiotordera.cat\/radio\/?p=139446\" \/>\n<meta property=\"og:locale\" content=\"ca_ES\" \/>\n<meta property=\"og:type\" content=\"article\" \/>\n<meta property=\"og:title\" content=\"Salut planteja una nova manera d\u2019organitzar l\u2019atenci\u00f3 sanit\u00e0ria a la Baixa Tordera - R\u00e0dio Tordera\" \/>\n<meta property=\"og:description\" content=\"La voluntat \u00e9s detectar conjuntament les necessitats de la poblaci\u00f3 i treballar per reduir les desigualtats en l\u2019acc\u00e9s a la salut entre els diferents municipis. El Departament de Salut desplegar\u00e0 tres grans projectes d\u2019atenci\u00f3 integrada a la regi\u00f3 sanit\u00e0ria de Girona per adaptar els serveis de salut a l\u2019envelliment de la poblaci\u00f3, l\u2019augment de les [&hellip;]\" \/>\n<meta property=\"og:url\" content=\"https:\/\/radiotordera.cat\/radio\/?p=139446\" \/>\n<meta property=\"og:site_name\" content=\"R\u00e0dio Tordera\" \/>\n<meta property=\"article:published_time\" content=\"2026-09-04T07:17:03+00:00\" \/>\n<meta property=\"article:modified_time\" content=\"2026-09-04T07:17:04+00:00\" \/>\n<meta property=\"og:image\" content=\"https:\/\/radiotordera.cat\/radio\/wp-content\/uploads\/2026\/09\/GTBarcelona_5-aniversari-ACD.jpg\" \/>\n\t<meta property=\"og:image:width\" content=\"1400\" \/>\n\t<meta property=\"og:image:height\" content=\"879\" \/>\n\t<meta property=\"og:image:type\" content=\"image\/jpeg\" \/>\n<meta name=\"author\" content=\"Albert Sabater\" \/>\n<meta name=\"twitter:card\" content=\"summary_large_image\" \/>\n<meta name=\"twitter:label1\" content=\"Escrit per\" \/>\n\t<meta name=\"twitter:data1\" content=\"Albert Sabater\" \/>\n\t<meta name=\"twitter:label2\" content=\"Temps estimat de lectura\" \/>\n\t<meta name=\"twitter:data2\" content=\"2 minuts\" \/>\n<script type=\"application\/ld+json\" class=\"yoast-schema-graph\">{\"@context\":\"https:\\\/\\\/schema.org\",\"@graph\":[{\"@type\":\"Article\",\"@id\":\"https:\\\/\\\/radiotordera.cat\\\/radio\\\/?p=139446#article\",\"isPartOf\":{\"@id\":\"https:\\\/\\\/radiotordera.cat\\\/radio\\\/?p=139446\"},\"author\":{\"name\":\"Albert Sabater\",\"@id\":\"https:\\\/\\\/radiotordera.cat\\\/radio\\\/#\\\/schema\\\/person\\\/6a71581c1b4ac974c7ee50a02953f2f3\"},\"headline\":\"Salut planteja una nova manera d\u2019organitzar l\u2019atenci\u00f3 sanit\u00e0ria a la Baixa Tordera\",\"datePublished\":\"2026-09-04T07:17:03+00:00\",\"dateModified\":\"2026-09-04T07:17:04+00:00\",\"mainEntityOfPage\":{\"@id\":\"https:\\\/\\\/radiotordera.cat\\\/radio\\\/?p=139446\"},\"wordCount\":384,\"publisher\":{\"@id\":\"https:\\\/\\\/radiotordera.cat\\\/radio\\\/#organization\"},\"image\":{\"@id\":\"https:\\\/\\\/radiotordera.cat\\\/radio\\\/?p=139446#primaryimage\"},\"thumbnailUrl\":\"https:\\\/\\\/i0.wp.com\\\/radiotordera.cat\\\/radio\\\/wp-content\\\/uploads\\\/2026\\\/09\\\/GTBarcelona_5-aniversari-ACD.jpg?fit=1400%2C879&ssl=1\",\"keywords\":[\"salut\"],\"articleSection\":[\"Noticies\",\"Salut\"],\"inLanguage\":\"ca\"},{\"@type\":\"WebPage\",\"@id\":\"https:\\\/\\\/radiotordera.cat\\\/radio\\\/?p=139446\",\"url\":\"https:\\\/\\\/radiotordera.cat\\\/radio\\\/?p=139446\",\"name\":\"Salut planteja una nova manera d\u2019organitzar l\u2019atenci\u00f3 sanit\u00e0ria a la Baixa Tordera - R\u00e0dio Tordera\",\"isPartOf\":{\"@id\":\"https:\\\/\\\/radiotordera.cat\\\/radio\\\/#website\"},\"primaryImageOfPage\":{\"@id\":\"https:\\\/\\\/radiotordera.cat\\\/radio\\\/?p=139446#primaryimage\"},\"image\":{\"@id\":\"https:\\\/\\\/radiotordera.cat\\\/radio\\\/?p=139446#primaryimage\"},\"thumbnailUrl\":\"https:\\\/\\\/i0.wp.com\\\/radiotordera.cat\\\/radio\\\/wp-content\\\/uploads\\\/2026\\\/09\\\/GTBarcelona_5-aniversari-ACD.jpg?fit=1400%2C879&ssl=1\",\"datePublished\":\"2026-09-04T07:17:03+00:00\",\"dateModified\":\"2026-09-04T07:17:04+00:00\",\"breadcrumb\":{\"@id\":\"https:\\\/\\\/radiotordera.cat\\\/radio\\\/?p=139446#breadcrumb\"},\"inLanguage\":\"ca\",\"potentialAction\":[{\"@type\":\"ReadAction\",\"target\":[\"https:\\\/\\\/radiotordera.cat\\\/radio\\\/?p=139446\"]}]},{\"@type\":\"ImageObject\",\"inLanguage\":\"ca\",\"@id\":\"https:\\\/\\\/radiotordera.cat\\\/radio\\\/?p=139446#primaryimage\",\"url\":\"https:\\\/\\\/i0.wp.com\\\/radiotordera.cat\\\/radio\\\/wp-content\\\/uploads\\\/2026\\\/09\\\/GTBarcelona_5-aniversari-ACD.jpg?fit=1400%2C879&ssl=1\",\"contentUrl\":\"https:\\\/\\\/i0.wp.com\\\/radiotordera.cat\\\/radio\\\/wp-content\\\/uploads\\\/2026\\\/09\\\/GTBarcelona_5-aniversari-ACD.jpg?fit=1400%2C879&ssl=1\",\"width\":1400,\"height\":879},{\"@type\":\"BreadcrumbList\",\"@id\":\"https:\\\/\\\/radiotordera.cat\\\/radio\\\/?p=139446#breadcrumb\",\"itemListElement\":[{\"@type\":\"ListItem\",\"position\":1,\"name\":\"Inici\",\"item\":\"https:\\\/\\\/radiotordera.cat\\\/radio\\\/\"},{\"@type\":\"ListItem\",\"position\":2,\"name\":\"Salut planteja una nova manera d\u2019organitzar l\u2019atenci\u00f3 sanit\u00e0ria a la Baixa Tordera\"}]},{\"@type\":\"WebSite\",\"@id\":\"https:\\\/\\\/radiotordera.cat\\\/radio\\\/#website\",\"url\":\"https:\\\/\\\/radiotordera.cat\\\/radio\\\/\",\"name\":\"R\u00e0dio Tordera\",\"description\":\"R\u00e0dio Tordera Online\",\"publisher\":{\"@id\":\"https:\\\/\\\/radiotordera.cat\\\/radio\\\/#organization\"},\"potentialAction\":[{\"@type\":\"SearchAction\",\"target\":{\"@type\":\"EntryPoint\",\"urlTemplate\":\"https:\\\/\\\/radiotordera.cat\\\/radio\\\/?s={search_term_string}\"},\"query-input\":{\"@type\":\"PropertyValueSpecification\",\"valueRequired\":true,\"valueName\":\"search_term_string\"}}],\"inLanguage\":\"ca\"},{\"@type\":\"Organization\",\"@id\":\"https:\\\/\\\/radiotordera.cat\\\/radio\\\/#organization\",\"name\":\"R\u00e0dio Tordera\",\"url\":\"https:\\\/\\\/radiotordera.cat\\\/radio\\\/\",\"logo\":{\"@type\":\"ImageObject\",\"inLanguage\":\"ca\",\"@id\":\"https:\\\/\\\/radiotordera.cat\\\/radio\\\/#\\\/schema\\\/logo\\\/image\\\/\",\"url\":\"https:\\\/\\\/i0.wp.com\\\/radiotordera.cat\\\/radio\\\/wp-content\\\/uploads\\\/2016\\\/11\\\/logo-vermell.jpg?fit=567%2C613&ssl=1\",\"contentUrl\":\"https:\\\/\\\/i0.wp.com\\\/radiotordera.cat\\\/radio\\\/wp-content\\\/uploads\\\/2016\\\/11\\\/logo-vermell.jpg?fit=567%2C613&ssl=1\",\"width\":567,\"height\":613,\"caption\":\"R\u00e0dio Tordera\"},\"image\":{\"@id\":\"https:\\\/\\\/radiotordera.cat\\\/radio\\\/#\\\/schema\\\/logo\\\/image\\\/\"}},{\"@type\":\"Person\",\"@id\":\"https:\\\/\\\/radiotordera.cat\\\/radio\\\/#\\\/schema\\\/person\\\/6a71581c1b4ac974c7ee50a02953f2f3\",\"name\":\"Albert Sabater\",\"sameAs\":[\"http:\\\/\\\/radiotordera.cat\"],\"url\":\"https:\\\/\\\/radiotordera.cat\\\/radio\\\/?author=6\"}]}<\/script>\n<!-- \/ Yoast SEO plugin. -->","yoast_head_json":{"title":"Salut planteja una nova manera d\u2019organitzar l\u2019atenci\u00f3 sanit\u00e0ria a la Baixa Tordera - R\u00e0dio Tordera","robots":{"index":"index","follow":"follow","max-snippet":"max-snippet:-1","max-image-preview":"max-image-preview:large","max-video-preview":"max-video-preview:-1"},"canonical":"https:\/\/radiotordera.cat\/radio\/?p=139446","og_locale":"ca_ES","og_type":"article","og_title":"Salut planteja una nova manera d\u2019organitzar l\u2019atenci\u00f3 sanit\u00e0ria a la Baixa Tordera - R\u00e0dio Tordera","og_description":"La voluntat \u00e9s detectar conjuntament les necessitats de la poblaci\u00f3 i treballar per reduir les desigualtats en l\u2019acc\u00e9s a la salut entre els diferents municipis. El Departament de Salut desplegar\u00e0 tres grans projectes d\u2019atenci\u00f3 integrada a la regi\u00f3 sanit\u00e0ria de Girona per adaptar els serveis de salut a l\u2019envelliment de la poblaci\u00f3, l\u2019augment de les [&hellip;]","og_url":"https:\/\/radiotordera.cat\/radio\/?p=139446","og_site_name":"R\u00e0dio Tordera","article_published_time":"2026-09-04T07:17:03+00:00","article_modified_time":"2026-09-04T07:17:04+00:00","og_image":[{"width":1400,"height":879,"url":"https:\/\/radiotordera.cat\/radio\/wp-content\/uploads\/2026\/09\/GTBarcelona_5-aniversari-ACD.jpg","type":"image\/jpeg"}],"author":"Albert Sabater","twitter_card":"summary_large_image","twitter_misc":{"Escrit per":"Albert Sabater","Temps estimat de lectura":"2 minuts"},"schema":{"@context":"https:\/\/schema.org","@graph":[{"@type":"Article","@id":"https:\/\/radiotordera.cat\/radio\/?p=139446#article","isPartOf":{"@id":"https:\/\/radiotordera.cat\/radio\/?p=139446"},"author":{"name":"Albert Sabater","@id":"https:\/\/radiotordera.cat\/radio\/#\/schema\/person\/6a71581c1b4ac974c7ee50a02953f2f3"},"headline":"Salut planteja una nova manera d\u2019organitzar l\u2019atenci\u00f3 sanit\u00e0ria a la Baixa Tordera","datePublished":"2026-09-04T07:17:03+00:00","dateModified":"2026-09-04T07:17:04+00:00","mainEntityOfPage":{"@id":"https:\/\/radiotordera.cat\/radio\/?p=139446"},"wordCount":384,"publisher":{"@id":"https:\/\/radiotordera.cat\/radio\/#organization"},"image":{"@id":"https:\/\/radiotordera.cat\/radio\/?p=139446#primaryimage"},"thumbnailUrl":"https:\/\/i0.wp.com\/radiotordera.cat\/radio\/wp-content\/uploads\/2026\/09\/GTBarcelona_5-aniversari-ACD.jpg?fit=1400%2C879&ssl=1","keywords":["salut"],"articleSection":["Noticies","Salut"],"inLanguage":"ca"},{"@type":"WebPage","@id":"https:\/\/radiotordera.cat\/radio\/?p=139446","url":"https:\/\/radiotordera.cat\/radio\/?p=139446","name":"Salut planteja una nova manera d\u2019organitzar l\u2019atenci\u00f3 sanit\u00e0ria a la Baixa Tordera - R\u00e0dio Tordera","isPartOf":{"@id":"https:\/\/radiotordera.cat\/radio\/#website"},"primaryImageOfPage":{"@id":"https:\/\/radiotordera.cat\/radio\/?p=139446#primaryimage"},"image":{"@id":"https:\/\/radiotordera.cat\/radio\/?p=139446#primaryimage"},"thumbnailUrl":"https:\/\/i0.wp.com\/radiotordera.cat\/radio\/wp-content\/uploads\/2026\/09\/GTBarcelona_5-aniversari-ACD.jpg?fit=1400%2C879&ssl=1","datePublished":"2026-09-04T07:17:03+00:00","dateModified":"2026-09-04T07:17:04+00:00","breadcrumb":{"@id":"https:\/\/radiotordera.cat\/radio\/?p=139446#breadcrumb"},"inLanguage":"ca","potentialAction":[{"@type":"ReadAction","target":["https:\/\/radiotordera.cat\/radio\/?p=139446"]}]},{"@type":"ImageObject","inLanguage":"ca","@id":"https:\/\/radiotordera.cat\/radio\/?p=139446#primaryimage","url":"https:\/\/i0.wp.com\/radiotordera.cat\/radio\/wp-content\/uploads\/2026\/09\/GTBarcelona_5-aniversari-ACD.jpg?fit=1400%2C879&ssl=1","contentUrl":"https:\/\/i0.wp.com\/radiotordera.cat\/radio\/wp-content\/uploads\/2026\/09\/GTBarcelona_5-aniversari-ACD.jpg?fit=1400%2C879&ssl=1","width":1400,"height":879},{"@type":"BreadcrumbList","@id":"https:\/\/radiotordera.cat\/radio\/?p=139446#breadcrumb","itemListElement":[{"@type":"ListItem","position":1,"name":"Inici","item":"https:\/\/radiotordera.cat\/radio\/"},{"@type":"ListItem","position":2,"name":"Salut planteja una nova manera d\u2019organitzar l\u2019atenci\u00f3 sanit\u00e0ria a la Baixa Tordera"}]},{"@type":"WebSite","@id":"https:\/\/radiotordera.cat\/radio\/#website","url":"https:\/\/radiotordera.cat\/radio\/","name":"R\u00e0dio Tordera","description":"R\u00e0dio Tordera Online","publisher":{"@id":"https:\/\/radiotordera.cat\/radio\/#organization"},"potentialAction":[{"@type":"SearchAction","target":{"@type":"EntryPoint","urlTemplate":"https:\/\/radiotordera.cat\/radio\/?s={search_term_string}"},"query-input":{"@type":"PropertyValueSpecification","valueRequired":true,"valueName":"search_term_string"}}],"inLanguage":"ca"},{"@type":"Organization","@id":"https:\/\/radiotordera.cat\/radio\/#organization","name":"R\u00e0dio Tordera","url":"https:\/\/radiotordera.cat\/radio\/","logo":{"@type":"ImageObject","inLanguage":"ca","@id":"https:\/\/radiotordera.cat\/radio\/#\/schema\/logo\/image\/","url":"https:\/\/i0.wp.com\/radiotordera.cat\/radio\/wp-content\/uploads\/2016\/11\/logo-vermell.jpg?fit=567%2C613&ssl=1","contentUrl":"https:\/\/i0.wp.com\/radiotordera.cat\/radio\/wp-content\/uploads\/2016\/11\/logo-vermell.jpg?fit=567%2C613&ssl=1","width":567,"height":613,"caption":"R\u00e0dio Tordera"},"image":{"@id":"https:\/\/radiotordera.cat\/radio\/#\/schema\/logo\/image\/"}},{"@type":"Person","@id":"https:\/\/radiotordera.cat\/radio\/#\/schema\/person\/6a71581c1b4ac974c7ee50a02953f2f3","name":"Albert Sabater","sameAs":["http:\/\/radiotordera.cat"],"url":"https:\/\/radiotordera.cat\/radio\/?author=6"}]}},"jetpack_featured_media_url":"https:\/\/i0.wp.com\/radiotordera.cat\/radio\/wp-content\/uploads\/2026\/09\/GTBarcelona_5-aniversari-ACD.jpg?fit=1400%2C879&ssl=1","jetpack_sharing_enabled":true,"_links":{"self":[{"href":"https:\/\/radiotordera.cat\/radio\/index.php?rest_route=\/wp\/v2\/posts\/139446","targetHints":{"allow":["GET"]}}],"collection":[{"href":"https:\/\/radiotordera.cat\/radio\/index.php?rest_route=\/wp\/v2\/posts"}],"about":[{"href":"https:\/\/radiotordera.cat\/radio\/index.php?rest_route=\/wp\/v2\/types\/post"}],"author":[{"embeddable":true,"href":"https:\/\/radiotordera.cat\/radio\/index.php?rest_route=\/wp\/v2\/users\/6"}],"replies":[{"embeddable":true,"href":"https:\/\/radiotordera.cat\/radio\/index.php?rest_route=%2Fwp%2Fv2%2Fcomments&post=139446"}],"version-history":[{"count":1,"href":"https:\/\/radiotordera.cat\/radio\/index.php?rest_route=\/wp\/v2\/posts\/139446\/revisions"}],"predecessor-version":[{"id":139449,"href":"https:\/\/radiotordera.cat\/radio\/index.php?rest_route=\/wp\/v2\/posts\/139446\/revisions\/139449"}],"wp:featuredmedia":[{"embeddable":true,"href":"https:\/\/radiotordera.cat\/radio\/index.php?rest_route=\/wp\/v2\/media\/139448"}],"wp:attachment":[{"href":"https:\/\/radiotordera.cat\/radio\/index.php?rest_route=%2Fwp%2Fv2%2Fmedia&parent=139446"}],"wp:term":[{"taxonomy":"category","embeddable":true,"href":"https:\/\/radiotordera.cat\/radio\/index.php?rest_route=%2Fwp%2Fv2%2Fcategories&post=139446"},{"taxonomy":"post_tag","embeddable":true,"href":"https:\/\/radiotordera.cat\/radio\/index.php?rest_route=%2Fwp%2Fv2%2Ftags&post=139446"}],"curies":[{"name":"wp","href":"https:\/\/api.w.org\/{rel}","templated":true}]}}