{"id":139438,"date":"2026-09-04T09:09:55","date_gmt":"2026-09-04T07:09:55","guid":{"rendered":"https:\/\/radiotordera.cat\/radio\/?p=139438"},"modified":"2026-09-04T09:09:56","modified_gmt":"2026-09-04T07:09:56","slug":"torna-la-convocatoria-dajuts-a-la-compra-de-productes-de-suport-per-a-persones-amb-discapacitat","status":"publish","type":"post","link":"https:\/\/radiotordera.cat\/radio\/?p=139438","title":{"rendered":"Torna la convocat\u00f2ria d\u2019ajuts a la compra de productes de suport per a persones amb discapacitat"},"content":{"rendered":"\n<h1 class=\"wp-block-heading\"><em>El proc\u00e9s es tancar\u00e0 el 2 d\u2019octubre<\/em><\/h1>\n\n\n\n<p class=\"wp-block-paragraph\">Oberta la convocat\u00f2ria per a accedir a la Prestaci\u00f3 d\u2019atenci\u00f3 social a les persones amb discapacitat (PUA). Es tracta d\u2019uns ajuts que el Departament de Drets Socials atorguen per contribuir a fer front a les despeses ocasionades per la compra de productes i actuacions que milloren la qualitat de vida i la inclusi\u00f3 social de les persones amb discapacitat intel\u00b7lectual, f\u00edsica o sensorial.<\/p>\n\n\n\n<p class=\"wp-block-paragraph\">El Departament destinar\u00e0 6,9 milions d\u2019euros a aquesta nova convocat\u00f2ria, oberta fins al 2 d\u2019octubre i adre\u00e7ada a les persones que hagin comprat material t\u00e8cnic i de mobilitat els anys 2024, 2025 i 2026.&nbsp;Ho explica, el conseller de Drets Socials i Inclusi\u00f3, Ra\u00fal Moreno.<\/p>\n\n\n\n<figure class=\"wp-block-audio\"><audio controls src=\"https:\/\/radiotordera.cat\/radio\/wp-content\/uploads\/2026\/09\/pua.mp3\"><\/audio><\/figure>\n\n\n\n<p class=\"wp-block-paragraph\"><strong> \u201cvolem facilitar que les persones amb discapacitat tinguin m\u00e9s autonomia\u201d<\/strong><\/p>\n\n\n\n<p class=\"wp-block-paragraph\">El cat\u00e0leg de la convocat\u00f2ria actual preveu m\u00e9s de 130 productes i actuacions, entre els quals inclou ajuts a la mobilitat \u2014com l\u2019adaptaci\u00f3 del vehicle o transport per assistir a determinats serveis\u2014, i productes de suport a la comunicaci\u00f3 \u2014des d\u2019audi\u00f2fons i lupes electr\u00f2niques fins a cursos de llengua de signes o lectura labial\u2014 i a l\u2019autonomia personal, com cadires de rodes, llits articulats, tamborets de dutxa o grues.<\/p>\n\n\n\n<p class=\"wp-block-paragraph\">Els dos requisits principals que han de complir les persones que vulguin demanar-les s\u00f3n tenir reconeguda una discapacitat igual o superior al 33% i disposar d\u2019uns ingressos inferiors als 33.677,63 euros. La sol\u00b7licitud es pot fer presencialment o per internet.<\/p>\n","protected":false},"excerpt":{"rendered":"<p>El proc\u00e9s es tancar\u00e0 el 2 d\u2019octubre Oberta la convocat\u00f2ria per a accedir a la Prestaci\u00f3 d\u2019atenci\u00f3 social a les persones amb discapacitat (PUA). Es tracta d\u2019uns ajuts que el Departament de Drets Socials atorguen per contribuir a fer front a les despeses ocasionades per la compra de productes i actuacions que milloren la qualitat [&hellip;]<\/p>\n","protected":false},"author":6,"featured_media":139440,"comment_status":"closed","ping_status":"open","sticky":false,"template":"","format":"standard","meta":{"_jetpack_newsletter_access":"","_jetpack_dont_email_post_to_subs":false,"_jetpack_newsletter_tier_id":0,"_jetpack_memberships_contains_paywalled_content":false,"_jetpack_memberships_contains_paid_content":false,"footnotes":"","jetpack_post_was_ever_published":false},"categories":[5,37],"tags":[158],"class_list":["post-139438","post","type-post","status-publish","format-standard","has-post-thumbnail","category-noticies-2","category-salut","tag-salut"],"yoast_head":"<!-- This site is optimized with the Yoast SEO plugin v28.2 - https:\/\/yoast.com\/product\/yoast-seo-wordpress\/ -->\n<title>Torna la convocat\u00f2ria d\u2019ajuts a la compra de productes de suport per a persones amb discapacitat - R\u00e0dio Tordera<\/title>\n<meta name=\"robots\" content=\"index, follow, max-snippet:-1, max-image-preview:large, max-video-preview:-1\" \/>\n<link rel=\"canonical\" href=\"https:\/\/radiotordera.cat\/radio\/?p=139438\" \/>\n<meta property=\"og:locale\" content=\"ca_ES\" \/>\n<meta property=\"og:type\" content=\"article\" \/>\n<meta property=\"og:title\" content=\"Torna la convocat\u00f2ria d\u2019ajuts a la compra de productes de suport per a persones amb discapacitat - R\u00e0dio Tordera\" \/>\n<meta property=\"og:description\" content=\"El proc\u00e9s es tancar\u00e0 el 2 d\u2019octubre Oberta la convocat\u00f2ria per a accedir a la Prestaci\u00f3 d\u2019atenci\u00f3 social a les persones amb discapacitat (PUA). Es tracta d\u2019uns ajuts que el Departament de Drets Socials atorguen per contribuir a fer front a les despeses ocasionades per la compra de productes i actuacions que milloren la qualitat [&hellip;]\" \/>\n<meta property=\"og:url\" content=\"https:\/\/radiotordera.cat\/radio\/?p=139438\" \/>\n<meta property=\"og:site_name\" content=\"R\u00e0dio Tordera\" \/>\n<meta property=\"article:published_time\" content=\"2026-09-04T07:09:55+00:00\" \/>\n<meta property=\"article:modified_time\" content=\"2026-09-04T07:09:56+00:00\" \/>\n<meta property=\"og:image\" content=\"https:\/\/radiotordera.cat\/radio\/wp-content\/uploads\/2026\/09\/simbols-accessibilitat.jpg_191393041.jpg\" \/>\n\t<meta property=\"og:image:width\" content=\"555\" \/>\n\t<meta property=\"og:image:height\" content=\"431\" \/>\n\t<meta property=\"og:image:type\" content=\"image\/jpeg\" \/>\n<meta name=\"author\" content=\"Albert Sabater\" \/>\n<meta name=\"twitter:card\" content=\"summary_large_image\" \/>\n<meta name=\"twitter:label1\" content=\"Escrit per\" \/>\n\t<meta name=\"twitter:data1\" content=\"Albert Sabater\" \/>\n\t<meta name=\"twitter:label2\" content=\"Temps estimat de lectura\" \/>\n\t<meta name=\"twitter:data2\" content=\"2 minuts\" \/>\n<script type=\"application\/ld+json\" class=\"yoast-schema-graph\">{\"@context\":\"https:\\\/\\\/schema.org\",\"@graph\":[{\"@type\":\"Article\",\"@id\":\"https:\\\/\\\/radiotordera.cat\\\/radio\\\/?p=139438#article\",\"isPartOf\":{\"@id\":\"https:\\\/\\\/radiotordera.cat\\\/radio\\\/?p=139438\"},\"author\":{\"name\":\"Albert Sabater\",\"@id\":\"https:\\\/\\\/radiotordera.cat\\\/radio\\\/#\\\/schema\\\/person\\\/6a71581c1b4ac974c7ee50a02953f2f3\"},\"headline\":\"Torna la convocat\u00f2ria d\u2019ajuts a la compra de productes de suport per a persones amb discapacitat\",\"datePublished\":\"2026-09-04T07:09:55+00:00\",\"dateModified\":\"2026-09-04T07:09:56+00:00\",\"mainEntityOfPage\":{\"@id\":\"https:\\\/\\\/radiotordera.cat\\\/radio\\\/?p=139438\"},\"wordCount\":269,\"publisher\":{\"@id\":\"https:\\\/\\\/radiotordera.cat\\\/radio\\\/#organization\"},\"image\":{\"@id\":\"https:\\\/\\\/radiotordera.cat\\\/radio\\\/?p=139438#primaryimage\"},\"thumbnailUrl\":\"https:\\\/\\\/i0.wp.com\\\/radiotordera.cat\\\/radio\\\/wp-content\\\/uploads\\\/2026\\\/09\\\/simbols-accessibilitat.jpg_191393041.jpg?fit=555%2C431&ssl=1\",\"keywords\":[\"salut\"],\"articleSection\":[\"Noticies\",\"Salut\"],\"inLanguage\":\"ca\"},{\"@type\":\"WebPage\",\"@id\":\"https:\\\/\\\/radiotordera.cat\\\/radio\\\/?p=139438\",\"url\":\"https:\\\/\\\/radiotordera.cat\\\/radio\\\/?p=139438\",\"name\":\"Torna la convocat\u00f2ria d\u2019ajuts a la compra de productes de suport per a persones amb discapacitat - R\u00e0dio Tordera\",\"isPartOf\":{\"@id\":\"https:\\\/\\\/radiotordera.cat\\\/radio\\\/#website\"},\"primaryImageOfPage\":{\"@id\":\"https:\\\/\\\/radiotordera.cat\\\/radio\\\/?p=139438#primaryimage\"},\"image\":{\"@id\":\"https:\\\/\\\/radiotordera.cat\\\/radio\\\/?p=139438#primaryimage\"},\"thumbnailUrl\":\"https:\\\/\\\/i0.wp.com\\\/radiotordera.cat\\\/radio\\\/wp-content\\\/uploads\\\/2026\\\/09\\\/simbols-accessibilitat.jpg_191393041.jpg?fit=555%2C431&ssl=1\",\"datePublished\":\"2026-09-04T07:09:55+00:00\",\"dateModified\":\"2026-09-04T07:09:56+00:00\",\"breadcrumb\":{\"@id\":\"https:\\\/\\\/radiotordera.cat\\\/radio\\\/?p=139438#breadcrumb\"},\"inLanguage\":\"ca\",\"potentialAction\":[{\"@type\":\"ReadAction\",\"target\":[\"https:\\\/\\\/radiotordera.cat\\\/radio\\\/?p=139438\"]}]},{\"@type\":\"ImageObject\",\"inLanguage\":\"ca\",\"@id\":\"https:\\\/\\\/radiotordera.cat\\\/radio\\\/?p=139438#primaryimage\",\"url\":\"https:\\\/\\\/i0.wp.com\\\/radiotordera.cat\\\/radio\\\/wp-content\\\/uploads\\\/2026\\\/09\\\/simbols-accessibilitat.jpg_191393041.jpg?fit=555%2C431&ssl=1\",\"contentUrl\":\"https:\\\/\\\/i0.wp.com\\\/radiotordera.cat\\\/radio\\\/wp-content\\\/uploads\\\/2026\\\/09\\\/simbols-accessibilitat.jpg_191393041.jpg?fit=555%2C431&ssl=1\",\"width\":555,\"height\":431},{\"@type\":\"BreadcrumbList\",\"@id\":\"https:\\\/\\\/radiotordera.cat\\\/radio\\\/?p=139438#breadcrumb\",\"itemListElement\":[{\"@type\":\"ListItem\",\"position\":1,\"name\":\"Inici\",\"item\":\"https:\\\/\\\/radiotordera.cat\\\/radio\\\/\"},{\"@type\":\"ListItem\",\"position\":2,\"name\":\"Torna la convocat\u00f2ria d\u2019ajuts a la compra de productes de suport per a persones amb discapacitat\"}]},{\"@type\":\"WebSite\",\"@id\":\"https:\\\/\\\/radiotordera.cat\\\/radio\\\/#website\",\"url\":\"https:\\\/\\\/radiotordera.cat\\\/radio\\\/\",\"name\":\"R\u00e0dio Tordera\",\"description\":\"R\u00e0dio Tordera Online\",\"publisher\":{\"@id\":\"https:\\\/\\\/radiotordera.cat\\\/radio\\\/#organization\"},\"potentialAction\":[{\"@type\":\"SearchAction\",\"target\":{\"@type\":\"EntryPoint\",\"urlTemplate\":\"https:\\\/\\\/radiotordera.cat\\\/radio\\\/?s={search_term_string}\"},\"query-input\":{\"@type\":\"PropertyValueSpecification\",\"valueRequired\":true,\"valueName\":\"search_term_string\"}}],\"inLanguage\":\"ca\"},{\"@type\":\"Organization\",\"@id\":\"https:\\\/\\\/radiotordera.cat\\\/radio\\\/#organization\",\"name\":\"R\u00e0dio Tordera\",\"url\":\"https:\\\/\\\/radiotordera.cat\\\/radio\\\/\",\"logo\":{\"@type\":\"ImageObject\",\"inLanguage\":\"ca\",\"@id\":\"https:\\\/\\\/radiotordera.cat\\\/radio\\\/#\\\/schema\\\/logo\\\/image\\\/\",\"url\":\"https:\\\/\\\/i0.wp.com\\\/radiotordera.cat\\\/radio\\\/wp-content\\\/uploads\\\/2016\\\/11\\\/logo-vermell.jpg?fit=567%2C613&ssl=1\",\"contentUrl\":\"https:\\\/\\\/i0.wp.com\\\/radiotordera.cat\\\/radio\\\/wp-content\\\/uploads\\\/2016\\\/11\\\/logo-vermell.jpg?fit=567%2C613&ssl=1\",\"width\":567,\"height\":613,\"caption\":\"R\u00e0dio Tordera\"},\"image\":{\"@id\":\"https:\\\/\\\/radiotordera.cat\\\/radio\\\/#\\\/schema\\\/logo\\\/image\\\/\"}},{\"@type\":\"Person\",\"@id\":\"https:\\\/\\\/radiotordera.cat\\\/radio\\\/#\\\/schema\\\/person\\\/6a71581c1b4ac974c7ee50a02953f2f3\",\"name\":\"Albert Sabater\",\"sameAs\":[\"http:\\\/\\\/radiotordera.cat\"],\"url\":\"https:\\\/\\\/radiotordera.cat\\\/radio\\\/?author=6\"}]}<\/script>\n<!-- \/ Yoast SEO plugin. -->","yoast_head_json":{"title":"Torna la convocat\u00f2ria d\u2019ajuts a la compra de productes de suport per a persones amb discapacitat - R\u00e0dio Tordera","robots":{"index":"index","follow":"follow","max-snippet":"max-snippet:-1","max-image-preview":"max-image-preview:large","max-video-preview":"max-video-preview:-1"},"canonical":"https:\/\/radiotordera.cat\/radio\/?p=139438","og_locale":"ca_ES","og_type":"article","og_title":"Torna la convocat\u00f2ria d\u2019ajuts a la compra de productes de suport per a persones amb discapacitat - R\u00e0dio Tordera","og_description":"El proc\u00e9s es tancar\u00e0 el 2 d\u2019octubre Oberta la convocat\u00f2ria per a accedir a la Prestaci\u00f3 d\u2019atenci\u00f3 social a les persones amb discapacitat (PUA). Es tracta d\u2019uns ajuts que el Departament de Drets Socials atorguen per contribuir a fer front a les despeses ocasionades per la compra de productes i actuacions que milloren la qualitat [&hellip;]","og_url":"https:\/\/radiotordera.cat\/radio\/?p=139438","og_site_name":"R\u00e0dio Tordera","article_published_time":"2026-09-04T07:09:55+00:00","article_modified_time":"2026-09-04T07:09:56+00:00","og_image":[{"width":555,"height":431,"url":"https:\/\/radiotordera.cat\/radio\/wp-content\/uploads\/2026\/09\/simbols-accessibilitat.jpg_191393041.jpg","type":"image\/jpeg"}],"author":"Albert Sabater","twitter_card":"summary_large_image","twitter_misc":{"Escrit per":"Albert Sabater","Temps estimat de lectura":"2 minuts"},"schema":{"@context":"https:\/\/schema.org","@graph":[{"@type":"Article","@id":"https:\/\/radiotordera.cat\/radio\/?p=139438#article","isPartOf":{"@id":"https:\/\/radiotordera.cat\/radio\/?p=139438"},"author":{"name":"Albert Sabater","@id":"https:\/\/radiotordera.cat\/radio\/#\/schema\/person\/6a71581c1b4ac974c7ee50a02953f2f3"},"headline":"Torna la convocat\u00f2ria d\u2019ajuts a la compra de productes de suport per a persones amb discapacitat","datePublished":"2026-09-04T07:09:55+00:00","dateModified":"2026-09-04T07:09:56+00:00","mainEntityOfPage":{"@id":"https:\/\/radiotordera.cat\/radio\/?p=139438"},"wordCount":269,"publisher":{"@id":"https:\/\/radiotordera.cat\/radio\/#organization"},"image":{"@id":"https:\/\/radiotordera.cat\/radio\/?p=139438#primaryimage"},"thumbnailUrl":"https:\/\/i0.wp.com\/radiotordera.cat\/radio\/wp-content\/uploads\/2026\/09\/simbols-accessibilitat.jpg_191393041.jpg?fit=555%2C431&ssl=1","keywords":["salut"],"articleSection":["Noticies","Salut"],"inLanguage":"ca"},{"@type":"WebPage","@id":"https:\/\/radiotordera.cat\/radio\/?p=139438","url":"https:\/\/radiotordera.cat\/radio\/?p=139438","name":"Torna la convocat\u00f2ria d\u2019ajuts a la compra de productes de suport per a persones amb discapacitat - R\u00e0dio Tordera","isPartOf":{"@id":"https:\/\/radiotordera.cat\/radio\/#website"},"primaryImageOfPage":{"@id":"https:\/\/radiotordera.cat\/radio\/?p=139438#primaryimage"},"image":{"@id":"https:\/\/radiotordera.cat\/radio\/?p=139438#primaryimage"},"thumbnailUrl":"https:\/\/i0.wp.com\/radiotordera.cat\/radio\/wp-content\/uploads\/2026\/09\/simbols-accessibilitat.jpg_191393041.jpg?fit=555%2C431&ssl=1","datePublished":"2026-09-04T07:09:55+00:00","dateModified":"2026-09-04T07:09:56+00:00","breadcrumb":{"@id":"https:\/\/radiotordera.cat\/radio\/?p=139438#breadcrumb"},"inLanguage":"ca","potentialAction":[{"@type":"ReadAction","target":["https:\/\/radiotordera.cat\/radio\/?p=139438"]}]},{"@type":"ImageObject","inLanguage":"ca","@id":"https:\/\/radiotordera.cat\/radio\/?p=139438#primaryimage","url":"https:\/\/i0.wp.com\/radiotordera.cat\/radio\/wp-content\/uploads\/2026\/09\/simbols-accessibilitat.jpg_191393041.jpg?fit=555%2C431&ssl=1","contentUrl":"https:\/\/i0.wp.com\/radiotordera.cat\/radio\/wp-content\/uploads\/2026\/09\/simbols-accessibilitat.jpg_191393041.jpg?fit=555%2C431&ssl=1","width":555,"height":431},{"@type":"BreadcrumbList","@id":"https:\/\/radiotordera.cat\/radio\/?p=139438#breadcrumb","itemListElement":[{"@type":"ListItem","position":1,"name":"Inici","item":"https:\/\/radiotordera.cat\/radio\/"},{"@type":"ListItem","position":2,"name":"Torna la convocat\u00f2ria d\u2019ajuts a la compra de productes de suport per a persones amb discapacitat"}]},{"@type":"WebSite","@id":"https:\/\/radiotordera.cat\/radio\/#website","url":"https:\/\/radiotordera.cat\/radio\/","name":"R\u00e0dio Tordera","description":"R\u00e0dio Tordera Online","publisher":{"@id":"https:\/\/radiotordera.cat\/radio\/#organization"},"potentialAction":[{"@type":"SearchAction","target":{"@type":"EntryPoint","urlTemplate":"https:\/\/radiotordera.cat\/radio\/?s={search_term_string}"},"query-input":{"@type":"PropertyValueSpecification","valueRequired":true,"valueName":"search_term_string"}}],"inLanguage":"ca"},{"@type":"Organization","@id":"https:\/\/radiotordera.cat\/radio\/#organization","name":"R\u00e0dio Tordera","url":"https:\/\/radiotordera.cat\/radio\/","logo":{"@type":"ImageObject","inLanguage":"ca","@id":"https:\/\/radiotordera.cat\/radio\/#\/schema\/logo\/image\/","url":"https:\/\/i0.wp.com\/radiotordera.cat\/radio\/wp-content\/uploads\/2016\/11\/logo-vermell.jpg?fit=567%2C613&ssl=1","contentUrl":"https:\/\/i0.wp.com\/radiotordera.cat\/radio\/wp-content\/uploads\/2016\/11\/logo-vermell.jpg?fit=567%2C613&ssl=1","width":567,"height":613,"caption":"R\u00e0dio Tordera"},"image":{"@id":"https:\/\/radiotordera.cat\/radio\/#\/schema\/logo\/image\/"}},{"@type":"Person","@id":"https:\/\/radiotordera.cat\/radio\/#\/schema\/person\/6a71581c1b4ac974c7ee50a02953f2f3","name":"Albert Sabater","sameAs":["http:\/\/radiotordera.cat"],"url":"https:\/\/radiotordera.cat\/radio\/?author=6"}]}},"jetpack_featured_media_url":"https:\/\/i0.wp.com\/radiotordera.cat\/radio\/wp-content\/uploads\/2026\/09\/simbols-accessibilitat.jpg_191393041.jpg?fit=555%2C431&ssl=1","jetpack_sharing_enabled":true,"_links":{"self":[{"href":"https:\/\/radiotordera.cat\/radio\/index.php?rest_route=\/wp\/v2\/posts\/139438","targetHints":{"allow":["GET"]}}],"collection":[{"href":"https:\/\/radiotordera.cat\/radio\/index.php?rest_route=\/wp\/v2\/posts"}],"about":[{"href":"https:\/\/radiotordera.cat\/radio\/index.php?rest_route=\/wp\/v2\/types\/post"}],"author":[{"embeddable":true,"href":"https:\/\/radiotordera.cat\/radio\/index.php?rest_route=\/wp\/v2\/users\/6"}],"replies":[{"embeddable":true,"href":"https:\/\/radiotordera.cat\/radio\/index.php?rest_route=%2Fwp%2Fv2%2Fcomments&post=139438"}],"version-history":[{"count":1,"href":"https:\/\/radiotordera.cat\/radio\/index.php?rest_route=\/wp\/v2\/posts\/139438\/revisions"}],"predecessor-version":[{"id":139441,"href":"https:\/\/radiotordera.cat\/radio\/index.php?rest_route=\/wp\/v2\/posts\/139438\/revisions\/139441"}],"wp:featuredmedia":[{"embeddable":true,"href":"https:\/\/radiotordera.cat\/radio\/index.php?rest_route=\/wp\/v2\/media\/139440"}],"wp:attachment":[{"href":"https:\/\/radiotordera.cat\/radio\/index.php?rest_route=%2Fwp%2Fv2%2Fmedia&parent=139438"}],"wp:term":[{"taxonomy":"category","embeddable":true,"href":"https:\/\/radiotordera.cat\/radio\/index.php?rest_route=%2Fwp%2Fv2%2Fcategories&post=139438"},{"taxonomy":"post_tag","embeddable":true,"href":"https:\/\/radiotordera.cat\/radio\/index.php?rest_route=%2Fwp%2Fv2%2Ftags&post=139438"}],"curies":[{"name":"wp","href":"https:\/\/api.w.org\/{rel}","templated":true}]}}