{"id":139435,"date":"2026-09-04T09:05:56","date_gmt":"2026-09-04T07:05:56","guid":{"rendered":"https:\/\/radiotordera.cat\/radio\/?p=139435"},"modified":"2026-09-04T09:05:57","modified_gmt":"2026-09-04T07:05:57","slug":"el-futbol-i-lhoquei-de-tordera-busquen-el-pas-a-la-seguent-ronda-de-la-copa-catalunya-aquest-cap-de-setmana","status":"publish","type":"post","link":"https:\/\/radiotordera.cat\/radio\/?p=139435","title":{"rendered":"El futbol i l&#8217;hoquei de Tordera busquen el pas a la seg\u00fcent ronda de la Copa Catalunya aquest cap de setmana"},"content":{"rendered":"\n<h1 class=\"wp-block-heading\"><em>El Club Pat\u00ed Tordera jugar\u00e0 dissabte al pavell\u00f3 municipal, mentre que el CF Tordera es despla\u00e7ar\u00e0 diumenge a La Jonquera per disputar la segona fase.<\/em><\/h1>\n\n\n\n<p class=\"wp-block-paragraph\">Tordera viur\u00e0 un cap de setmana d&#8217;alta intensitat esportiva amb la Copa Catalunya com a gran protagonista. Tant el conjunt d&#8217;hoquei patins com el de futbol disputaran els seus respectius compromisos oficials amb l&#8217;objectiu de mantenir viva la il\u00b7lusi\u00f3 en la competici\u00f3 del KO.<\/p>\n\n\n\n<p class=\"wp-block-paragraph\">La primera cita ser\u00e0 aquest <strong>dissabte a les 11:00 h<\/strong> al Parroquial. El <strong>Club Pat\u00ed Tordera<\/strong> saltar\u00e0 a la pista davant la seva afici\u00f3 per buscar un triomf que els permeti avan\u00e7ar en el quadre. El suport de la parr\u00f2quia local ser\u00e0 clau per fer decantar la balan\u00e7a a favor dels torderencs des del primer minut.<\/p>\n\n\n\n<p class=\"wp-block-paragraph\">El relleu l&#8217;agafar\u00e0 el <strong>Club Futbol Tordera<\/strong>. Despr\u00e9s de superar el primer escull, els groc-i-vermells disputaran la segona ronda el <strong>diumenge, 6 de setembre, a les 20:00 h<\/strong> a domicili. L&#8217;equip es despla\u00e7ar\u00e0 al camp de la UE La Jonquera en un duel exigent on buscar\u00e0 mantenir la r\u00e0txa positiva i continuar endavant a la Copa.<\/p>\n","protected":false},"excerpt":{"rendered":"<p>El Club Pat\u00ed Tordera jugar\u00e0 dissabte al pavell\u00f3 municipal, mentre que el CF Tordera es despla\u00e7ar\u00e0 diumenge a La Jonquera per disputar la segona fase. Tordera viur\u00e0 un cap de setmana d&#8217;alta intensitat esportiva amb la Copa Catalunya com a gran protagonista. Tant el conjunt d&#8217;hoquei patins com el de futbol disputaran els seus respectius [&hellip;]<\/p>\n","protected":false},"author":6,"featured_media":139436,"comment_status":"closed","ping_status":"open","sticky":false,"template":"","format":"standard","meta":{"_jetpack_newsletter_access":"","_jetpack_dont_email_post_to_subs":false,"_jetpack_newsletter_tier_id":0,"_jetpack_memberships_contains_paywalled_content":false,"_jetpack_memberships_contains_paid_content":false,"footnotes":"","jetpack_post_was_ever_published":false},"categories":[40,5],"tags":[163],"class_list":["post-139435","post","type-post","status-publish","format-standard","has-post-thumbnail","category-esports","category-noticies-2","tag-esports"],"yoast_head":"<!-- This site is optimized with the Yoast SEO plugin v28.2 - https:\/\/yoast.com\/product\/yoast-seo-wordpress\/ -->\n<title>El futbol i l&#039;hoquei de Tordera busquen el pas a la seg\u00fcent ronda de la Copa Catalunya aquest cap de setmana - R\u00e0dio Tordera<\/title>\n<meta name=\"robots\" content=\"index, follow, max-snippet:-1, max-image-preview:large, max-video-preview:-1\" \/>\n<link rel=\"canonical\" href=\"https:\/\/radiotordera.cat\/radio\/?p=139435\" \/>\n<meta property=\"og:locale\" content=\"ca_ES\" \/>\n<meta property=\"og:type\" content=\"article\" \/>\n<meta property=\"og:title\" content=\"El futbol i l&#039;hoquei de Tordera busquen el pas a la seg\u00fcent ronda de la Copa Catalunya aquest cap de setmana - R\u00e0dio Tordera\" \/>\n<meta property=\"og:description\" content=\"El Club Pat\u00ed Tordera jugar\u00e0 dissabte al pavell\u00f3 municipal, mentre que el CF Tordera es despla\u00e7ar\u00e0 diumenge a La Jonquera per disputar la segona fase. Tordera viur\u00e0 un cap de setmana d&#8217;alta intensitat esportiva amb la Copa Catalunya com a gran protagonista. Tant el conjunt d&#8217;hoquei patins com el de futbol disputaran els seus respectius [&hellip;]\" \/>\n<meta property=\"og:url\" content=\"https:\/\/radiotordera.cat\/radio\/?p=139435\" \/>\n<meta property=\"og:site_name\" content=\"R\u00e0dio Tordera\" \/>\n<meta property=\"article:published_time\" content=\"2026-09-04T07:05:56+00:00\" \/>\n<meta property=\"article:modified_time\" content=\"2026-09-04T07:05:57+00:00\" \/>\n<meta property=\"og:image\" content=\"https:\/\/radiotordera.cat\/radio\/wp-content\/uploads\/2026\/09\/667d6ffd2194e271894baa28_Copa-Catalunya.jpg\" \/>\n\t<meta property=\"og:image:width\" content=\"200\" \/>\n\t<meta property=\"og:image:height\" content=\"200\" \/>\n\t<meta property=\"og:image:type\" content=\"image\/jpeg\" \/>\n<meta name=\"author\" content=\"Albert Sabater\" \/>\n<meta name=\"twitter:card\" content=\"summary_large_image\" \/>\n<meta name=\"twitter:label1\" content=\"Escrit per\" \/>\n\t<meta name=\"twitter:data1\" content=\"Albert Sabater\" \/>\n\t<meta name=\"twitter:label2\" content=\"Temps estimat de lectura\" \/>\n\t<meta name=\"twitter:data2\" content=\"2 minuts\" \/>\n<script type=\"application\/ld+json\" class=\"yoast-schema-graph\">{\"@context\":\"https:\\\/\\\/schema.org\",\"@graph\":[{\"@type\":\"Article\",\"@id\":\"https:\\\/\\\/radiotordera.cat\\\/radio\\\/?p=139435#article\",\"isPartOf\":{\"@id\":\"https:\\\/\\\/radiotordera.cat\\\/radio\\\/?p=139435\"},\"author\":{\"name\":\"Albert Sabater\",\"@id\":\"https:\\\/\\\/radiotordera.cat\\\/radio\\\/#\\\/schema\\\/person\\\/6a71581c1b4ac974c7ee50a02953f2f3\"},\"headline\":\"El futbol i l&#8217;hoquei de Tordera busquen el pas a la seg\u00fcent ronda de la Copa Catalunya aquest cap de setmana\",\"datePublished\":\"2026-09-04T07:05:56+00:00\",\"dateModified\":\"2026-09-04T07:05:57+00:00\",\"mainEntityOfPage\":{\"@id\":\"https:\\\/\\\/radiotordera.cat\\\/radio\\\/?p=139435\"},\"wordCount\":214,\"publisher\":{\"@id\":\"https:\\\/\\\/radiotordera.cat\\\/radio\\\/#organization\"},\"image\":{\"@id\":\"https:\\\/\\\/radiotordera.cat\\\/radio\\\/?p=139435#primaryimage\"},\"thumbnailUrl\":\"https:\\\/\\\/i0.wp.com\\\/radiotordera.cat\\\/radio\\\/wp-content\\\/uploads\\\/2026\\\/09\\\/667d6ffd2194e271894baa28_Copa-Catalunya.jpg?fit=200%2C200&ssl=1\",\"keywords\":[\"esports\"],\"articleSection\":[\"Esports\",\"Noticies\"],\"inLanguage\":\"ca\"},{\"@type\":\"WebPage\",\"@id\":\"https:\\\/\\\/radiotordera.cat\\\/radio\\\/?p=139435\",\"url\":\"https:\\\/\\\/radiotordera.cat\\\/radio\\\/?p=139435\",\"name\":\"El futbol i l'hoquei de Tordera busquen el pas a la seg\u00fcent ronda de la Copa Catalunya aquest cap de setmana - R\u00e0dio Tordera\",\"isPartOf\":{\"@id\":\"https:\\\/\\\/radiotordera.cat\\\/radio\\\/#website\"},\"primaryImageOfPage\":{\"@id\":\"https:\\\/\\\/radiotordera.cat\\\/radio\\\/?p=139435#primaryimage\"},\"image\":{\"@id\":\"https:\\\/\\\/radiotordera.cat\\\/radio\\\/?p=139435#primaryimage\"},\"thumbnailUrl\":\"https:\\\/\\\/i0.wp.com\\\/radiotordera.cat\\\/radio\\\/wp-content\\\/uploads\\\/2026\\\/09\\\/667d6ffd2194e271894baa28_Copa-Catalunya.jpg?fit=200%2C200&ssl=1\",\"datePublished\":\"2026-09-04T07:05:56+00:00\",\"dateModified\":\"2026-09-04T07:05:57+00:00\",\"breadcrumb\":{\"@id\":\"https:\\\/\\\/radiotordera.cat\\\/radio\\\/?p=139435#breadcrumb\"},\"inLanguage\":\"ca\",\"potentialAction\":[{\"@type\":\"ReadAction\",\"target\":[\"https:\\\/\\\/radiotordera.cat\\\/radio\\\/?p=139435\"]}]},{\"@type\":\"ImageObject\",\"inLanguage\":\"ca\",\"@id\":\"https:\\\/\\\/radiotordera.cat\\\/radio\\\/?p=139435#primaryimage\",\"url\":\"https:\\\/\\\/i0.wp.com\\\/radiotordera.cat\\\/radio\\\/wp-content\\\/uploads\\\/2026\\\/09\\\/667d6ffd2194e271894baa28_Copa-Catalunya.jpg?fit=200%2C200&ssl=1\",\"contentUrl\":\"https:\\\/\\\/i0.wp.com\\\/radiotordera.cat\\\/radio\\\/wp-content\\\/uploads\\\/2026\\\/09\\\/667d6ffd2194e271894baa28_Copa-Catalunya.jpg?fit=200%2C200&ssl=1\",\"width\":200,\"height\":200},{\"@type\":\"BreadcrumbList\",\"@id\":\"https:\\\/\\\/radiotordera.cat\\\/radio\\\/?p=139435#breadcrumb\",\"itemListElement\":[{\"@type\":\"ListItem\",\"position\":1,\"name\":\"Inici\",\"item\":\"https:\\\/\\\/radiotordera.cat\\\/radio\\\/\"},{\"@type\":\"ListItem\",\"position\":2,\"name\":\"El futbol i l&#8217;hoquei de Tordera busquen el pas a la seg\u00fcent ronda de la Copa Catalunya aquest cap de setmana\"}]},{\"@type\":\"WebSite\",\"@id\":\"https:\\\/\\\/radiotordera.cat\\\/radio\\\/#website\",\"url\":\"https:\\\/\\\/radiotordera.cat\\\/radio\\\/\",\"name\":\"R\u00e0dio Tordera\",\"description\":\"R\u00e0dio Tordera Online\",\"publisher\":{\"@id\":\"https:\\\/\\\/radiotordera.cat\\\/radio\\\/#organization\"},\"potentialAction\":[{\"@type\":\"SearchAction\",\"target\":{\"@type\":\"EntryPoint\",\"urlTemplate\":\"https:\\\/\\\/radiotordera.cat\\\/radio\\\/?s={search_term_string}\"},\"query-input\":{\"@type\":\"PropertyValueSpecification\",\"valueRequired\":true,\"valueName\":\"search_term_string\"}}],\"inLanguage\":\"ca\"},{\"@type\":\"Organization\",\"@id\":\"https:\\\/\\\/radiotordera.cat\\\/radio\\\/#organization\",\"name\":\"R\u00e0dio Tordera\",\"url\":\"https:\\\/\\\/radiotordera.cat\\\/radio\\\/\",\"logo\":{\"@type\":\"ImageObject\",\"inLanguage\":\"ca\",\"@id\":\"https:\\\/\\\/radiotordera.cat\\\/radio\\\/#\\\/schema\\\/logo\\\/image\\\/\",\"url\":\"https:\\\/\\\/i0.wp.com\\\/radiotordera.cat\\\/radio\\\/wp-content\\\/uploads\\\/2016\\\/11\\\/logo-vermell.jpg?fit=567%2C613&ssl=1\",\"contentUrl\":\"https:\\\/\\\/i0.wp.com\\\/radiotordera.cat\\\/radio\\\/wp-content\\\/uploads\\\/2016\\\/11\\\/logo-vermell.jpg?fit=567%2C613&ssl=1\",\"width\":567,\"height\":613,\"caption\":\"R\u00e0dio Tordera\"},\"image\":{\"@id\":\"https:\\\/\\\/radiotordera.cat\\\/radio\\\/#\\\/schema\\\/logo\\\/image\\\/\"}},{\"@type\":\"Person\",\"@id\":\"https:\\\/\\\/radiotordera.cat\\\/radio\\\/#\\\/schema\\\/person\\\/6a71581c1b4ac974c7ee50a02953f2f3\",\"name\":\"Albert Sabater\",\"sameAs\":[\"http:\\\/\\\/radiotordera.cat\"],\"url\":\"https:\\\/\\\/radiotordera.cat\\\/radio\\\/?author=6\"}]}<\/script>\n<!-- \/ Yoast SEO plugin. -->","yoast_head_json":{"title":"El futbol i l'hoquei de Tordera busquen el pas a la seg\u00fcent ronda de la Copa Catalunya aquest cap de setmana - R\u00e0dio Tordera","robots":{"index":"index","follow":"follow","max-snippet":"max-snippet:-1","max-image-preview":"max-image-preview:large","max-video-preview":"max-video-preview:-1"},"canonical":"https:\/\/radiotordera.cat\/radio\/?p=139435","og_locale":"ca_ES","og_type":"article","og_title":"El futbol i l'hoquei de Tordera busquen el pas a la seg\u00fcent ronda de la Copa Catalunya aquest cap de setmana - R\u00e0dio Tordera","og_description":"El Club Pat\u00ed Tordera jugar\u00e0 dissabte al pavell\u00f3 municipal, mentre que el CF Tordera es despla\u00e7ar\u00e0 diumenge a La Jonquera per disputar la segona fase. Tordera viur\u00e0 un cap de setmana d&#8217;alta intensitat esportiva amb la Copa Catalunya com a gran protagonista. Tant el conjunt d&#8217;hoquei patins com el de futbol disputaran els seus respectius [&hellip;]","og_url":"https:\/\/radiotordera.cat\/radio\/?p=139435","og_site_name":"R\u00e0dio Tordera","article_published_time":"2026-09-04T07:05:56+00:00","article_modified_time":"2026-09-04T07:05:57+00:00","og_image":[{"width":200,"height":200,"url":"https:\/\/radiotordera.cat\/radio\/wp-content\/uploads\/2026\/09\/667d6ffd2194e271894baa28_Copa-Catalunya.jpg","type":"image\/jpeg"}],"author":"Albert Sabater","twitter_card":"summary_large_image","twitter_misc":{"Escrit per":"Albert Sabater","Temps estimat de lectura":"2 minuts"},"schema":{"@context":"https:\/\/schema.org","@graph":[{"@type":"Article","@id":"https:\/\/radiotordera.cat\/radio\/?p=139435#article","isPartOf":{"@id":"https:\/\/radiotordera.cat\/radio\/?p=139435"},"author":{"name":"Albert Sabater","@id":"https:\/\/radiotordera.cat\/radio\/#\/schema\/person\/6a71581c1b4ac974c7ee50a02953f2f3"},"headline":"El futbol i l&#8217;hoquei de Tordera busquen el pas a la seg\u00fcent ronda de la Copa Catalunya aquest cap de setmana","datePublished":"2026-09-04T07:05:56+00:00","dateModified":"2026-09-04T07:05:57+00:00","mainEntityOfPage":{"@id":"https:\/\/radiotordera.cat\/radio\/?p=139435"},"wordCount":214,"publisher":{"@id":"https:\/\/radiotordera.cat\/radio\/#organization"},"image":{"@id":"https:\/\/radiotordera.cat\/radio\/?p=139435#primaryimage"},"thumbnailUrl":"https:\/\/i0.wp.com\/radiotordera.cat\/radio\/wp-content\/uploads\/2026\/09\/667d6ffd2194e271894baa28_Copa-Catalunya.jpg?fit=200%2C200&ssl=1","keywords":["esports"],"articleSection":["Esports","Noticies"],"inLanguage":"ca"},{"@type":"WebPage","@id":"https:\/\/radiotordera.cat\/radio\/?p=139435","url":"https:\/\/radiotordera.cat\/radio\/?p=139435","name":"El futbol i l'hoquei de Tordera busquen el pas a la seg\u00fcent ronda de la Copa Catalunya aquest cap de setmana - R\u00e0dio Tordera","isPartOf":{"@id":"https:\/\/radiotordera.cat\/radio\/#website"},"primaryImageOfPage":{"@id":"https:\/\/radiotordera.cat\/radio\/?p=139435#primaryimage"},"image":{"@id":"https:\/\/radiotordera.cat\/radio\/?p=139435#primaryimage"},"thumbnailUrl":"https:\/\/i0.wp.com\/radiotordera.cat\/radio\/wp-content\/uploads\/2026\/09\/667d6ffd2194e271894baa28_Copa-Catalunya.jpg?fit=200%2C200&ssl=1","datePublished":"2026-09-04T07:05:56+00:00","dateModified":"2026-09-04T07:05:57+00:00","breadcrumb":{"@id":"https:\/\/radiotordera.cat\/radio\/?p=139435#breadcrumb"},"inLanguage":"ca","potentialAction":[{"@type":"ReadAction","target":["https:\/\/radiotordera.cat\/radio\/?p=139435"]}]},{"@type":"ImageObject","inLanguage":"ca","@id":"https:\/\/radiotordera.cat\/radio\/?p=139435#primaryimage","url":"https:\/\/i0.wp.com\/radiotordera.cat\/radio\/wp-content\/uploads\/2026\/09\/667d6ffd2194e271894baa28_Copa-Catalunya.jpg?fit=200%2C200&ssl=1","contentUrl":"https:\/\/i0.wp.com\/radiotordera.cat\/radio\/wp-content\/uploads\/2026\/09\/667d6ffd2194e271894baa28_Copa-Catalunya.jpg?fit=200%2C200&ssl=1","width":200,"height":200},{"@type":"BreadcrumbList","@id":"https:\/\/radiotordera.cat\/radio\/?p=139435#breadcrumb","itemListElement":[{"@type":"ListItem","position":1,"name":"Inici","item":"https:\/\/radiotordera.cat\/radio\/"},{"@type":"ListItem","position":2,"name":"El futbol i l&#8217;hoquei de Tordera busquen el pas a la seg\u00fcent ronda de la Copa Catalunya aquest cap de setmana"}]},{"@type":"WebSite","@id":"https:\/\/radiotordera.cat\/radio\/#website","url":"https:\/\/radiotordera.cat\/radio\/","name":"R\u00e0dio Tordera","description":"R\u00e0dio Tordera Online","publisher":{"@id":"https:\/\/radiotordera.cat\/radio\/#organization"},"potentialAction":[{"@type":"SearchAction","target":{"@type":"EntryPoint","urlTemplate":"https:\/\/radiotordera.cat\/radio\/?s={search_term_string}"},"query-input":{"@type":"PropertyValueSpecification","valueRequired":true,"valueName":"search_term_string"}}],"inLanguage":"ca"},{"@type":"Organization","@id":"https:\/\/radiotordera.cat\/radio\/#organization","name":"R\u00e0dio Tordera","url":"https:\/\/radiotordera.cat\/radio\/","logo":{"@type":"ImageObject","inLanguage":"ca","@id":"https:\/\/radiotordera.cat\/radio\/#\/schema\/logo\/image\/","url":"https:\/\/i0.wp.com\/radiotordera.cat\/radio\/wp-content\/uploads\/2016\/11\/logo-vermell.jpg?fit=567%2C613&ssl=1","contentUrl":"https:\/\/i0.wp.com\/radiotordera.cat\/radio\/wp-content\/uploads\/2016\/11\/logo-vermell.jpg?fit=567%2C613&ssl=1","width":567,"height":613,"caption":"R\u00e0dio Tordera"},"image":{"@id":"https:\/\/radiotordera.cat\/radio\/#\/schema\/logo\/image\/"}},{"@type":"Person","@id":"https:\/\/radiotordera.cat\/radio\/#\/schema\/person\/6a71581c1b4ac974c7ee50a02953f2f3","name":"Albert Sabater","sameAs":["http:\/\/radiotordera.cat"],"url":"https:\/\/radiotordera.cat\/radio\/?author=6"}]}},"jetpack_featured_media_url":"https:\/\/i0.wp.com\/radiotordera.cat\/radio\/wp-content\/uploads\/2026\/09\/667d6ffd2194e271894baa28_Copa-Catalunya.jpg?fit=200%2C200&ssl=1","jetpack_sharing_enabled":true,"_links":{"self":[{"href":"https:\/\/radiotordera.cat\/radio\/index.php?rest_route=\/wp\/v2\/posts\/139435","targetHints":{"allow":["GET"]}}],"collection":[{"href":"https:\/\/radiotordera.cat\/radio\/index.php?rest_route=\/wp\/v2\/posts"}],"about":[{"href":"https:\/\/radiotordera.cat\/radio\/index.php?rest_route=\/wp\/v2\/types\/post"}],"author":[{"embeddable":true,"href":"https:\/\/radiotordera.cat\/radio\/index.php?rest_route=\/wp\/v2\/users\/6"}],"replies":[{"embeddable":true,"href":"https:\/\/radiotordera.cat\/radio\/index.php?rest_route=%2Fwp%2Fv2%2Fcomments&post=139435"}],"version-history":[{"count":1,"href":"https:\/\/radiotordera.cat\/radio\/index.php?rest_route=\/wp\/v2\/posts\/139435\/revisions"}],"predecessor-version":[{"id":139437,"href":"https:\/\/radiotordera.cat\/radio\/index.php?rest_route=\/wp\/v2\/posts\/139435\/revisions\/139437"}],"wp:featuredmedia":[{"embeddable":true,"href":"https:\/\/radiotordera.cat\/radio\/index.php?rest_route=\/wp\/v2\/media\/139436"}],"wp:attachment":[{"href":"https:\/\/radiotordera.cat\/radio\/index.php?rest_route=%2Fwp%2Fv2%2Fmedia&parent=139435"}],"wp:term":[{"taxonomy":"category","embeddable":true,"href":"https:\/\/radiotordera.cat\/radio\/index.php?rest_route=%2Fwp%2Fv2%2Fcategories&post=139435"},{"taxonomy":"post_tag","embeddable":true,"href":"https:\/\/radiotordera.cat\/radio\/index.php?rest_route=%2Fwp%2Fv2%2Ftags&post=139435"}],"curies":[{"name":"wp","href":"https:\/\/api.w.org\/{rel}","templated":true}]}}