{"id":139421,"date":"2026-09-03T09:25:19","date_gmt":"2026-09-03T07:25:19","guid":{"rendered":"https:\/\/radiotordera.cat\/radio\/?p=139421"},"modified":"2026-09-03T09:25:20","modified_gmt":"2026-09-03T07:25:20","slug":"endesa-executara-talls-de-llum-i-treballs-viaris-al-veinat-de-sant-pere-per-millorar-el-servei-electric","status":"publish","type":"post","link":"https:\/\/radiotordera.cat\/radio\/?p=139421","title":{"rendered":"ENDESA executar\u00e0 talls de llum i treballs vi\u00e0ris al ve\u00efnat de Sant Pere per millorar el servei el\u00e8ctric"},"content":{"rendered":"\n<h1 class=\"wp-block-heading\"><em>Els talls programats seran avui i dem\u00e0, mentre que les tasques de rebliment, asfaltatge i pintura es faran del 7 al 9<\/em><\/h1>\n\n\n\n<p class=\"wp-block-paragraph\">L\u2019empresa el\u00e8ctrica ENDESA ha anunciat l\u2019inici d\u2019un conjunt d\u2019actuacions t\u00e8cniques durant els propers dies amb l\u2019objectiu de connectar la nova l\u00ednia soterrada de mitja tensi\u00f3 als diferents centres de transformaci\u00f3 de la zona. Aquestes tasques, que formen part d\u2019un pla de millora del servei el\u00e8ctric al municipi, comportaran afectacions tant en el subministrament energ\u00e8tic com en la mobilitat i l\u2019estat de la via p\u00fablica.<\/p>\n\n\n\n<p class=\"wp-block-paragraph\">Segons ha informat la companyia, els treballs de connexi\u00f3 el\u00e8ctrica obligaran a realitzar talls programats del subministrament. Aix\u00ed, avui i dem\u00e0&nbsp;es produiran interrupcions del servei en diferents franges hor\u00e0ries, les quals variaran en funci\u00f3 del centre de transformaci\u00f3 on s\u2019estigui intervenint en cada moment. Des d\u2019ENDESA recomanen als ve\u00efns i comer\u00e7os afectats que prenguin les mesures necess\u00e0ries per minimitzar l\u2019impacte d\u2019aquests talls puntuals.<\/p>\n\n\n\n<p class=\"wp-block-paragraph\">Un cop finalitzada la fase de connexi\u00f3 el\u00e8ctrica, l\u2019empresa donar\u00e0 pas als treballs d\u2019obra civil per restaurar completament l\u2019entorn urb\u00e0. En concret, durant els&nbsp;dies 7, 8 i 9 de setembre, les quadrilles d\u2019operaris es desplegaran a les zones on s\u2019han realitzat les cates pr\u00e8vies per dur a terme el rebliment de les rases, l\u2019asfaltatge de la cal\u00e7ada i la posterior pintura de la senyalitzaci\u00f3 horitzontal de la via p\u00fablica.<\/p>\n\n\n\n<p class=\"wp-block-paragraph\">Des d\u2019ENDESA han destacat que totes aquestes actuacions responen a l\u2019objectiu de millorar la qualitat, l\u2019efici\u00e8ncia i la fiabilitat del subministrament el\u00e8ctric en aquest sector del municipi. La companyia ha demanat disculpes pels possibles inconvenients que aquestes obres puguin ocasionar durant els pr\u00f2xims dies i ha assegurat que es treballar\u00e0 per reduir al m\u00e0xim els terminis i restablir la normalitat tan aviat com sigui possible.<\/p>\n","protected":false},"excerpt":{"rendered":"<p>Els talls programats seran avui i dem\u00e0, mentre que les tasques de rebliment, asfaltatge i pintura es faran del 7 al 9 L\u2019empresa el\u00e8ctrica ENDESA ha anunciat l\u2019inici d\u2019un conjunt d\u2019actuacions t\u00e8cniques durant els propers dies amb l\u2019objectiu de connectar la nova l\u00ednia soterrada de mitja tensi\u00f3 als diferents centres de transformaci\u00f3 de la zona. [&hellip;]<\/p>\n","protected":false},"author":6,"featured_media":139422,"comment_status":"closed","ping_status":"open","sticky":false,"template":"","format":"standard","meta":{"_jetpack_newsletter_access":"","_jetpack_dont_email_post_to_subs":false,"_jetpack_newsletter_tier_id":0,"_jetpack_memberships_contains_paywalled_content":false,"_jetpack_memberships_contains_paid_content":false,"footnotes":"","jetpack_post_was_ever_published":false},"categories":[5,34],"tags":[181],"class_list":["post-139421","post","type-post","status-publish","format-standard","has-post-thumbnail","category-noticies-2","category-societat","tag-societat"],"yoast_head":"<!-- This site is optimized with the Yoast SEO plugin v28.2 - https:\/\/yoast.com\/product\/yoast-seo-wordpress\/ -->\n<title>ENDESA executar\u00e0 talls de llum i treballs vi\u00e0ris al ve\u00efnat de Sant Pere per millorar el servei el\u00e8ctric - R\u00e0dio Tordera<\/title>\n<meta name=\"robots\" content=\"index, follow, max-snippet:-1, max-image-preview:large, max-video-preview:-1\" \/>\n<link rel=\"canonical\" href=\"https:\/\/radiotordera.cat\/radio\/?p=139421\" \/>\n<meta property=\"og:locale\" content=\"ca_ES\" \/>\n<meta property=\"og:type\" content=\"article\" \/>\n<meta property=\"og:title\" content=\"ENDESA executar\u00e0 talls de llum i treballs vi\u00e0ris al ve\u00efnat de Sant Pere per millorar el servei el\u00e8ctric - R\u00e0dio Tordera\" \/>\n<meta property=\"og:description\" content=\"Els talls programats seran avui i dem\u00e0, mentre que les tasques de rebliment, asfaltatge i pintura es faran del 7 al 9 L\u2019empresa el\u00e8ctrica ENDESA ha anunciat l\u2019inici d\u2019un conjunt d\u2019actuacions t\u00e8cniques durant els propers dies amb l\u2019objectiu de connectar la nova l\u00ednia soterrada de mitja tensi\u00f3 als diferents centres de transformaci\u00f3 de la zona. [&hellip;]\" \/>\n<meta property=\"og:url\" content=\"https:\/\/radiotordera.cat\/radio\/?p=139421\" \/>\n<meta property=\"og:site_name\" content=\"R\u00e0dio Tordera\" \/>\n<meta property=\"article:published_time\" content=\"2026-09-03T07:25:19+00:00\" \/>\n<meta property=\"article:modified_time\" content=\"2026-09-03T07:25:20+00:00\" \/>\n<meta property=\"og:image\" content=\"https:\/\/radiotordera.cat\/radio\/wp-content\/uploads\/2026\/09\/WhatsApp-Image-2026-09-03-at-09.24.22.jpeg\" \/>\n\t<meta property=\"og:image:width\" content=\"1088\" \/>\n\t<meta property=\"og:image:height\" content=\"1600\" \/>\n\t<meta property=\"og:image:type\" content=\"image\/jpeg\" \/>\n<meta name=\"author\" content=\"Albert Sabater\" \/>\n<meta name=\"twitter:card\" content=\"summary_large_image\" \/>\n<meta name=\"twitter:label1\" content=\"Escrit per\" \/>\n\t<meta name=\"twitter:data1\" content=\"Albert Sabater\" \/>\n\t<meta name=\"twitter:label2\" content=\"Temps estimat de lectura\" \/>\n\t<meta name=\"twitter:data2\" content=\"2 minuts\" \/>\n<script type=\"application\/ld+json\" class=\"yoast-schema-graph\">{\"@context\":\"https:\\\/\\\/schema.org\",\"@graph\":[{\"@type\":\"Article\",\"@id\":\"https:\\\/\\\/radiotordera.cat\\\/radio\\\/?p=139421#article\",\"isPartOf\":{\"@id\":\"https:\\\/\\\/radiotordera.cat\\\/radio\\\/?p=139421\"},\"author\":{\"name\":\"Albert Sabater\",\"@id\":\"https:\\\/\\\/radiotordera.cat\\\/radio\\\/#\\\/schema\\\/person\\\/6a71581c1b4ac974c7ee50a02953f2f3\"},\"headline\":\"ENDESA executar\u00e0 talls de llum i treballs vi\u00e0ris al ve\u00efnat de Sant Pere per millorar el servei el\u00e8ctric\",\"datePublished\":\"2026-09-03T07:25:19+00:00\",\"dateModified\":\"2026-09-03T07:25:20+00:00\",\"mainEntityOfPage\":{\"@id\":\"https:\\\/\\\/radiotordera.cat\\\/radio\\\/?p=139421\"},\"wordCount\":342,\"publisher\":{\"@id\":\"https:\\\/\\\/radiotordera.cat\\\/radio\\\/#organization\"},\"image\":{\"@id\":\"https:\\\/\\\/radiotordera.cat\\\/radio\\\/?p=139421#primaryimage\"},\"thumbnailUrl\":\"https:\\\/\\\/i0.wp.com\\\/radiotordera.cat\\\/radio\\\/wp-content\\\/uploads\\\/2026\\\/09\\\/WhatsApp-Image-2026-09-03-at-09.24.22.jpeg?fit=1088%2C1600&ssl=1\",\"keywords\":[\"societat\"],\"articleSection\":[\"Noticies\",\"Societat\"],\"inLanguage\":\"ca\"},{\"@type\":\"WebPage\",\"@id\":\"https:\\\/\\\/radiotordera.cat\\\/radio\\\/?p=139421\",\"url\":\"https:\\\/\\\/radiotordera.cat\\\/radio\\\/?p=139421\",\"name\":\"ENDESA executar\u00e0 talls de llum i treballs vi\u00e0ris al ve\u00efnat de Sant Pere per millorar el servei el\u00e8ctric - R\u00e0dio Tordera\",\"isPartOf\":{\"@id\":\"https:\\\/\\\/radiotordera.cat\\\/radio\\\/#website\"},\"primaryImageOfPage\":{\"@id\":\"https:\\\/\\\/radiotordera.cat\\\/radio\\\/?p=139421#primaryimage\"},\"image\":{\"@id\":\"https:\\\/\\\/radiotordera.cat\\\/radio\\\/?p=139421#primaryimage\"},\"thumbnailUrl\":\"https:\\\/\\\/i0.wp.com\\\/radiotordera.cat\\\/radio\\\/wp-content\\\/uploads\\\/2026\\\/09\\\/WhatsApp-Image-2026-09-03-at-09.24.22.jpeg?fit=1088%2C1600&ssl=1\",\"datePublished\":\"2026-09-03T07:25:19+00:00\",\"dateModified\":\"2026-09-03T07:25:20+00:00\",\"breadcrumb\":{\"@id\":\"https:\\\/\\\/radiotordera.cat\\\/radio\\\/?p=139421#breadcrumb\"},\"inLanguage\":\"ca\",\"potentialAction\":[{\"@type\":\"ReadAction\",\"target\":[\"https:\\\/\\\/radiotordera.cat\\\/radio\\\/?p=139421\"]}]},{\"@type\":\"ImageObject\",\"inLanguage\":\"ca\",\"@id\":\"https:\\\/\\\/radiotordera.cat\\\/radio\\\/?p=139421#primaryimage\",\"url\":\"https:\\\/\\\/i0.wp.com\\\/radiotordera.cat\\\/radio\\\/wp-content\\\/uploads\\\/2026\\\/09\\\/WhatsApp-Image-2026-09-03-at-09.24.22.jpeg?fit=1088%2C1600&ssl=1\",\"contentUrl\":\"https:\\\/\\\/i0.wp.com\\\/radiotordera.cat\\\/radio\\\/wp-content\\\/uploads\\\/2026\\\/09\\\/WhatsApp-Image-2026-09-03-at-09.24.22.jpeg?fit=1088%2C1600&ssl=1\",\"width\":1088,\"height\":1600},{\"@type\":\"BreadcrumbList\",\"@id\":\"https:\\\/\\\/radiotordera.cat\\\/radio\\\/?p=139421#breadcrumb\",\"itemListElement\":[{\"@type\":\"ListItem\",\"position\":1,\"name\":\"Inici\",\"item\":\"https:\\\/\\\/radiotordera.cat\\\/radio\\\/\"},{\"@type\":\"ListItem\",\"position\":2,\"name\":\"ENDESA executar\u00e0 talls de llum i treballs vi\u00e0ris al ve\u00efnat de Sant Pere per millorar el servei el\u00e8ctric\"}]},{\"@type\":\"WebSite\",\"@id\":\"https:\\\/\\\/radiotordera.cat\\\/radio\\\/#website\",\"url\":\"https:\\\/\\\/radiotordera.cat\\\/radio\\\/\",\"name\":\"R\u00e0dio Tordera\",\"description\":\"R\u00e0dio Tordera Online\",\"publisher\":{\"@id\":\"https:\\\/\\\/radiotordera.cat\\\/radio\\\/#organization\"},\"potentialAction\":[{\"@type\":\"SearchAction\",\"target\":{\"@type\":\"EntryPoint\",\"urlTemplate\":\"https:\\\/\\\/radiotordera.cat\\\/radio\\\/?s={search_term_string}\"},\"query-input\":{\"@type\":\"PropertyValueSpecification\",\"valueRequired\":true,\"valueName\":\"search_term_string\"}}],\"inLanguage\":\"ca\"},{\"@type\":\"Organization\",\"@id\":\"https:\\\/\\\/radiotordera.cat\\\/radio\\\/#organization\",\"name\":\"R\u00e0dio Tordera\",\"url\":\"https:\\\/\\\/radiotordera.cat\\\/radio\\\/\",\"logo\":{\"@type\":\"ImageObject\",\"inLanguage\":\"ca\",\"@id\":\"https:\\\/\\\/radiotordera.cat\\\/radio\\\/#\\\/schema\\\/logo\\\/image\\\/\",\"url\":\"https:\\\/\\\/i0.wp.com\\\/radiotordera.cat\\\/radio\\\/wp-content\\\/uploads\\\/2016\\\/11\\\/logo-vermell.jpg?fit=567%2C613&ssl=1\",\"contentUrl\":\"https:\\\/\\\/i0.wp.com\\\/radiotordera.cat\\\/radio\\\/wp-content\\\/uploads\\\/2016\\\/11\\\/logo-vermell.jpg?fit=567%2C613&ssl=1\",\"width\":567,\"height\":613,\"caption\":\"R\u00e0dio Tordera\"},\"image\":{\"@id\":\"https:\\\/\\\/radiotordera.cat\\\/radio\\\/#\\\/schema\\\/logo\\\/image\\\/\"}},{\"@type\":\"Person\",\"@id\":\"https:\\\/\\\/radiotordera.cat\\\/radio\\\/#\\\/schema\\\/person\\\/6a71581c1b4ac974c7ee50a02953f2f3\",\"name\":\"Albert Sabater\",\"sameAs\":[\"http:\\\/\\\/radiotordera.cat\"],\"url\":\"https:\\\/\\\/radiotordera.cat\\\/radio\\\/?author=6\"}]}<\/script>\n<!-- \/ Yoast SEO plugin. -->","yoast_head_json":{"title":"ENDESA executar\u00e0 talls de llum i treballs vi\u00e0ris al ve\u00efnat de Sant Pere per millorar el servei el\u00e8ctric - R\u00e0dio Tordera","robots":{"index":"index","follow":"follow","max-snippet":"max-snippet:-1","max-image-preview":"max-image-preview:large","max-video-preview":"max-video-preview:-1"},"canonical":"https:\/\/radiotordera.cat\/radio\/?p=139421","og_locale":"ca_ES","og_type":"article","og_title":"ENDESA executar\u00e0 talls de llum i treballs vi\u00e0ris al ve\u00efnat de Sant Pere per millorar el servei el\u00e8ctric - R\u00e0dio Tordera","og_description":"Els talls programats seran avui i dem\u00e0, mentre que les tasques de rebliment, asfaltatge i pintura es faran del 7 al 9 L\u2019empresa el\u00e8ctrica ENDESA ha anunciat l\u2019inici d\u2019un conjunt d\u2019actuacions t\u00e8cniques durant els propers dies amb l\u2019objectiu de connectar la nova l\u00ednia soterrada de mitja tensi\u00f3 als diferents centres de transformaci\u00f3 de la zona. [&hellip;]","og_url":"https:\/\/radiotordera.cat\/radio\/?p=139421","og_site_name":"R\u00e0dio Tordera","article_published_time":"2026-09-03T07:25:19+00:00","article_modified_time":"2026-09-03T07:25:20+00:00","og_image":[{"width":1088,"height":1600,"url":"https:\/\/radiotordera.cat\/radio\/wp-content\/uploads\/2026\/09\/WhatsApp-Image-2026-09-03-at-09.24.22.jpeg","type":"image\/jpeg"}],"author":"Albert Sabater","twitter_card":"summary_large_image","twitter_misc":{"Escrit per":"Albert Sabater","Temps estimat de lectura":"2 minuts"},"schema":{"@context":"https:\/\/schema.org","@graph":[{"@type":"Article","@id":"https:\/\/radiotordera.cat\/radio\/?p=139421#article","isPartOf":{"@id":"https:\/\/radiotordera.cat\/radio\/?p=139421"},"author":{"name":"Albert Sabater","@id":"https:\/\/radiotordera.cat\/radio\/#\/schema\/person\/6a71581c1b4ac974c7ee50a02953f2f3"},"headline":"ENDESA executar\u00e0 talls de llum i treballs vi\u00e0ris al ve\u00efnat de Sant Pere per millorar el servei el\u00e8ctric","datePublished":"2026-09-03T07:25:19+00:00","dateModified":"2026-09-03T07:25:20+00:00","mainEntityOfPage":{"@id":"https:\/\/radiotordera.cat\/radio\/?p=139421"},"wordCount":342,"publisher":{"@id":"https:\/\/radiotordera.cat\/radio\/#organization"},"image":{"@id":"https:\/\/radiotordera.cat\/radio\/?p=139421#primaryimage"},"thumbnailUrl":"https:\/\/i0.wp.com\/radiotordera.cat\/radio\/wp-content\/uploads\/2026\/09\/WhatsApp-Image-2026-09-03-at-09.24.22.jpeg?fit=1088%2C1600&ssl=1","keywords":["societat"],"articleSection":["Noticies","Societat"],"inLanguage":"ca"},{"@type":"WebPage","@id":"https:\/\/radiotordera.cat\/radio\/?p=139421","url":"https:\/\/radiotordera.cat\/radio\/?p=139421","name":"ENDESA executar\u00e0 talls de llum i treballs vi\u00e0ris al ve\u00efnat de Sant Pere per millorar el servei el\u00e8ctric - R\u00e0dio Tordera","isPartOf":{"@id":"https:\/\/radiotordera.cat\/radio\/#website"},"primaryImageOfPage":{"@id":"https:\/\/radiotordera.cat\/radio\/?p=139421#primaryimage"},"image":{"@id":"https:\/\/radiotordera.cat\/radio\/?p=139421#primaryimage"},"thumbnailUrl":"https:\/\/i0.wp.com\/radiotordera.cat\/radio\/wp-content\/uploads\/2026\/09\/WhatsApp-Image-2026-09-03-at-09.24.22.jpeg?fit=1088%2C1600&ssl=1","datePublished":"2026-09-03T07:25:19+00:00","dateModified":"2026-09-03T07:25:20+00:00","breadcrumb":{"@id":"https:\/\/radiotordera.cat\/radio\/?p=139421#breadcrumb"},"inLanguage":"ca","potentialAction":[{"@type":"ReadAction","target":["https:\/\/radiotordera.cat\/radio\/?p=139421"]}]},{"@type":"ImageObject","inLanguage":"ca","@id":"https:\/\/radiotordera.cat\/radio\/?p=139421#primaryimage","url":"https:\/\/i0.wp.com\/radiotordera.cat\/radio\/wp-content\/uploads\/2026\/09\/WhatsApp-Image-2026-09-03-at-09.24.22.jpeg?fit=1088%2C1600&ssl=1","contentUrl":"https:\/\/i0.wp.com\/radiotordera.cat\/radio\/wp-content\/uploads\/2026\/09\/WhatsApp-Image-2026-09-03-at-09.24.22.jpeg?fit=1088%2C1600&ssl=1","width":1088,"height":1600},{"@type":"BreadcrumbList","@id":"https:\/\/radiotordera.cat\/radio\/?p=139421#breadcrumb","itemListElement":[{"@type":"ListItem","position":1,"name":"Inici","item":"https:\/\/radiotordera.cat\/radio\/"},{"@type":"ListItem","position":2,"name":"ENDESA executar\u00e0 talls de llum i treballs vi\u00e0ris al ve\u00efnat de Sant Pere per millorar el servei el\u00e8ctric"}]},{"@type":"WebSite","@id":"https:\/\/radiotordera.cat\/radio\/#website","url":"https:\/\/radiotordera.cat\/radio\/","name":"R\u00e0dio Tordera","description":"R\u00e0dio Tordera Online","publisher":{"@id":"https:\/\/radiotordera.cat\/radio\/#organization"},"potentialAction":[{"@type":"SearchAction","target":{"@type":"EntryPoint","urlTemplate":"https:\/\/radiotordera.cat\/radio\/?s={search_term_string}"},"query-input":{"@type":"PropertyValueSpecification","valueRequired":true,"valueName":"search_term_string"}}],"inLanguage":"ca"},{"@type":"Organization","@id":"https:\/\/radiotordera.cat\/radio\/#organization","name":"R\u00e0dio Tordera","url":"https:\/\/radiotordera.cat\/radio\/","logo":{"@type":"ImageObject","inLanguage":"ca","@id":"https:\/\/radiotordera.cat\/radio\/#\/schema\/logo\/image\/","url":"https:\/\/i0.wp.com\/radiotordera.cat\/radio\/wp-content\/uploads\/2016\/11\/logo-vermell.jpg?fit=567%2C613&ssl=1","contentUrl":"https:\/\/i0.wp.com\/radiotordera.cat\/radio\/wp-content\/uploads\/2016\/11\/logo-vermell.jpg?fit=567%2C613&ssl=1","width":567,"height":613,"caption":"R\u00e0dio Tordera"},"image":{"@id":"https:\/\/radiotordera.cat\/radio\/#\/schema\/logo\/image\/"}},{"@type":"Person","@id":"https:\/\/radiotordera.cat\/radio\/#\/schema\/person\/6a71581c1b4ac974c7ee50a02953f2f3","name":"Albert Sabater","sameAs":["http:\/\/radiotordera.cat"],"url":"https:\/\/radiotordera.cat\/radio\/?author=6"}]}},"jetpack_featured_media_url":"https:\/\/i0.wp.com\/radiotordera.cat\/radio\/wp-content\/uploads\/2026\/09\/WhatsApp-Image-2026-09-03-at-09.24.22.jpeg?fit=1088%2C1600&ssl=1","jetpack_sharing_enabled":true,"_links":{"self":[{"href":"https:\/\/radiotordera.cat\/radio\/index.php?rest_route=\/wp\/v2\/posts\/139421","targetHints":{"allow":["GET"]}}],"collection":[{"href":"https:\/\/radiotordera.cat\/radio\/index.php?rest_route=\/wp\/v2\/posts"}],"about":[{"href":"https:\/\/radiotordera.cat\/radio\/index.php?rest_route=\/wp\/v2\/types\/post"}],"author":[{"embeddable":true,"href":"https:\/\/radiotordera.cat\/radio\/index.php?rest_route=\/wp\/v2\/users\/6"}],"replies":[{"embeddable":true,"href":"https:\/\/radiotordera.cat\/radio\/index.php?rest_route=%2Fwp%2Fv2%2Fcomments&post=139421"}],"version-history":[{"count":1,"href":"https:\/\/radiotordera.cat\/radio\/index.php?rest_route=\/wp\/v2\/posts\/139421\/revisions"}],"predecessor-version":[{"id":139423,"href":"https:\/\/radiotordera.cat\/radio\/index.php?rest_route=\/wp\/v2\/posts\/139421\/revisions\/139423"}],"wp:featuredmedia":[{"embeddable":true,"href":"https:\/\/radiotordera.cat\/radio\/index.php?rest_route=\/wp\/v2\/media\/139422"}],"wp:attachment":[{"href":"https:\/\/radiotordera.cat\/radio\/index.php?rest_route=%2Fwp%2Fv2%2Fmedia&parent=139421"}],"wp:term":[{"taxonomy":"category","embeddable":true,"href":"https:\/\/radiotordera.cat\/radio\/index.php?rest_route=%2Fwp%2Fv2%2Fcategories&post=139421"},{"taxonomy":"post_tag","embeddable":true,"href":"https:\/\/radiotordera.cat\/radio\/index.php?rest_route=%2Fwp%2Fv2%2Ftags&post=139421"}],"curies":[{"name":"wp","href":"https:\/\/api.w.org\/{rel}","templated":true}]}}