{"id":139418,"date":"2026-09-03T09:20:25","date_gmt":"2026-09-03T07:20:25","guid":{"rendered":"https:\/\/radiotordera.cat\/radio\/?p=139418"},"modified":"2026-09-03T09:20:25","modified_gmt":"2026-09-03T07:20:25","slug":"un-incendi-al-terrat-dun-habitatge-del-carrer-doctor-trueta-obliga-a-mobilitzar-bombers-i-policia","status":"publish","type":"post","link":"https:\/\/radiotordera.cat\/radio\/?p=139418","title":{"rendered":"Un incendi al terrat d\u2019un habitatge del carrer Doctor Trueta obliga a mobilitzar bombers i policia"},"content":{"rendered":"\n<h1 class=\"wp-block-heading\"><br><em>El foc, que nom\u00e9s va provocar danys materials, es va extingir sense deixar ferits i els indicis inicials assenyalen una burilla mal apagada com a possible causa<\/em><\/h1>\n\n\n\n<p class=\"wp-block-paragraph\">Ahir a la tarda, la Policia Local de Tordera i els Bombers de la Generalitat van activar un dispositiu d\u2019emerg\u00e8ncia per un incendi declarat en un habitatge del carrer Doctor Trueta. Les flames es van circumscriure a la part superior del terrat i, tot i que van causar danys materials en aquesta zona, van ser sufocades r\u00e0pidament pels equips d\u2019extinci\u00f3, que van evitar que el foc s\u2019estengu\u00e9s a altres estances de la casa.<\/p>\n\n\n\n<p class=\"wp-block-paragraph\">Un dels factors que va evitar conseq\u00fc\u00e8ncies m\u00e9s greus \u00e9s que, en el moment dels fets, l\u2019habitatge es trobava completament buit. Per aquest motiu, no es va registrar cap persona ferida ni intoxicada, i la unitat del Sistema d\u2019Emerg\u00e8ncies M\u00e8diques (SEM) que es va despla\u00e7ar al lloc nom\u00e9s va quedar en situaci\u00f3 de prevenci\u00f3 sense haver d\u2019atendre cap afectat.<\/p>\n\n\n\n<p class=\"wp-block-paragraph\">Pel que fa a les causes, els primers indicis recollits pels agents apunten a una burilla de cigarreta mal apagada com a origen m\u00e9s probable del foc, tot i que la investigaci\u00f3 continua oberta per confirmar-ne tots els detalls. Les tasques de peritaci\u00f3 es duran a terme en les properes hores per tal de descartar qualsevol altra hip\u00f2tesi.<\/p>\n\n\n\n<p class=\"wp-block-paragraph\">En el dispositiu hi van intervenir una patrulla de la Policia Local, que es va encarregar de les primeres gestions i del tr\u00e0nsit a la zona, una dotaci\u00f3 dels Bombers, que va executar les tasques d\u2019extinci\u00f3 i refrescament, i la unitat del SEM, que finalment no va haver d\u2019actuar. L\u2019actuaci\u00f3 coordinada va permetre controlar l\u2019incendi en pocs minuts i restablir la normalitat al carrer sense m\u00e9s incidents.<\/p>\n","protected":false},"excerpt":{"rendered":"<p>El foc, que nom\u00e9s va provocar danys materials, es va extingir sense deixar ferits i els indicis inicials assenyalen una burilla mal apagada com a possible causa Ahir a la tarda, la Policia Local de Tordera i els Bombers de la Generalitat van activar un dispositiu d\u2019emerg\u00e8ncia per un incendi declarat en un habitatge del [&hellip;]<\/p>\n","protected":false},"author":6,"featured_media":139419,"comment_status":"closed","ping_status":"open","sticky":false,"template":"","format":"standard","meta":{"_jetpack_newsletter_access":"","_jetpack_dont_email_post_to_subs":false,"_jetpack_newsletter_tier_id":0,"_jetpack_memberships_contains_paywalled_content":false,"_jetpack_memberships_contains_paid_content":false,"footnotes":"","jetpack_post_was_ever_published":false},"categories":[5,34],"tags":[181],"class_list":["post-139418","post","type-post","status-publish","format-standard","has-post-thumbnail","category-noticies-2","category-societat","tag-societat"],"yoast_head":"<!-- This site is optimized with the Yoast SEO plugin v28.2 - https:\/\/yoast.com\/product\/yoast-seo-wordpress\/ -->\n<title>Un incendi al terrat d\u2019un habitatge del carrer Doctor Trueta obliga a mobilitzar bombers i policia - R\u00e0dio Tordera<\/title>\n<meta name=\"robots\" content=\"index, follow, max-snippet:-1, max-image-preview:large, max-video-preview:-1\" \/>\n<link rel=\"canonical\" href=\"https:\/\/radiotordera.cat\/radio\/?p=139418\" \/>\n<meta property=\"og:locale\" content=\"ca_ES\" \/>\n<meta property=\"og:type\" content=\"article\" \/>\n<meta property=\"og:title\" content=\"Un incendi al terrat d\u2019un habitatge del carrer Doctor Trueta obliga a mobilitzar bombers i policia - R\u00e0dio Tordera\" \/>\n<meta property=\"og:description\" content=\"El foc, que nom\u00e9s va provocar danys materials, es va extingir sense deixar ferits i els indicis inicials assenyalen una burilla mal apagada com a possible causa Ahir a la tarda, la Policia Local de Tordera i els Bombers de la Generalitat van activar un dispositiu d\u2019emerg\u00e8ncia per un incendi declarat en un habitatge del [&hellip;]\" \/>\n<meta property=\"og:url\" content=\"https:\/\/radiotordera.cat\/radio\/?p=139418\" \/>\n<meta property=\"og:site_name\" content=\"R\u00e0dio Tordera\" \/>\n<meta property=\"article:published_time\" content=\"2026-09-03T07:20:25+00:00\" \/>\n<meta property=\"og:image\" content=\"https:\/\/radiotordera.cat\/radio\/wp-content\/uploads\/2026\/09\/85f9783f-099c-46a9-b59f-f008d3d35be3.jpeg\" \/>\n\t<meta property=\"og:image:width\" content=\"1080\" \/>\n\t<meta property=\"og:image:height\" content=\"1080\" \/>\n\t<meta property=\"og:image:type\" content=\"image\/jpeg\" \/>\n<meta name=\"author\" content=\"Albert Sabater\" \/>\n<meta name=\"twitter:card\" content=\"summary_large_image\" \/>\n<meta name=\"twitter:label1\" content=\"Escrit per\" \/>\n\t<meta name=\"twitter:data1\" content=\"Albert Sabater\" \/>\n\t<meta name=\"twitter:label2\" content=\"Temps estimat de lectura\" \/>\n\t<meta name=\"twitter:data2\" content=\"2 minuts\" \/>\n<script type=\"application\/ld+json\" class=\"yoast-schema-graph\">{\"@context\":\"https:\\\/\\\/schema.org\",\"@graph\":[{\"@type\":\"Article\",\"@id\":\"https:\\\/\\\/radiotordera.cat\\\/radio\\\/?p=139418#article\",\"isPartOf\":{\"@id\":\"https:\\\/\\\/radiotordera.cat\\\/radio\\\/?p=139418\"},\"author\":{\"name\":\"Albert Sabater\",\"@id\":\"https:\\\/\\\/radiotordera.cat\\\/radio\\\/#\\\/schema\\\/person\\\/6a71581c1b4ac974c7ee50a02953f2f3\"},\"headline\":\"Un incendi al terrat d\u2019un habitatge del carrer Doctor Trueta obliga a mobilitzar bombers i policia\",\"datePublished\":\"2026-09-03T07:20:25+00:00\",\"mainEntityOfPage\":{\"@id\":\"https:\\\/\\\/radiotordera.cat\\\/radio\\\/?p=139418\"},\"wordCount\":325,\"publisher\":{\"@id\":\"https:\\\/\\\/radiotordera.cat\\\/radio\\\/#organization\"},\"image\":{\"@id\":\"https:\\\/\\\/radiotordera.cat\\\/radio\\\/?p=139418#primaryimage\"},\"thumbnailUrl\":\"https:\\\/\\\/i0.wp.com\\\/radiotordera.cat\\\/radio\\\/wp-content\\\/uploads\\\/2026\\\/09\\\/85f9783f-099c-46a9-b59f-f008d3d35be3.jpeg?fit=1080%2C1080&ssl=1\",\"keywords\":[\"societat\"],\"articleSection\":[\"Noticies\",\"Societat\"],\"inLanguage\":\"ca\"},{\"@type\":\"WebPage\",\"@id\":\"https:\\\/\\\/radiotordera.cat\\\/radio\\\/?p=139418\",\"url\":\"https:\\\/\\\/radiotordera.cat\\\/radio\\\/?p=139418\",\"name\":\"Un incendi al terrat d\u2019un habitatge del carrer Doctor Trueta obliga a mobilitzar bombers i policia - R\u00e0dio Tordera\",\"isPartOf\":{\"@id\":\"https:\\\/\\\/radiotordera.cat\\\/radio\\\/#website\"},\"primaryImageOfPage\":{\"@id\":\"https:\\\/\\\/radiotordera.cat\\\/radio\\\/?p=139418#primaryimage\"},\"image\":{\"@id\":\"https:\\\/\\\/radiotordera.cat\\\/radio\\\/?p=139418#primaryimage\"},\"thumbnailUrl\":\"https:\\\/\\\/i0.wp.com\\\/radiotordera.cat\\\/radio\\\/wp-content\\\/uploads\\\/2026\\\/09\\\/85f9783f-099c-46a9-b59f-f008d3d35be3.jpeg?fit=1080%2C1080&ssl=1\",\"datePublished\":\"2026-09-03T07:20:25+00:00\",\"breadcrumb\":{\"@id\":\"https:\\\/\\\/radiotordera.cat\\\/radio\\\/?p=139418#breadcrumb\"},\"inLanguage\":\"ca\",\"potentialAction\":[{\"@type\":\"ReadAction\",\"target\":[\"https:\\\/\\\/radiotordera.cat\\\/radio\\\/?p=139418\"]}]},{\"@type\":\"ImageObject\",\"inLanguage\":\"ca\",\"@id\":\"https:\\\/\\\/radiotordera.cat\\\/radio\\\/?p=139418#primaryimage\",\"url\":\"https:\\\/\\\/i0.wp.com\\\/radiotordera.cat\\\/radio\\\/wp-content\\\/uploads\\\/2026\\\/09\\\/85f9783f-099c-46a9-b59f-f008d3d35be3.jpeg?fit=1080%2C1080&ssl=1\",\"contentUrl\":\"https:\\\/\\\/i0.wp.com\\\/radiotordera.cat\\\/radio\\\/wp-content\\\/uploads\\\/2026\\\/09\\\/85f9783f-099c-46a9-b59f-f008d3d35be3.jpeg?fit=1080%2C1080&ssl=1\",\"width\":1080,\"height\":1080},{\"@type\":\"BreadcrumbList\",\"@id\":\"https:\\\/\\\/radiotordera.cat\\\/radio\\\/?p=139418#breadcrumb\",\"itemListElement\":[{\"@type\":\"ListItem\",\"position\":1,\"name\":\"Inici\",\"item\":\"https:\\\/\\\/radiotordera.cat\\\/radio\\\/\"},{\"@type\":\"ListItem\",\"position\":2,\"name\":\"Un incendi al terrat d\u2019un habitatge del carrer Doctor Trueta obliga a mobilitzar bombers i policia\"}]},{\"@type\":\"WebSite\",\"@id\":\"https:\\\/\\\/radiotordera.cat\\\/radio\\\/#website\",\"url\":\"https:\\\/\\\/radiotordera.cat\\\/radio\\\/\",\"name\":\"R\u00e0dio Tordera\",\"description\":\"R\u00e0dio Tordera Online\",\"publisher\":{\"@id\":\"https:\\\/\\\/radiotordera.cat\\\/radio\\\/#organization\"},\"potentialAction\":[{\"@type\":\"SearchAction\",\"target\":{\"@type\":\"EntryPoint\",\"urlTemplate\":\"https:\\\/\\\/radiotordera.cat\\\/radio\\\/?s={search_term_string}\"},\"query-input\":{\"@type\":\"PropertyValueSpecification\",\"valueRequired\":true,\"valueName\":\"search_term_string\"}}],\"inLanguage\":\"ca\"},{\"@type\":\"Organization\",\"@id\":\"https:\\\/\\\/radiotordera.cat\\\/radio\\\/#organization\",\"name\":\"R\u00e0dio Tordera\",\"url\":\"https:\\\/\\\/radiotordera.cat\\\/radio\\\/\",\"logo\":{\"@type\":\"ImageObject\",\"inLanguage\":\"ca\",\"@id\":\"https:\\\/\\\/radiotordera.cat\\\/radio\\\/#\\\/schema\\\/logo\\\/image\\\/\",\"url\":\"https:\\\/\\\/i0.wp.com\\\/radiotordera.cat\\\/radio\\\/wp-content\\\/uploads\\\/2016\\\/11\\\/logo-vermell.jpg?fit=567%2C613&ssl=1\",\"contentUrl\":\"https:\\\/\\\/i0.wp.com\\\/radiotordera.cat\\\/radio\\\/wp-content\\\/uploads\\\/2016\\\/11\\\/logo-vermell.jpg?fit=567%2C613&ssl=1\",\"width\":567,\"height\":613,\"caption\":\"R\u00e0dio Tordera\"},\"image\":{\"@id\":\"https:\\\/\\\/radiotordera.cat\\\/radio\\\/#\\\/schema\\\/logo\\\/image\\\/\"}},{\"@type\":\"Person\",\"@id\":\"https:\\\/\\\/radiotordera.cat\\\/radio\\\/#\\\/schema\\\/person\\\/6a71581c1b4ac974c7ee50a02953f2f3\",\"name\":\"Albert Sabater\",\"sameAs\":[\"http:\\\/\\\/radiotordera.cat\"],\"url\":\"https:\\\/\\\/radiotordera.cat\\\/radio\\\/?author=6\"}]}<\/script>\n<!-- \/ Yoast SEO plugin. -->","yoast_head_json":{"title":"Un incendi al terrat d\u2019un habitatge del carrer Doctor Trueta obliga a mobilitzar bombers i policia - R\u00e0dio Tordera","robots":{"index":"index","follow":"follow","max-snippet":"max-snippet:-1","max-image-preview":"max-image-preview:large","max-video-preview":"max-video-preview:-1"},"canonical":"https:\/\/radiotordera.cat\/radio\/?p=139418","og_locale":"ca_ES","og_type":"article","og_title":"Un incendi al terrat d\u2019un habitatge del carrer Doctor Trueta obliga a mobilitzar bombers i policia - R\u00e0dio Tordera","og_description":"El foc, que nom\u00e9s va provocar danys materials, es va extingir sense deixar ferits i els indicis inicials assenyalen una burilla mal apagada com a possible causa Ahir a la tarda, la Policia Local de Tordera i els Bombers de la Generalitat van activar un dispositiu d\u2019emerg\u00e8ncia per un incendi declarat en un habitatge del [&hellip;]","og_url":"https:\/\/radiotordera.cat\/radio\/?p=139418","og_site_name":"R\u00e0dio Tordera","article_published_time":"2026-09-03T07:20:25+00:00","og_image":[{"width":1080,"height":1080,"url":"https:\/\/radiotordera.cat\/radio\/wp-content\/uploads\/2026\/09\/85f9783f-099c-46a9-b59f-f008d3d35be3.jpeg","type":"image\/jpeg"}],"author":"Albert Sabater","twitter_card":"summary_large_image","twitter_misc":{"Escrit per":"Albert Sabater","Temps estimat de lectura":"2 minuts"},"schema":{"@context":"https:\/\/schema.org","@graph":[{"@type":"Article","@id":"https:\/\/radiotordera.cat\/radio\/?p=139418#article","isPartOf":{"@id":"https:\/\/radiotordera.cat\/radio\/?p=139418"},"author":{"name":"Albert Sabater","@id":"https:\/\/radiotordera.cat\/radio\/#\/schema\/person\/6a71581c1b4ac974c7ee50a02953f2f3"},"headline":"Un incendi al terrat d\u2019un habitatge del carrer Doctor Trueta obliga a mobilitzar bombers i policia","datePublished":"2026-09-03T07:20:25+00:00","mainEntityOfPage":{"@id":"https:\/\/radiotordera.cat\/radio\/?p=139418"},"wordCount":325,"publisher":{"@id":"https:\/\/radiotordera.cat\/radio\/#organization"},"image":{"@id":"https:\/\/radiotordera.cat\/radio\/?p=139418#primaryimage"},"thumbnailUrl":"https:\/\/i0.wp.com\/radiotordera.cat\/radio\/wp-content\/uploads\/2026\/09\/85f9783f-099c-46a9-b59f-f008d3d35be3.jpeg?fit=1080%2C1080&ssl=1","keywords":["societat"],"articleSection":["Noticies","Societat"],"inLanguage":"ca"},{"@type":"WebPage","@id":"https:\/\/radiotordera.cat\/radio\/?p=139418","url":"https:\/\/radiotordera.cat\/radio\/?p=139418","name":"Un incendi al terrat d\u2019un habitatge del carrer Doctor Trueta obliga a mobilitzar bombers i policia - R\u00e0dio Tordera","isPartOf":{"@id":"https:\/\/radiotordera.cat\/radio\/#website"},"primaryImageOfPage":{"@id":"https:\/\/radiotordera.cat\/radio\/?p=139418#primaryimage"},"image":{"@id":"https:\/\/radiotordera.cat\/radio\/?p=139418#primaryimage"},"thumbnailUrl":"https:\/\/i0.wp.com\/radiotordera.cat\/radio\/wp-content\/uploads\/2026\/09\/85f9783f-099c-46a9-b59f-f008d3d35be3.jpeg?fit=1080%2C1080&ssl=1","datePublished":"2026-09-03T07:20:25+00:00","breadcrumb":{"@id":"https:\/\/radiotordera.cat\/radio\/?p=139418#breadcrumb"},"inLanguage":"ca","potentialAction":[{"@type":"ReadAction","target":["https:\/\/radiotordera.cat\/radio\/?p=139418"]}]},{"@type":"ImageObject","inLanguage":"ca","@id":"https:\/\/radiotordera.cat\/radio\/?p=139418#primaryimage","url":"https:\/\/i0.wp.com\/radiotordera.cat\/radio\/wp-content\/uploads\/2026\/09\/85f9783f-099c-46a9-b59f-f008d3d35be3.jpeg?fit=1080%2C1080&ssl=1","contentUrl":"https:\/\/i0.wp.com\/radiotordera.cat\/radio\/wp-content\/uploads\/2026\/09\/85f9783f-099c-46a9-b59f-f008d3d35be3.jpeg?fit=1080%2C1080&ssl=1","width":1080,"height":1080},{"@type":"BreadcrumbList","@id":"https:\/\/radiotordera.cat\/radio\/?p=139418#breadcrumb","itemListElement":[{"@type":"ListItem","position":1,"name":"Inici","item":"https:\/\/radiotordera.cat\/radio\/"},{"@type":"ListItem","position":2,"name":"Un incendi al terrat d\u2019un habitatge del carrer Doctor Trueta obliga a mobilitzar bombers i policia"}]},{"@type":"WebSite","@id":"https:\/\/radiotordera.cat\/radio\/#website","url":"https:\/\/radiotordera.cat\/radio\/","name":"R\u00e0dio Tordera","description":"R\u00e0dio Tordera Online","publisher":{"@id":"https:\/\/radiotordera.cat\/radio\/#organization"},"potentialAction":[{"@type":"SearchAction","target":{"@type":"EntryPoint","urlTemplate":"https:\/\/radiotordera.cat\/radio\/?s={search_term_string}"},"query-input":{"@type":"PropertyValueSpecification","valueRequired":true,"valueName":"search_term_string"}}],"inLanguage":"ca"},{"@type":"Organization","@id":"https:\/\/radiotordera.cat\/radio\/#organization","name":"R\u00e0dio Tordera","url":"https:\/\/radiotordera.cat\/radio\/","logo":{"@type":"ImageObject","inLanguage":"ca","@id":"https:\/\/radiotordera.cat\/radio\/#\/schema\/logo\/image\/","url":"https:\/\/i0.wp.com\/radiotordera.cat\/radio\/wp-content\/uploads\/2016\/11\/logo-vermell.jpg?fit=567%2C613&ssl=1","contentUrl":"https:\/\/i0.wp.com\/radiotordera.cat\/radio\/wp-content\/uploads\/2016\/11\/logo-vermell.jpg?fit=567%2C613&ssl=1","width":567,"height":613,"caption":"R\u00e0dio Tordera"},"image":{"@id":"https:\/\/radiotordera.cat\/radio\/#\/schema\/logo\/image\/"}},{"@type":"Person","@id":"https:\/\/radiotordera.cat\/radio\/#\/schema\/person\/6a71581c1b4ac974c7ee50a02953f2f3","name":"Albert Sabater","sameAs":["http:\/\/radiotordera.cat"],"url":"https:\/\/radiotordera.cat\/radio\/?author=6"}]}},"jetpack_featured_media_url":"https:\/\/i0.wp.com\/radiotordera.cat\/radio\/wp-content\/uploads\/2026\/09\/85f9783f-099c-46a9-b59f-f008d3d35be3.jpeg?fit=1080%2C1080&ssl=1","jetpack_sharing_enabled":true,"_links":{"self":[{"href":"https:\/\/radiotordera.cat\/radio\/index.php?rest_route=\/wp\/v2\/posts\/139418","targetHints":{"allow":["GET"]}}],"collection":[{"href":"https:\/\/radiotordera.cat\/radio\/index.php?rest_route=\/wp\/v2\/posts"}],"about":[{"href":"https:\/\/radiotordera.cat\/radio\/index.php?rest_route=\/wp\/v2\/types\/post"}],"author":[{"embeddable":true,"href":"https:\/\/radiotordera.cat\/radio\/index.php?rest_route=\/wp\/v2\/users\/6"}],"replies":[{"embeddable":true,"href":"https:\/\/radiotordera.cat\/radio\/index.php?rest_route=%2Fwp%2Fv2%2Fcomments&post=139418"}],"version-history":[{"count":1,"href":"https:\/\/radiotordera.cat\/radio\/index.php?rest_route=\/wp\/v2\/posts\/139418\/revisions"}],"predecessor-version":[{"id":139420,"href":"https:\/\/radiotordera.cat\/radio\/index.php?rest_route=\/wp\/v2\/posts\/139418\/revisions\/139420"}],"wp:featuredmedia":[{"embeddable":true,"href":"https:\/\/radiotordera.cat\/radio\/index.php?rest_route=\/wp\/v2\/media\/139419"}],"wp:attachment":[{"href":"https:\/\/radiotordera.cat\/radio\/index.php?rest_route=%2Fwp%2Fv2%2Fmedia&parent=139418"}],"wp:term":[{"taxonomy":"category","embeddable":true,"href":"https:\/\/radiotordera.cat\/radio\/index.php?rest_route=%2Fwp%2Fv2%2Fcategories&post=139418"},{"taxonomy":"post_tag","embeddable":true,"href":"https:\/\/radiotordera.cat\/radio\/index.php?rest_route=%2Fwp%2Fv2%2Ftags&post=139418"}],"curies":[{"name":"wp","href":"https:\/\/api.w.org\/{rel}","templated":true}]}}