{"id":139414,"date":"2026-09-03T09:18:33","date_gmt":"2026-09-03T07:18:33","guid":{"rendered":"https:\/\/radiotordera.cat\/radio\/?p=139414"},"modified":"2026-09-03T09:18:33","modified_gmt":"2026-09-03T07:18:33","slug":"la-biblioteca-de-tordera-acull-lexposicio-avui50-anys-de-periodisme-llengua-i-pais","status":"publish","type":"post","link":"https:\/\/radiotordera.cat\/radio\/?p=139414","title":{"rendered":"La biblioteca de Tordera acull l\u2019exposici\u00f3 \u201cAvui:50 anys de periodisme, llengua i pa\u00eds\u00bb"},"content":{"rendered":"\n<h1 class=\"wp-block-heading\"><em>La mostra es podr\u00e0 visitar fins al 13 de setembre<\/em><\/h1>\n\n\n\n<p class=\"wp-block-paragraph\">Del 2 al 13 de setembre arriba a Tordera l&#8217;exposici\u00f3 \u00abAvui: 50 anys de periodisme, llengua i pa\u00eds\u00bb. En el marc de la mostra dimecres vinent tamb\u00e9 es far\u00e0 una taula rodona sobre el catal\u00e0 a les xarxes socials.<\/p>\n\n\n\n<p class=\"wp-block-paragraph\">L\u2019exposici\u00f3&nbsp;<a href=\"https:\/\/palaurobert.gencat.cat\/ca\/exposicions\/sala3\/2026\/avui-50.-des-de-1976-noticies-llengua-i-pais\/\" target=\"_blank\" rel=\"noreferrer noopener\">AVUI 50+. Des de 1976, not\u00edcies, llengua i pa\u00eds<\/a>&nbsp;repassa m\u00e9s de cinquanta anys d\u2019hist\u00f2ria del diari Avui, des del seu naixement en un moment clau de la transici\u00f3 democr\u00e0tica. A trav\u00e9s de documents, materials period\u00edstics i recursos narratius, la mostra explica la gestaci\u00f3 del projecte i les dificultats superades per consolidar-se com un referent del periodisme en catal\u00e0.<\/p>\n\n\n\n<p class=\"wp-block-paragraph\">Comissariada per&nbsp;Hermes Comunicacions, l\u2019exposici\u00f3 recull el relat i els continguts elaborats per&nbsp;Toni Brosa, Carles Sabat\u00e9 i Jordi Panyella. El recorregut posa en relleu la resili\u00e8ncia c\u00edvica que va fer possible el diari i destaca la contribuci\u00f3 decisiva a la construcci\u00f3 d\u2019un llenguatge period\u00edstic modern en catal\u00e0. El regidor de cultura, Pere Garcia considera que \u00e9s una bona oportunitat per con\u00e8ixer la hist\u00f2ria del mitj\u00e0 i del pa\u00eds.<\/p>\n\n\n\n<figure class=\"wp-block-audio\"><audio controls src=\"https:\/\/radiotordera.cat\/radio\/wp-content\/uploads\/2026\/09\/pere-expo-avui.mp3\"><\/audio><\/figure>\n\n\n\n<p class=\"wp-block-paragraph\"><strong>\u201c\u00e9s una bona oportunitat per recordar la realitat catalana\u201d<\/strong><\/p>\n\n\n\n<p class=\"wp-block-paragraph\">La mostra tamb\u00e9 ressalta el paper del diari com a aparador de literatura i arts i reflexiona sobre el seu testimoniatge davant l\u2019actual emerg\u00e8ncia ling\u00fc\u00edstica, posant en context el comprom\u00eds del mitj\u00e0 amb la llengua i el pa\u00eds al llarg de la seva traject\u00f2ria.<\/p>\n\n\n\n<p class=\"wp-block-paragraph\">L\u2019exposici\u00f3 es podr\u00e0 visitar a la biblioteca de Tordera fins al 13 de setembre en l\u2019horari habitual de l\u2019equipament.<\/p>\n\n\n\n<p class=\"wp-block-paragraph\"><\/p>\n","protected":false},"excerpt":{"rendered":"<p>La mostra es podr\u00e0 visitar fins al 13 de setembre Del 2 al 13 de setembre arriba a Tordera l&#8217;exposici\u00f3 \u00abAvui: 50 anys de periodisme, llengua i pa\u00eds\u00bb. En el marc de la mostra dimecres vinent tamb\u00e9 es far\u00e0 una taula rodona sobre el catal\u00e0 a les xarxes socials. L\u2019exposici\u00f3&nbsp;AVUI 50+. Des de 1976, not\u00edcies, [&hellip;]<\/p>\n","protected":false},"author":6,"featured_media":139416,"comment_status":"closed","ping_status":"open","sticky":false,"template":"","format":"standard","meta":{"_jetpack_newsletter_access":"","_jetpack_dont_email_post_to_subs":false,"_jetpack_newsletter_tier_id":0,"_jetpack_memberships_contains_paywalled_content":false,"_jetpack_memberships_contains_paid_content":false,"footnotes":"","jetpack_post_was_ever_published":false},"categories":[35,5],"tags":[206],"class_list":["post-139414","post","type-post","status-publish","format-standard","has-post-thumbnail","category-cultura","category-noticies-2","tag-cultura"],"yoast_head":"<!-- This site is optimized with the Yoast SEO plugin v28.2 - https:\/\/yoast.com\/product\/yoast-seo-wordpress\/ -->\n<title>La biblioteca de Tordera acull l\u2019exposici\u00f3 \u201cAvui:50 anys de periodisme, llengua i pa\u00eds&quot; - R\u00e0dio Tordera<\/title>\n<meta name=\"robots\" content=\"index, follow, max-snippet:-1, max-image-preview:large, max-video-preview:-1\" \/>\n<link rel=\"canonical\" href=\"https:\/\/radiotordera.cat\/radio\/?p=139414\" \/>\n<meta property=\"og:locale\" content=\"ca_ES\" \/>\n<meta property=\"og:type\" content=\"article\" \/>\n<meta property=\"og:title\" content=\"La biblioteca de Tordera acull l\u2019exposici\u00f3 \u201cAvui:50 anys de periodisme, llengua i pa\u00eds&quot; - R\u00e0dio Tordera\" \/>\n<meta property=\"og:description\" content=\"La mostra es podr\u00e0 visitar fins al 13 de setembre Del 2 al 13 de setembre arriba a Tordera l&#8217;exposici\u00f3 \u00abAvui: 50 anys de periodisme, llengua i pa\u00eds\u00bb. En el marc de la mostra dimecres vinent tamb\u00e9 es far\u00e0 una taula rodona sobre el catal\u00e0 a les xarxes socials. L\u2019exposici\u00f3&nbsp;AVUI 50+. Des de 1976, not\u00edcies, [&hellip;]\" \/>\n<meta property=\"og:url\" content=\"https:\/\/radiotordera.cat\/radio\/?p=139414\" \/>\n<meta property=\"og:site_name\" content=\"R\u00e0dio Tordera\" \/>\n<meta property=\"article:published_time\" content=\"2026-09-03T07:18:33+00:00\" \/>\n<meta property=\"og:image\" content=\"https:\/\/radiotordera.cat\/radio\/wp-content\/uploads\/2026\/09\/Captura-de-pantalla-2026-09-03-091748.png\" \/>\n\t<meta property=\"og:image:width\" content=\"658\" \/>\n\t<meta property=\"og:image:height\" content=\"499\" \/>\n\t<meta property=\"og:image:type\" content=\"image\/png\" \/>\n<meta name=\"author\" content=\"Albert Sabater\" \/>\n<meta name=\"twitter:card\" content=\"summary_large_image\" \/>\n<meta name=\"twitter:label1\" content=\"Escrit per\" \/>\n\t<meta name=\"twitter:data1\" content=\"Albert Sabater\" \/>\n\t<meta name=\"twitter:label2\" content=\"Temps estimat de lectura\" \/>\n\t<meta name=\"twitter:data2\" content=\"2 minuts\" \/>\n<script type=\"application\/ld+json\" class=\"yoast-schema-graph\">{\"@context\":\"https:\\\/\\\/schema.org\",\"@graph\":[{\"@type\":\"Article\",\"@id\":\"https:\\\/\\\/radiotordera.cat\\\/radio\\\/?p=139414#article\",\"isPartOf\":{\"@id\":\"https:\\\/\\\/radiotordera.cat\\\/radio\\\/?p=139414\"},\"author\":{\"name\":\"Albert Sabater\",\"@id\":\"https:\\\/\\\/radiotordera.cat\\\/radio\\\/#\\\/schema\\\/person\\\/6a71581c1b4ac974c7ee50a02953f2f3\"},\"headline\":\"La biblioteca de Tordera acull l\u2019exposici\u00f3 \u201cAvui:50 anys de periodisme, llengua i pa\u00eds\u00bb\",\"datePublished\":\"2026-09-03T07:18:33+00:00\",\"mainEntityOfPage\":{\"@id\":\"https:\\\/\\\/radiotordera.cat\\\/radio\\\/?p=139414\"},\"wordCount\":290,\"publisher\":{\"@id\":\"https:\\\/\\\/radiotordera.cat\\\/radio\\\/#organization\"},\"image\":{\"@id\":\"https:\\\/\\\/radiotordera.cat\\\/radio\\\/?p=139414#primaryimage\"},\"thumbnailUrl\":\"https:\\\/\\\/i0.wp.com\\\/radiotordera.cat\\\/radio\\\/wp-content\\\/uploads\\\/2026\\\/09\\\/Captura-de-pantalla-2026-09-03-091748.png?fit=658%2C499&ssl=1\",\"keywords\":[\"cultura\"],\"articleSection\":[\"Cultura\",\"Noticies\"],\"inLanguage\":\"ca\"},{\"@type\":\"WebPage\",\"@id\":\"https:\\\/\\\/radiotordera.cat\\\/radio\\\/?p=139414\",\"url\":\"https:\\\/\\\/radiotordera.cat\\\/radio\\\/?p=139414\",\"name\":\"La biblioteca de Tordera acull l\u2019exposici\u00f3 \u201cAvui:50 anys de periodisme, llengua i pa\u00eds\\\" - R\u00e0dio Tordera\",\"isPartOf\":{\"@id\":\"https:\\\/\\\/radiotordera.cat\\\/radio\\\/#website\"},\"primaryImageOfPage\":{\"@id\":\"https:\\\/\\\/radiotordera.cat\\\/radio\\\/?p=139414#primaryimage\"},\"image\":{\"@id\":\"https:\\\/\\\/radiotordera.cat\\\/radio\\\/?p=139414#primaryimage\"},\"thumbnailUrl\":\"https:\\\/\\\/i0.wp.com\\\/radiotordera.cat\\\/radio\\\/wp-content\\\/uploads\\\/2026\\\/09\\\/Captura-de-pantalla-2026-09-03-091748.png?fit=658%2C499&ssl=1\",\"datePublished\":\"2026-09-03T07:18:33+00:00\",\"breadcrumb\":{\"@id\":\"https:\\\/\\\/radiotordera.cat\\\/radio\\\/?p=139414#breadcrumb\"},\"inLanguage\":\"ca\",\"potentialAction\":[{\"@type\":\"ReadAction\",\"target\":[\"https:\\\/\\\/radiotordera.cat\\\/radio\\\/?p=139414\"]}]},{\"@type\":\"ImageObject\",\"inLanguage\":\"ca\",\"@id\":\"https:\\\/\\\/radiotordera.cat\\\/radio\\\/?p=139414#primaryimage\",\"url\":\"https:\\\/\\\/i0.wp.com\\\/radiotordera.cat\\\/radio\\\/wp-content\\\/uploads\\\/2026\\\/09\\\/Captura-de-pantalla-2026-09-03-091748.png?fit=658%2C499&ssl=1\",\"contentUrl\":\"https:\\\/\\\/i0.wp.com\\\/radiotordera.cat\\\/radio\\\/wp-content\\\/uploads\\\/2026\\\/09\\\/Captura-de-pantalla-2026-09-03-091748.png?fit=658%2C499&ssl=1\",\"width\":658,\"height\":499},{\"@type\":\"BreadcrumbList\",\"@id\":\"https:\\\/\\\/radiotordera.cat\\\/radio\\\/?p=139414#breadcrumb\",\"itemListElement\":[{\"@type\":\"ListItem\",\"position\":1,\"name\":\"Inici\",\"item\":\"https:\\\/\\\/radiotordera.cat\\\/radio\\\/\"},{\"@type\":\"ListItem\",\"position\":2,\"name\":\"La biblioteca de Tordera acull l\u2019exposici\u00f3 \u201cAvui:50 anys de periodisme, llengua i pa\u00eds\u00bb\"}]},{\"@type\":\"WebSite\",\"@id\":\"https:\\\/\\\/radiotordera.cat\\\/radio\\\/#website\",\"url\":\"https:\\\/\\\/radiotordera.cat\\\/radio\\\/\",\"name\":\"R\u00e0dio Tordera\",\"description\":\"R\u00e0dio Tordera Online\",\"publisher\":{\"@id\":\"https:\\\/\\\/radiotordera.cat\\\/radio\\\/#organization\"},\"potentialAction\":[{\"@type\":\"SearchAction\",\"target\":{\"@type\":\"EntryPoint\",\"urlTemplate\":\"https:\\\/\\\/radiotordera.cat\\\/radio\\\/?s={search_term_string}\"},\"query-input\":{\"@type\":\"PropertyValueSpecification\",\"valueRequired\":true,\"valueName\":\"search_term_string\"}}],\"inLanguage\":\"ca\"},{\"@type\":\"Organization\",\"@id\":\"https:\\\/\\\/radiotordera.cat\\\/radio\\\/#organization\",\"name\":\"R\u00e0dio Tordera\",\"url\":\"https:\\\/\\\/radiotordera.cat\\\/radio\\\/\",\"logo\":{\"@type\":\"ImageObject\",\"inLanguage\":\"ca\",\"@id\":\"https:\\\/\\\/radiotordera.cat\\\/radio\\\/#\\\/schema\\\/logo\\\/image\\\/\",\"url\":\"https:\\\/\\\/i0.wp.com\\\/radiotordera.cat\\\/radio\\\/wp-content\\\/uploads\\\/2016\\\/11\\\/logo-vermell.jpg?fit=567%2C613&ssl=1\",\"contentUrl\":\"https:\\\/\\\/i0.wp.com\\\/radiotordera.cat\\\/radio\\\/wp-content\\\/uploads\\\/2016\\\/11\\\/logo-vermell.jpg?fit=567%2C613&ssl=1\",\"width\":567,\"height\":613,\"caption\":\"R\u00e0dio Tordera\"},\"image\":{\"@id\":\"https:\\\/\\\/radiotordera.cat\\\/radio\\\/#\\\/schema\\\/logo\\\/image\\\/\"}},{\"@type\":\"Person\",\"@id\":\"https:\\\/\\\/radiotordera.cat\\\/radio\\\/#\\\/schema\\\/person\\\/6a71581c1b4ac974c7ee50a02953f2f3\",\"name\":\"Albert Sabater\",\"sameAs\":[\"http:\\\/\\\/radiotordera.cat\"],\"url\":\"https:\\\/\\\/radiotordera.cat\\\/radio\\\/?author=6\"}]}<\/script>\n<!-- \/ Yoast SEO plugin. -->","yoast_head_json":{"title":"La biblioteca de Tordera acull l\u2019exposici\u00f3 \u201cAvui:50 anys de periodisme, llengua i pa\u00eds\" - R\u00e0dio Tordera","robots":{"index":"index","follow":"follow","max-snippet":"max-snippet:-1","max-image-preview":"max-image-preview:large","max-video-preview":"max-video-preview:-1"},"canonical":"https:\/\/radiotordera.cat\/radio\/?p=139414","og_locale":"ca_ES","og_type":"article","og_title":"La biblioteca de Tordera acull l\u2019exposici\u00f3 \u201cAvui:50 anys de periodisme, llengua i pa\u00eds\" - R\u00e0dio Tordera","og_description":"La mostra es podr\u00e0 visitar fins al 13 de setembre Del 2 al 13 de setembre arriba a Tordera l&#8217;exposici\u00f3 \u00abAvui: 50 anys de periodisme, llengua i pa\u00eds\u00bb. En el marc de la mostra dimecres vinent tamb\u00e9 es far\u00e0 una taula rodona sobre el catal\u00e0 a les xarxes socials. L\u2019exposici\u00f3&nbsp;AVUI 50+. Des de 1976, not\u00edcies, [&hellip;]","og_url":"https:\/\/radiotordera.cat\/radio\/?p=139414","og_site_name":"R\u00e0dio Tordera","article_published_time":"2026-09-03T07:18:33+00:00","og_image":[{"width":658,"height":499,"url":"https:\/\/radiotordera.cat\/radio\/wp-content\/uploads\/2026\/09\/Captura-de-pantalla-2026-09-03-091748.png","type":"image\/png"}],"author":"Albert Sabater","twitter_card":"summary_large_image","twitter_misc":{"Escrit per":"Albert Sabater","Temps estimat de lectura":"2 minuts"},"schema":{"@context":"https:\/\/schema.org","@graph":[{"@type":"Article","@id":"https:\/\/radiotordera.cat\/radio\/?p=139414#article","isPartOf":{"@id":"https:\/\/radiotordera.cat\/radio\/?p=139414"},"author":{"name":"Albert Sabater","@id":"https:\/\/radiotordera.cat\/radio\/#\/schema\/person\/6a71581c1b4ac974c7ee50a02953f2f3"},"headline":"La biblioteca de Tordera acull l\u2019exposici\u00f3 \u201cAvui:50 anys de periodisme, llengua i pa\u00eds\u00bb","datePublished":"2026-09-03T07:18:33+00:00","mainEntityOfPage":{"@id":"https:\/\/radiotordera.cat\/radio\/?p=139414"},"wordCount":290,"publisher":{"@id":"https:\/\/radiotordera.cat\/radio\/#organization"},"image":{"@id":"https:\/\/radiotordera.cat\/radio\/?p=139414#primaryimage"},"thumbnailUrl":"https:\/\/i0.wp.com\/radiotordera.cat\/radio\/wp-content\/uploads\/2026\/09\/Captura-de-pantalla-2026-09-03-091748.png?fit=658%2C499&ssl=1","keywords":["cultura"],"articleSection":["Cultura","Noticies"],"inLanguage":"ca"},{"@type":"WebPage","@id":"https:\/\/radiotordera.cat\/radio\/?p=139414","url":"https:\/\/radiotordera.cat\/radio\/?p=139414","name":"La biblioteca de Tordera acull l\u2019exposici\u00f3 \u201cAvui:50 anys de periodisme, llengua i pa\u00eds\" - R\u00e0dio Tordera","isPartOf":{"@id":"https:\/\/radiotordera.cat\/radio\/#website"},"primaryImageOfPage":{"@id":"https:\/\/radiotordera.cat\/radio\/?p=139414#primaryimage"},"image":{"@id":"https:\/\/radiotordera.cat\/radio\/?p=139414#primaryimage"},"thumbnailUrl":"https:\/\/i0.wp.com\/radiotordera.cat\/radio\/wp-content\/uploads\/2026\/09\/Captura-de-pantalla-2026-09-03-091748.png?fit=658%2C499&ssl=1","datePublished":"2026-09-03T07:18:33+00:00","breadcrumb":{"@id":"https:\/\/radiotordera.cat\/radio\/?p=139414#breadcrumb"},"inLanguage":"ca","potentialAction":[{"@type":"ReadAction","target":["https:\/\/radiotordera.cat\/radio\/?p=139414"]}]},{"@type":"ImageObject","inLanguage":"ca","@id":"https:\/\/radiotordera.cat\/radio\/?p=139414#primaryimage","url":"https:\/\/i0.wp.com\/radiotordera.cat\/radio\/wp-content\/uploads\/2026\/09\/Captura-de-pantalla-2026-09-03-091748.png?fit=658%2C499&ssl=1","contentUrl":"https:\/\/i0.wp.com\/radiotordera.cat\/radio\/wp-content\/uploads\/2026\/09\/Captura-de-pantalla-2026-09-03-091748.png?fit=658%2C499&ssl=1","width":658,"height":499},{"@type":"BreadcrumbList","@id":"https:\/\/radiotordera.cat\/radio\/?p=139414#breadcrumb","itemListElement":[{"@type":"ListItem","position":1,"name":"Inici","item":"https:\/\/radiotordera.cat\/radio\/"},{"@type":"ListItem","position":2,"name":"La biblioteca de Tordera acull l\u2019exposici\u00f3 \u201cAvui:50 anys de periodisme, llengua i pa\u00eds\u00bb"}]},{"@type":"WebSite","@id":"https:\/\/radiotordera.cat\/radio\/#website","url":"https:\/\/radiotordera.cat\/radio\/","name":"R\u00e0dio Tordera","description":"R\u00e0dio Tordera Online","publisher":{"@id":"https:\/\/radiotordera.cat\/radio\/#organization"},"potentialAction":[{"@type":"SearchAction","target":{"@type":"EntryPoint","urlTemplate":"https:\/\/radiotordera.cat\/radio\/?s={search_term_string}"},"query-input":{"@type":"PropertyValueSpecification","valueRequired":true,"valueName":"search_term_string"}}],"inLanguage":"ca"},{"@type":"Organization","@id":"https:\/\/radiotordera.cat\/radio\/#organization","name":"R\u00e0dio Tordera","url":"https:\/\/radiotordera.cat\/radio\/","logo":{"@type":"ImageObject","inLanguage":"ca","@id":"https:\/\/radiotordera.cat\/radio\/#\/schema\/logo\/image\/","url":"https:\/\/i0.wp.com\/radiotordera.cat\/radio\/wp-content\/uploads\/2016\/11\/logo-vermell.jpg?fit=567%2C613&ssl=1","contentUrl":"https:\/\/i0.wp.com\/radiotordera.cat\/radio\/wp-content\/uploads\/2016\/11\/logo-vermell.jpg?fit=567%2C613&ssl=1","width":567,"height":613,"caption":"R\u00e0dio Tordera"},"image":{"@id":"https:\/\/radiotordera.cat\/radio\/#\/schema\/logo\/image\/"}},{"@type":"Person","@id":"https:\/\/radiotordera.cat\/radio\/#\/schema\/person\/6a71581c1b4ac974c7ee50a02953f2f3","name":"Albert Sabater","sameAs":["http:\/\/radiotordera.cat"],"url":"https:\/\/radiotordera.cat\/radio\/?author=6"}]}},"jetpack_featured_media_url":"https:\/\/i0.wp.com\/radiotordera.cat\/radio\/wp-content\/uploads\/2026\/09\/Captura-de-pantalla-2026-09-03-091748.png?fit=658%2C499&ssl=1","jetpack_sharing_enabled":true,"_links":{"self":[{"href":"https:\/\/radiotordera.cat\/radio\/index.php?rest_route=\/wp\/v2\/posts\/139414","targetHints":{"allow":["GET"]}}],"collection":[{"href":"https:\/\/radiotordera.cat\/radio\/index.php?rest_route=\/wp\/v2\/posts"}],"about":[{"href":"https:\/\/radiotordera.cat\/radio\/index.php?rest_route=\/wp\/v2\/types\/post"}],"author":[{"embeddable":true,"href":"https:\/\/radiotordera.cat\/radio\/index.php?rest_route=\/wp\/v2\/users\/6"}],"replies":[{"embeddable":true,"href":"https:\/\/radiotordera.cat\/radio\/index.php?rest_route=%2Fwp%2Fv2%2Fcomments&post=139414"}],"version-history":[{"count":1,"href":"https:\/\/radiotordera.cat\/radio\/index.php?rest_route=\/wp\/v2\/posts\/139414\/revisions"}],"predecessor-version":[{"id":139417,"href":"https:\/\/radiotordera.cat\/radio\/index.php?rest_route=\/wp\/v2\/posts\/139414\/revisions\/139417"}],"wp:featuredmedia":[{"embeddable":true,"href":"https:\/\/radiotordera.cat\/radio\/index.php?rest_route=\/wp\/v2\/media\/139416"}],"wp:attachment":[{"href":"https:\/\/radiotordera.cat\/radio\/index.php?rest_route=%2Fwp%2Fv2%2Fmedia&parent=139414"}],"wp:term":[{"taxonomy":"category","embeddable":true,"href":"https:\/\/radiotordera.cat\/radio\/index.php?rest_route=%2Fwp%2Fv2%2Fcategories&post=139414"},{"taxonomy":"post_tag","embeddable":true,"href":"https:\/\/radiotordera.cat\/radio\/index.php?rest_route=%2Fwp%2Fv2%2Ftags&post=139414"}],"curies":[{"name":"wp","href":"https:\/\/api.w.org\/{rel}","templated":true}]}}