{"id":139407,"date":"2026-09-03T09:13:42","date_gmt":"2026-09-03T07:13:42","guid":{"rendered":"https:\/\/radiotordera.cat\/radio\/?p=139407"},"modified":"2026-09-03T09:13:43","modified_gmt":"2026-09-03T07:13:43","slug":"tordera-tambe-acull-una-concentracio-de-suport-a-ceuta","status":"publish","type":"post","link":"https:\/\/radiotordera.cat\/radio\/?p=139407","title":{"rendered":"Tordera tamb\u00e9 acull una concentraci\u00f3 de suport a Ceuta"},"content":{"rendered":"\n<h1 class=\"wp-block-heading\"><em>Entre els concentrats es van llegir pancartes com \u201c Ceuta no se vende, se defiende\u201d.<\/em><\/h1>\n\n\n\n<p class=\"wp-block-paragraph\">Desenes de persones es van concentrar ahir a la pla\u00e7a de l\u2019ajuntament per expressar el suport a Ceuta davant la situaci\u00f3 que travessa la ciutat aut\u00f2noma. Entre els concentrats es van llegir pancartes com \u201c Ceuta no se vende, se defiende\u201d. L\u2019acte es va desenvolupar sota el lema \u201cA favor de Ceuta. En contra de la invasi\u00f3 migrat\u00f2ria\u201d. Aix\u00ed si referia el regidor de Vox a Tordera, Eric P\u00e9rez<\/p>\n\n\n\n<figure class=\"wp-block-audio\"><audio controls src=\"https:\/\/radiotordera.cat\/radio\/wp-content\/uploads\/2026\/09\/eric-ceuta.mp3\"><\/audio><\/figure>\n\n\n\n<p class=\"wp-block-paragraph\"><strong>\u201c no \u00e9s una crisi humanit\u00e0ria, \u00e9s una invasi\u00f3\u201d<\/strong><\/p>\n\n\n\n<p class=\"wp-block-paragraph\">Malgrat que la convocat\u00f2ria explicava que l\u2019acte no estava monopolitzat per cap formaci\u00f3 pol\u00edtica, la realitat es que nom\u00e9s hi van assistir el dos regidors de VOX a l\u2019ajuntament de Tordera.<\/p>\n\n\n\n<p class=\"wp-block-paragraph\"><\/p>\n","protected":false},"excerpt":{"rendered":"<p>Entre els concentrats es van llegir pancartes com \u201c Ceuta no se vende, se defiende\u201d. Desenes de persones es van concentrar ahir a la pla\u00e7a de l\u2019ajuntament per expressar el suport a Ceuta davant la situaci\u00f3 que travessa la ciutat aut\u00f2noma. Entre els concentrats es van llegir pancartes com \u201c Ceuta no se vende, se [&hellip;]<\/p>\n","protected":false},"author":6,"featured_media":139409,"comment_status":"closed","ping_status":"open","sticky":false,"template":"","format":"standard","meta":{"_jetpack_newsletter_access":"","_jetpack_dont_email_post_to_subs":false,"_jetpack_newsletter_tier_id":0,"_jetpack_memberships_contains_paywalled_content":false,"_jetpack_memberships_contains_paid_content":false,"footnotes":"","jetpack_post_was_ever_published":false},"categories":[5,36],"tags":[194],"class_list":["post-139407","post","type-post","status-publish","format-standard","has-post-thumbnail","category-noticies-2","category-politica","tag-politica"],"yoast_head":"<!-- This site is optimized with the Yoast SEO plugin v28.2 - https:\/\/yoast.com\/product\/yoast-seo-wordpress\/ -->\n<title>Tordera tamb\u00e9 acull una concentraci\u00f3 de suport a Ceuta - R\u00e0dio Tordera<\/title>\n<meta name=\"robots\" content=\"index, follow, max-snippet:-1, max-image-preview:large, max-video-preview:-1\" \/>\n<link rel=\"canonical\" href=\"https:\/\/radiotordera.cat\/radio\/?p=139407\" \/>\n<meta property=\"og:locale\" content=\"ca_ES\" \/>\n<meta property=\"og:type\" content=\"article\" \/>\n<meta property=\"og:title\" content=\"Tordera tamb\u00e9 acull una concentraci\u00f3 de suport a Ceuta - R\u00e0dio Tordera\" \/>\n<meta property=\"og:description\" content=\"Entre els concentrats es van llegir pancartes com \u201c Ceuta no se vende, se defiende\u201d. Desenes de persones es van concentrar ahir a la pla\u00e7a de l\u2019ajuntament per expressar el suport a Ceuta davant la situaci\u00f3 que travessa la ciutat aut\u00f2noma. Entre els concentrats es van llegir pancartes com \u201c Ceuta no se vende, se [&hellip;]\" \/>\n<meta property=\"og:url\" content=\"https:\/\/radiotordera.cat\/radio\/?p=139407\" \/>\n<meta property=\"og:site_name\" content=\"R\u00e0dio Tordera\" \/>\n<meta property=\"article:published_time\" content=\"2026-09-03T07:13:42+00:00\" \/>\n<meta property=\"article:modified_time\" content=\"2026-09-03T07:13:43+00:00\" \/>\n<meta property=\"og:image\" content=\"https:\/\/radiotordera.cat\/radio\/wp-content\/uploads\/2026\/09\/WhatsApp-Image-2026-09-02-at-20.09.43.jpeg\" \/>\n\t<meta property=\"og:image:width\" content=\"2000\" \/>\n\t<meta property=\"og:image:height\" content=\"1500\" \/>\n\t<meta property=\"og:image:type\" content=\"image\/jpeg\" \/>\n<meta name=\"author\" content=\"Albert Sabater\" \/>\n<meta name=\"twitter:card\" content=\"summary_large_image\" \/>\n<meta name=\"twitter:label1\" content=\"Escrit per\" \/>\n\t<meta name=\"twitter:data1\" content=\"Albert Sabater\" \/>\n\t<meta name=\"twitter:label2\" content=\"Temps estimat de lectura\" \/>\n\t<meta name=\"twitter:data2\" content=\"1 minut\" \/>\n<script type=\"application\/ld+json\" class=\"yoast-schema-graph\">{\"@context\":\"https:\\\/\\\/schema.org\",\"@graph\":[{\"@type\":\"Article\",\"@id\":\"https:\\\/\\\/radiotordera.cat\\\/radio\\\/?p=139407#article\",\"isPartOf\":{\"@id\":\"https:\\\/\\\/radiotordera.cat\\\/radio\\\/?p=139407\"},\"author\":{\"name\":\"Albert Sabater\",\"@id\":\"https:\\\/\\\/radiotordera.cat\\\/radio\\\/#\\\/schema\\\/person\\\/6a71581c1b4ac974c7ee50a02953f2f3\"},\"headline\":\"Tordera tamb\u00e9 acull una concentraci\u00f3 de suport a Ceuta\",\"datePublished\":\"2026-09-03T07:13:42+00:00\",\"dateModified\":\"2026-09-03T07:13:43+00:00\",\"mainEntityOfPage\":{\"@id\":\"https:\\\/\\\/radiotordera.cat\\\/radio\\\/?p=139407\"},\"wordCount\":142,\"publisher\":{\"@id\":\"https:\\\/\\\/radiotordera.cat\\\/radio\\\/#organization\"},\"image\":{\"@id\":\"https:\\\/\\\/radiotordera.cat\\\/radio\\\/?p=139407#primaryimage\"},\"thumbnailUrl\":\"https:\\\/\\\/i0.wp.com\\\/radiotordera.cat\\\/radio\\\/wp-content\\\/uploads\\\/2026\\\/09\\\/WhatsApp-Image-2026-09-02-at-20.09.43.jpeg?fit=2000%2C1500&ssl=1\",\"keywords\":[\"politica\"],\"articleSection\":[\"Noticies\",\"Pol\u00edtica\"],\"inLanguage\":\"ca\"},{\"@type\":\"WebPage\",\"@id\":\"https:\\\/\\\/radiotordera.cat\\\/radio\\\/?p=139407\",\"url\":\"https:\\\/\\\/radiotordera.cat\\\/radio\\\/?p=139407\",\"name\":\"Tordera tamb\u00e9 acull una concentraci\u00f3 de suport a Ceuta - R\u00e0dio Tordera\",\"isPartOf\":{\"@id\":\"https:\\\/\\\/radiotordera.cat\\\/radio\\\/#website\"},\"primaryImageOfPage\":{\"@id\":\"https:\\\/\\\/radiotordera.cat\\\/radio\\\/?p=139407#primaryimage\"},\"image\":{\"@id\":\"https:\\\/\\\/radiotordera.cat\\\/radio\\\/?p=139407#primaryimage\"},\"thumbnailUrl\":\"https:\\\/\\\/i0.wp.com\\\/radiotordera.cat\\\/radio\\\/wp-content\\\/uploads\\\/2026\\\/09\\\/WhatsApp-Image-2026-09-02-at-20.09.43.jpeg?fit=2000%2C1500&ssl=1\",\"datePublished\":\"2026-09-03T07:13:42+00:00\",\"dateModified\":\"2026-09-03T07:13:43+00:00\",\"breadcrumb\":{\"@id\":\"https:\\\/\\\/radiotordera.cat\\\/radio\\\/?p=139407#breadcrumb\"},\"inLanguage\":\"ca\",\"potentialAction\":[{\"@type\":\"ReadAction\",\"target\":[\"https:\\\/\\\/radiotordera.cat\\\/radio\\\/?p=139407\"]}]},{\"@type\":\"ImageObject\",\"inLanguage\":\"ca\",\"@id\":\"https:\\\/\\\/radiotordera.cat\\\/radio\\\/?p=139407#primaryimage\",\"url\":\"https:\\\/\\\/i0.wp.com\\\/radiotordera.cat\\\/radio\\\/wp-content\\\/uploads\\\/2026\\\/09\\\/WhatsApp-Image-2026-09-02-at-20.09.43.jpeg?fit=2000%2C1500&ssl=1\",\"contentUrl\":\"https:\\\/\\\/i0.wp.com\\\/radiotordera.cat\\\/radio\\\/wp-content\\\/uploads\\\/2026\\\/09\\\/WhatsApp-Image-2026-09-02-at-20.09.43.jpeg?fit=2000%2C1500&ssl=1\",\"width\":2000,\"height\":1500},{\"@type\":\"BreadcrumbList\",\"@id\":\"https:\\\/\\\/radiotordera.cat\\\/radio\\\/?p=139407#breadcrumb\",\"itemListElement\":[{\"@type\":\"ListItem\",\"position\":1,\"name\":\"Inici\",\"item\":\"https:\\\/\\\/radiotordera.cat\\\/radio\\\/\"},{\"@type\":\"ListItem\",\"position\":2,\"name\":\"Tordera tamb\u00e9 acull una concentraci\u00f3 de suport a Ceuta\"}]},{\"@type\":\"WebSite\",\"@id\":\"https:\\\/\\\/radiotordera.cat\\\/radio\\\/#website\",\"url\":\"https:\\\/\\\/radiotordera.cat\\\/radio\\\/\",\"name\":\"R\u00e0dio Tordera\",\"description\":\"R\u00e0dio Tordera Online\",\"publisher\":{\"@id\":\"https:\\\/\\\/radiotordera.cat\\\/radio\\\/#organization\"},\"potentialAction\":[{\"@type\":\"SearchAction\",\"target\":{\"@type\":\"EntryPoint\",\"urlTemplate\":\"https:\\\/\\\/radiotordera.cat\\\/radio\\\/?s={search_term_string}\"},\"query-input\":{\"@type\":\"PropertyValueSpecification\",\"valueRequired\":true,\"valueName\":\"search_term_string\"}}],\"inLanguage\":\"ca\"},{\"@type\":\"Organization\",\"@id\":\"https:\\\/\\\/radiotordera.cat\\\/radio\\\/#organization\",\"name\":\"R\u00e0dio Tordera\",\"url\":\"https:\\\/\\\/radiotordera.cat\\\/radio\\\/\",\"logo\":{\"@type\":\"ImageObject\",\"inLanguage\":\"ca\",\"@id\":\"https:\\\/\\\/radiotordera.cat\\\/radio\\\/#\\\/schema\\\/logo\\\/image\\\/\",\"url\":\"https:\\\/\\\/i0.wp.com\\\/radiotordera.cat\\\/radio\\\/wp-content\\\/uploads\\\/2016\\\/11\\\/logo-vermell.jpg?fit=567%2C613&ssl=1\",\"contentUrl\":\"https:\\\/\\\/i0.wp.com\\\/radiotordera.cat\\\/radio\\\/wp-content\\\/uploads\\\/2016\\\/11\\\/logo-vermell.jpg?fit=567%2C613&ssl=1\",\"width\":567,\"height\":613,\"caption\":\"R\u00e0dio Tordera\"},\"image\":{\"@id\":\"https:\\\/\\\/radiotordera.cat\\\/radio\\\/#\\\/schema\\\/logo\\\/image\\\/\"}},{\"@type\":\"Person\",\"@id\":\"https:\\\/\\\/radiotordera.cat\\\/radio\\\/#\\\/schema\\\/person\\\/6a71581c1b4ac974c7ee50a02953f2f3\",\"name\":\"Albert Sabater\",\"sameAs\":[\"http:\\\/\\\/radiotordera.cat\"],\"url\":\"https:\\\/\\\/radiotordera.cat\\\/radio\\\/?author=6\"}]}<\/script>\n<!-- \/ Yoast SEO plugin. -->","yoast_head_json":{"title":"Tordera tamb\u00e9 acull una concentraci\u00f3 de suport a Ceuta - R\u00e0dio Tordera","robots":{"index":"index","follow":"follow","max-snippet":"max-snippet:-1","max-image-preview":"max-image-preview:large","max-video-preview":"max-video-preview:-1"},"canonical":"https:\/\/radiotordera.cat\/radio\/?p=139407","og_locale":"ca_ES","og_type":"article","og_title":"Tordera tamb\u00e9 acull una concentraci\u00f3 de suport a Ceuta - R\u00e0dio Tordera","og_description":"Entre els concentrats es van llegir pancartes com \u201c Ceuta no se vende, se defiende\u201d. Desenes de persones es van concentrar ahir a la pla\u00e7a de l\u2019ajuntament per expressar el suport a Ceuta davant la situaci\u00f3 que travessa la ciutat aut\u00f2noma. Entre els concentrats es van llegir pancartes com \u201c Ceuta no se vende, se [&hellip;]","og_url":"https:\/\/radiotordera.cat\/radio\/?p=139407","og_site_name":"R\u00e0dio Tordera","article_published_time":"2026-09-03T07:13:42+00:00","article_modified_time":"2026-09-03T07:13:43+00:00","og_image":[{"width":2000,"height":1500,"url":"https:\/\/radiotordera.cat\/radio\/wp-content\/uploads\/2026\/09\/WhatsApp-Image-2026-09-02-at-20.09.43.jpeg","type":"image\/jpeg"}],"author":"Albert Sabater","twitter_card":"summary_large_image","twitter_misc":{"Escrit per":"Albert Sabater","Temps estimat de lectura":"1 minut"},"schema":{"@context":"https:\/\/schema.org","@graph":[{"@type":"Article","@id":"https:\/\/radiotordera.cat\/radio\/?p=139407#article","isPartOf":{"@id":"https:\/\/radiotordera.cat\/radio\/?p=139407"},"author":{"name":"Albert Sabater","@id":"https:\/\/radiotordera.cat\/radio\/#\/schema\/person\/6a71581c1b4ac974c7ee50a02953f2f3"},"headline":"Tordera tamb\u00e9 acull una concentraci\u00f3 de suport a Ceuta","datePublished":"2026-09-03T07:13:42+00:00","dateModified":"2026-09-03T07:13:43+00:00","mainEntityOfPage":{"@id":"https:\/\/radiotordera.cat\/radio\/?p=139407"},"wordCount":142,"publisher":{"@id":"https:\/\/radiotordera.cat\/radio\/#organization"},"image":{"@id":"https:\/\/radiotordera.cat\/radio\/?p=139407#primaryimage"},"thumbnailUrl":"https:\/\/i0.wp.com\/radiotordera.cat\/radio\/wp-content\/uploads\/2026\/09\/WhatsApp-Image-2026-09-02-at-20.09.43.jpeg?fit=2000%2C1500&ssl=1","keywords":["politica"],"articleSection":["Noticies","Pol\u00edtica"],"inLanguage":"ca"},{"@type":"WebPage","@id":"https:\/\/radiotordera.cat\/radio\/?p=139407","url":"https:\/\/radiotordera.cat\/radio\/?p=139407","name":"Tordera tamb\u00e9 acull una concentraci\u00f3 de suport a Ceuta - R\u00e0dio Tordera","isPartOf":{"@id":"https:\/\/radiotordera.cat\/radio\/#website"},"primaryImageOfPage":{"@id":"https:\/\/radiotordera.cat\/radio\/?p=139407#primaryimage"},"image":{"@id":"https:\/\/radiotordera.cat\/radio\/?p=139407#primaryimage"},"thumbnailUrl":"https:\/\/i0.wp.com\/radiotordera.cat\/radio\/wp-content\/uploads\/2026\/09\/WhatsApp-Image-2026-09-02-at-20.09.43.jpeg?fit=2000%2C1500&ssl=1","datePublished":"2026-09-03T07:13:42+00:00","dateModified":"2026-09-03T07:13:43+00:00","breadcrumb":{"@id":"https:\/\/radiotordera.cat\/radio\/?p=139407#breadcrumb"},"inLanguage":"ca","potentialAction":[{"@type":"ReadAction","target":["https:\/\/radiotordera.cat\/radio\/?p=139407"]}]},{"@type":"ImageObject","inLanguage":"ca","@id":"https:\/\/radiotordera.cat\/radio\/?p=139407#primaryimage","url":"https:\/\/i0.wp.com\/radiotordera.cat\/radio\/wp-content\/uploads\/2026\/09\/WhatsApp-Image-2026-09-02-at-20.09.43.jpeg?fit=2000%2C1500&ssl=1","contentUrl":"https:\/\/i0.wp.com\/radiotordera.cat\/radio\/wp-content\/uploads\/2026\/09\/WhatsApp-Image-2026-09-02-at-20.09.43.jpeg?fit=2000%2C1500&ssl=1","width":2000,"height":1500},{"@type":"BreadcrumbList","@id":"https:\/\/radiotordera.cat\/radio\/?p=139407#breadcrumb","itemListElement":[{"@type":"ListItem","position":1,"name":"Inici","item":"https:\/\/radiotordera.cat\/radio\/"},{"@type":"ListItem","position":2,"name":"Tordera tamb\u00e9 acull una concentraci\u00f3 de suport a Ceuta"}]},{"@type":"WebSite","@id":"https:\/\/radiotordera.cat\/radio\/#website","url":"https:\/\/radiotordera.cat\/radio\/","name":"R\u00e0dio Tordera","description":"R\u00e0dio Tordera Online","publisher":{"@id":"https:\/\/radiotordera.cat\/radio\/#organization"},"potentialAction":[{"@type":"SearchAction","target":{"@type":"EntryPoint","urlTemplate":"https:\/\/radiotordera.cat\/radio\/?s={search_term_string}"},"query-input":{"@type":"PropertyValueSpecification","valueRequired":true,"valueName":"search_term_string"}}],"inLanguage":"ca"},{"@type":"Organization","@id":"https:\/\/radiotordera.cat\/radio\/#organization","name":"R\u00e0dio Tordera","url":"https:\/\/radiotordera.cat\/radio\/","logo":{"@type":"ImageObject","inLanguage":"ca","@id":"https:\/\/radiotordera.cat\/radio\/#\/schema\/logo\/image\/","url":"https:\/\/i0.wp.com\/radiotordera.cat\/radio\/wp-content\/uploads\/2016\/11\/logo-vermell.jpg?fit=567%2C613&ssl=1","contentUrl":"https:\/\/i0.wp.com\/radiotordera.cat\/radio\/wp-content\/uploads\/2016\/11\/logo-vermell.jpg?fit=567%2C613&ssl=1","width":567,"height":613,"caption":"R\u00e0dio Tordera"},"image":{"@id":"https:\/\/radiotordera.cat\/radio\/#\/schema\/logo\/image\/"}},{"@type":"Person","@id":"https:\/\/radiotordera.cat\/radio\/#\/schema\/person\/6a71581c1b4ac974c7ee50a02953f2f3","name":"Albert Sabater","sameAs":["http:\/\/radiotordera.cat"],"url":"https:\/\/radiotordera.cat\/radio\/?author=6"}]}},"jetpack_featured_media_url":"https:\/\/i0.wp.com\/radiotordera.cat\/radio\/wp-content\/uploads\/2026\/09\/WhatsApp-Image-2026-09-02-at-20.09.43.jpeg?fit=2000%2C1500&ssl=1","jetpack_sharing_enabled":true,"_links":{"self":[{"href":"https:\/\/radiotordera.cat\/radio\/index.php?rest_route=\/wp\/v2\/posts\/139407","targetHints":{"allow":["GET"]}}],"collection":[{"href":"https:\/\/radiotordera.cat\/radio\/index.php?rest_route=\/wp\/v2\/posts"}],"about":[{"href":"https:\/\/radiotordera.cat\/radio\/index.php?rest_route=\/wp\/v2\/types\/post"}],"author":[{"embeddable":true,"href":"https:\/\/radiotordera.cat\/radio\/index.php?rest_route=\/wp\/v2\/users\/6"}],"replies":[{"embeddable":true,"href":"https:\/\/radiotordera.cat\/radio\/index.php?rest_route=%2Fwp%2Fv2%2Fcomments&post=139407"}],"version-history":[{"count":1,"href":"https:\/\/radiotordera.cat\/radio\/index.php?rest_route=\/wp\/v2\/posts\/139407\/revisions"}],"predecessor-version":[{"id":139410,"href":"https:\/\/radiotordera.cat\/radio\/index.php?rest_route=\/wp\/v2\/posts\/139407\/revisions\/139410"}],"wp:featuredmedia":[{"embeddable":true,"href":"https:\/\/radiotordera.cat\/radio\/index.php?rest_route=\/wp\/v2\/media\/139409"}],"wp:attachment":[{"href":"https:\/\/radiotordera.cat\/radio\/index.php?rest_route=%2Fwp%2Fv2%2Fmedia&parent=139407"}],"wp:term":[{"taxonomy":"category","embeddable":true,"href":"https:\/\/radiotordera.cat\/radio\/index.php?rest_route=%2Fwp%2Fv2%2Fcategories&post=139407"},{"taxonomy":"post_tag","embeddable":true,"href":"https:\/\/radiotordera.cat\/radio\/index.php?rest_route=%2Fwp%2Fv2%2Ftags&post=139407"}],"curies":[{"name":"wp","href":"https:\/\/api.w.org\/{rel}","templated":true}]}}