{"id":139394,"date":"2026-09-02T09:19:34","date_gmt":"2026-09-02T07:19:34","guid":{"rendered":"https:\/\/radiotordera.cat\/radio\/?p=139394"},"modified":"2026-09-02T09:19:35","modified_gmt":"2026-09-02T07:19:35","slug":"una-plantacio-pionera-a-tordera-estudia-combinar-la-produccio-de-suro-i-tofona-negra","status":"publish","type":"post","link":"https:\/\/radiotordera.cat\/radio\/?p=139394","title":{"rendered":"Una plantaci\u00f3 pionera a Tordera estudia combinar la producci\u00f3 de suro i t\u00f2fona negra"},"content":{"rendered":"\n<h1 class=\"wp-block-heading\"><em>Els primers resultats s\u00f3n prometedors. Els investigadors han comprovat que les esmenes calc\u00e0ries han modificat les caracter\u00edstiques del s\u00f2l i l\u2019han fet m\u00e9s adequat per al desenvolupament de la t\u00f2fona negra.<\/em><\/h1>\n\n\n\n<p class=\"wp-block-paragraph\">Una plantaci\u00f3 experimental a Tordera estudia si \u00e9s possible combinar, en un mateix terreny, la producci\u00f3 de suro i de t\u00f2fona negra.<\/p>\n\n\n\n<p class=\"wp-block-paragraph\">El projecte, batejat com T\u00f2fona&amp;Suro i liderat pel Centre de Ci\u00e8ncia i Tecnologia Forestal de Catalunya, vol trobar noves f\u00f3rmules per fer m\u00e9s rendibles les suredes i, alhora, afavorir-ne la conservaci\u00f3 davant dels efectes del canvi clim\u00e0tic.<\/p>\n\n\n\n<p class=\"wp-block-paragraph\">Per estudiar-ho, s\u2019ha creat una plantaci\u00f3 demostrativa d\u20191,25 hect\u00e0rees a Tordera, on es proven diferents tipus de plantes, sistemes per introduir la t\u00f2fona i diverses t\u00e8cniques de gesti\u00f3 del s\u00f2l i de l\u2019aigua. Dalmau Alb\u00f3 \u00e9s t\u00e8cnic del Centre de Ci\u00e8ncia i Tecnologia Forestal de Catalunya.<\/p>\n\n\n\n<figure class=\"wp-block-audio\"><audio controls src=\"https:\/\/radiotordera.cat\/radio\/wp-content\/uploads\/2026\/09\/projecte-tofona-1.mp3\"><\/audio><\/figure>\n\n\n\n<p class=\"wp-block-paragraph\"><strong>\u201cel projecte busca tamb\u00e9 donar productivitat a les plantacions suredes\u201d<\/strong><\/p>\n\n\n\n<p class=\"wp-block-paragraph\">Els primers resultats s\u00f3n prometedors. Els investigadors han comprovat que les esmenes calc\u00e0ries han modificat les caracter\u00edstiques del s\u00f2l i l\u2019han fet m\u00e9s adequat per al desenvolupament de la t\u00f2fona negra.<\/p>\n\n\n\n<p class=\"wp-block-paragraph\">A m\u00e9s, nom\u00e9s un any despr\u00e9s de la plantaci\u00f3, ja s\u2019ha detectat pres\u00e8ncia del fong de la t\u00f2fona en mostres de s\u00f2l properes als arbres que havien estat inoculats. Ho explica el t\u00e8cnic del CTFC.<\/p>\n\n\n\n<figure class=\"wp-block-audio\"><audio controls src=\"https:\/\/radiotordera.cat\/radio\/wp-content\/uploads\/2026\/09\/projecte-tofona-2.mp3\"><\/audio><\/figure>\n\n\n\n<p class=\"wp-block-paragraph\">Els arbres tamb\u00e9 han mostrat una bona adaptaci\u00f3 a les condicions de la finca.<\/p>\n\n\n\n<p class=\"wp-block-paragraph\">Tot i aquests primers resultats positius, els investigadors alerten que encara \u00e9s aviat per determinar si el sistema funcionar\u00e0 a llarg termini, ja que l\u2019alzina surera prefereix s\u00f2ls \u00e0cids, mentre que la t\u00f2fona negra es desenvolupa millor en terrenys amb pres\u00e8ncia de calci.<\/p>\n\n\n\n<p class=\"wp-block-paragraph\">El projecte continuar\u00e0, per tant, amb el seguiment del creixement dels arbres, l\u2019evoluci\u00f3 del fong i la resposta del terreny.<\/p>\n\n\n\n<figure class=\"wp-block-audio\"><audio controls src=\"https:\/\/radiotordera.cat\/radio\/wp-content\/uploads\/2026\/09\/projecte-tofona-3.mp3\"><\/audio><\/figure>\n\n\n\n<p class=\"wp-block-paragraph\">L\u2019objectiu final \u00e9s determinar si aquest model pot convertir-se en una alternativa per diversificar els ingressos de les finques forestals, mantenir la gesti\u00f3 de les suredes i fer-les m\u00e9s resistents al canvi clim\u00e0tic.<\/p>\n","protected":false},"excerpt":{"rendered":"<p>Els primers resultats s\u00f3n prometedors. Els investigadors han comprovat que les esmenes calc\u00e0ries han modificat les caracter\u00edstiques del s\u00f2l i l\u2019han fet m\u00e9s adequat per al desenvolupament de la t\u00f2fona negra. Una plantaci\u00f3 experimental a Tordera estudia si \u00e9s possible combinar, en un mateix terreny, la producci\u00f3 de suro i de t\u00f2fona negra. El projecte, [&hellip;]<\/p>\n","protected":false},"author":6,"featured_media":139390,"comment_status":"closed","ping_status":"open","sticky":false,"template":"","format":"standard","meta":{"_jetpack_newsletter_access":"","_jetpack_dont_email_post_to_subs":false,"_jetpack_newsletter_tier_id":0,"_jetpack_memberships_contains_paywalled_content":false,"_jetpack_memberships_contains_paid_content":false,"footnotes":"","jetpack_post_was_ever_published":false},"categories":[41,5],"tags":[158],"class_list":["post-139394","post","type-post","status-publish","format-standard","has-post-thumbnail","category-medi-ambient","category-noticies-2","tag-salut"],"yoast_head":"<!-- This site is optimized with the Yoast SEO plugin v28.2 - https:\/\/yoast.com\/product\/yoast-seo-wordpress\/ -->\n<title>Una plantaci\u00f3 pionera a Tordera estudia combinar la producci\u00f3 de suro i t\u00f2fona negra - R\u00e0dio Tordera<\/title>\n<meta name=\"robots\" content=\"index, follow, max-snippet:-1, max-image-preview:large, max-video-preview:-1\" \/>\n<link rel=\"canonical\" href=\"https:\/\/radiotordera.cat\/radio\/?p=139394\" \/>\n<meta property=\"og:locale\" content=\"ca_ES\" \/>\n<meta property=\"og:type\" content=\"article\" \/>\n<meta property=\"og:title\" content=\"Una plantaci\u00f3 pionera a Tordera estudia combinar la producci\u00f3 de suro i t\u00f2fona negra - R\u00e0dio Tordera\" \/>\n<meta property=\"og:description\" content=\"Els primers resultats s\u00f3n prometedors. Els investigadors han comprovat que les esmenes calc\u00e0ries han modificat les caracter\u00edstiques del s\u00f2l i l\u2019han fet m\u00e9s adequat per al desenvolupament de la t\u00f2fona negra. Una plantaci\u00f3 experimental a Tordera estudia si \u00e9s possible combinar, en un mateix terreny, la producci\u00f3 de suro i de t\u00f2fona negra. El projecte, [&hellip;]\" \/>\n<meta property=\"og:url\" content=\"https:\/\/radiotordera.cat\/radio\/?p=139394\" \/>\n<meta property=\"og:site_name\" content=\"R\u00e0dio Tordera\" \/>\n<meta property=\"article:published_time\" content=\"2026-09-02T07:19:34+00:00\" \/>\n<meta property=\"article:modified_time\" content=\"2026-09-02T07:19:35+00:00\" \/>\n<meta property=\"og:image\" content=\"https:\/\/radiotordera.cat\/radio\/wp-content\/uploads\/2026\/09\/imatge-plantacio-surotofona.jpeg\" \/>\n\t<meta property=\"og:image:width\" content=\"1530\" \/>\n\t<meta property=\"og:image:height\" content=\"2040\" \/>\n\t<meta property=\"og:image:type\" content=\"image\/jpeg\" \/>\n<meta name=\"author\" content=\"Albert Sabater\" \/>\n<meta name=\"twitter:card\" content=\"summary_large_image\" \/>\n<meta name=\"twitter:label1\" content=\"Escrit per\" \/>\n\t<meta name=\"twitter:data1\" content=\"Albert Sabater\" \/>\n\t<meta name=\"twitter:label2\" content=\"Temps estimat de lectura\" \/>\n\t<meta name=\"twitter:data2\" content=\"2 minuts\" \/>\n<script type=\"application\/ld+json\" class=\"yoast-schema-graph\">{\"@context\":\"https:\\\/\\\/schema.org\",\"@graph\":[{\"@type\":\"Article\",\"@id\":\"https:\\\/\\\/radiotordera.cat\\\/radio\\\/?p=139394#article\",\"isPartOf\":{\"@id\":\"https:\\\/\\\/radiotordera.cat\\\/radio\\\/?p=139394\"},\"author\":{\"name\":\"Albert Sabater\",\"@id\":\"https:\\\/\\\/radiotordera.cat\\\/radio\\\/#\\\/schema\\\/person\\\/6a71581c1b4ac974c7ee50a02953f2f3\"},\"headline\":\"Una plantaci\u00f3 pionera a Tordera estudia combinar la producci\u00f3 de suro i t\u00f2fona negra\",\"datePublished\":\"2026-09-02T07:19:34+00:00\",\"dateModified\":\"2026-09-02T07:19:35+00:00\",\"mainEntityOfPage\":{\"@id\":\"https:\\\/\\\/radiotordera.cat\\\/radio\\\/?p=139394\"},\"wordCount\":383,\"publisher\":{\"@id\":\"https:\\\/\\\/radiotordera.cat\\\/radio\\\/#organization\"},\"image\":{\"@id\":\"https:\\\/\\\/radiotordera.cat\\\/radio\\\/?p=139394#primaryimage\"},\"thumbnailUrl\":\"https:\\\/\\\/i0.wp.com\\\/radiotordera.cat\\\/radio\\\/wp-content\\\/uploads\\\/2026\\\/09\\\/imatge-plantacio-surotofona.jpeg?fit=1530%2C2040&ssl=1\",\"keywords\":[\"salut\"],\"articleSection\":[\"Medi ambient\",\"Noticies\"],\"inLanguage\":\"ca\"},{\"@type\":\"WebPage\",\"@id\":\"https:\\\/\\\/radiotordera.cat\\\/radio\\\/?p=139394\",\"url\":\"https:\\\/\\\/radiotordera.cat\\\/radio\\\/?p=139394\",\"name\":\"Una plantaci\u00f3 pionera a Tordera estudia combinar la producci\u00f3 de suro i t\u00f2fona negra - R\u00e0dio Tordera\",\"isPartOf\":{\"@id\":\"https:\\\/\\\/radiotordera.cat\\\/radio\\\/#website\"},\"primaryImageOfPage\":{\"@id\":\"https:\\\/\\\/radiotordera.cat\\\/radio\\\/?p=139394#primaryimage\"},\"image\":{\"@id\":\"https:\\\/\\\/radiotordera.cat\\\/radio\\\/?p=139394#primaryimage\"},\"thumbnailUrl\":\"https:\\\/\\\/i0.wp.com\\\/radiotordera.cat\\\/radio\\\/wp-content\\\/uploads\\\/2026\\\/09\\\/imatge-plantacio-surotofona.jpeg?fit=1530%2C2040&ssl=1\",\"datePublished\":\"2026-09-02T07:19:34+00:00\",\"dateModified\":\"2026-09-02T07:19:35+00:00\",\"breadcrumb\":{\"@id\":\"https:\\\/\\\/radiotordera.cat\\\/radio\\\/?p=139394#breadcrumb\"},\"inLanguage\":\"ca\",\"potentialAction\":[{\"@type\":\"ReadAction\",\"target\":[\"https:\\\/\\\/radiotordera.cat\\\/radio\\\/?p=139394\"]}]},{\"@type\":\"ImageObject\",\"inLanguage\":\"ca\",\"@id\":\"https:\\\/\\\/radiotordera.cat\\\/radio\\\/?p=139394#primaryimage\",\"url\":\"https:\\\/\\\/i0.wp.com\\\/radiotordera.cat\\\/radio\\\/wp-content\\\/uploads\\\/2026\\\/09\\\/imatge-plantacio-surotofona.jpeg?fit=1530%2C2040&ssl=1\",\"contentUrl\":\"https:\\\/\\\/i0.wp.com\\\/radiotordera.cat\\\/radio\\\/wp-content\\\/uploads\\\/2026\\\/09\\\/imatge-plantacio-surotofona.jpeg?fit=1530%2C2040&ssl=1\",\"width\":1530,\"height\":2040},{\"@type\":\"BreadcrumbList\",\"@id\":\"https:\\\/\\\/radiotordera.cat\\\/radio\\\/?p=139394#breadcrumb\",\"itemListElement\":[{\"@type\":\"ListItem\",\"position\":1,\"name\":\"Inici\",\"item\":\"https:\\\/\\\/radiotordera.cat\\\/radio\\\/\"},{\"@type\":\"ListItem\",\"position\":2,\"name\":\"Una plantaci\u00f3 pionera a Tordera estudia combinar la producci\u00f3 de suro i t\u00f2fona negra\"}]},{\"@type\":\"WebSite\",\"@id\":\"https:\\\/\\\/radiotordera.cat\\\/radio\\\/#website\",\"url\":\"https:\\\/\\\/radiotordera.cat\\\/radio\\\/\",\"name\":\"R\u00e0dio Tordera\",\"description\":\"R\u00e0dio Tordera Online\",\"publisher\":{\"@id\":\"https:\\\/\\\/radiotordera.cat\\\/radio\\\/#organization\"},\"potentialAction\":[{\"@type\":\"SearchAction\",\"target\":{\"@type\":\"EntryPoint\",\"urlTemplate\":\"https:\\\/\\\/radiotordera.cat\\\/radio\\\/?s={search_term_string}\"},\"query-input\":{\"@type\":\"PropertyValueSpecification\",\"valueRequired\":true,\"valueName\":\"search_term_string\"}}],\"inLanguage\":\"ca\"},{\"@type\":\"Organization\",\"@id\":\"https:\\\/\\\/radiotordera.cat\\\/radio\\\/#organization\",\"name\":\"R\u00e0dio Tordera\",\"url\":\"https:\\\/\\\/radiotordera.cat\\\/radio\\\/\",\"logo\":{\"@type\":\"ImageObject\",\"inLanguage\":\"ca\",\"@id\":\"https:\\\/\\\/radiotordera.cat\\\/radio\\\/#\\\/schema\\\/logo\\\/image\\\/\",\"url\":\"https:\\\/\\\/i0.wp.com\\\/radiotordera.cat\\\/radio\\\/wp-content\\\/uploads\\\/2016\\\/11\\\/logo-vermell.jpg?fit=567%2C613&ssl=1\",\"contentUrl\":\"https:\\\/\\\/i0.wp.com\\\/radiotordera.cat\\\/radio\\\/wp-content\\\/uploads\\\/2016\\\/11\\\/logo-vermell.jpg?fit=567%2C613&ssl=1\",\"width\":567,\"height\":613,\"caption\":\"R\u00e0dio Tordera\"},\"image\":{\"@id\":\"https:\\\/\\\/radiotordera.cat\\\/radio\\\/#\\\/schema\\\/logo\\\/image\\\/\"}},{\"@type\":\"Person\",\"@id\":\"https:\\\/\\\/radiotordera.cat\\\/radio\\\/#\\\/schema\\\/person\\\/6a71581c1b4ac974c7ee50a02953f2f3\",\"name\":\"Albert Sabater\",\"sameAs\":[\"http:\\\/\\\/radiotordera.cat\"],\"url\":\"https:\\\/\\\/radiotordera.cat\\\/radio\\\/?author=6\"}]}<\/script>\n<!-- \/ Yoast SEO plugin. -->","yoast_head_json":{"title":"Una plantaci\u00f3 pionera a Tordera estudia combinar la producci\u00f3 de suro i t\u00f2fona negra - R\u00e0dio Tordera","robots":{"index":"index","follow":"follow","max-snippet":"max-snippet:-1","max-image-preview":"max-image-preview:large","max-video-preview":"max-video-preview:-1"},"canonical":"https:\/\/radiotordera.cat\/radio\/?p=139394","og_locale":"ca_ES","og_type":"article","og_title":"Una plantaci\u00f3 pionera a Tordera estudia combinar la producci\u00f3 de suro i t\u00f2fona negra - R\u00e0dio Tordera","og_description":"Els primers resultats s\u00f3n prometedors. Els investigadors han comprovat que les esmenes calc\u00e0ries han modificat les caracter\u00edstiques del s\u00f2l i l\u2019han fet m\u00e9s adequat per al desenvolupament de la t\u00f2fona negra. Una plantaci\u00f3 experimental a Tordera estudia si \u00e9s possible combinar, en un mateix terreny, la producci\u00f3 de suro i de t\u00f2fona negra. El projecte, [&hellip;]","og_url":"https:\/\/radiotordera.cat\/radio\/?p=139394","og_site_name":"R\u00e0dio Tordera","article_published_time":"2026-09-02T07:19:34+00:00","article_modified_time":"2026-09-02T07:19:35+00:00","og_image":[{"width":1530,"height":2040,"url":"https:\/\/radiotordera.cat\/radio\/wp-content\/uploads\/2026\/09\/imatge-plantacio-surotofona.jpeg","type":"image\/jpeg"}],"author":"Albert Sabater","twitter_card":"summary_large_image","twitter_misc":{"Escrit per":"Albert Sabater","Temps estimat de lectura":"2 minuts"},"schema":{"@context":"https:\/\/schema.org","@graph":[{"@type":"Article","@id":"https:\/\/radiotordera.cat\/radio\/?p=139394#article","isPartOf":{"@id":"https:\/\/radiotordera.cat\/radio\/?p=139394"},"author":{"name":"Albert Sabater","@id":"https:\/\/radiotordera.cat\/radio\/#\/schema\/person\/6a71581c1b4ac974c7ee50a02953f2f3"},"headline":"Una plantaci\u00f3 pionera a Tordera estudia combinar la producci\u00f3 de suro i t\u00f2fona negra","datePublished":"2026-09-02T07:19:34+00:00","dateModified":"2026-09-02T07:19:35+00:00","mainEntityOfPage":{"@id":"https:\/\/radiotordera.cat\/radio\/?p=139394"},"wordCount":383,"publisher":{"@id":"https:\/\/radiotordera.cat\/radio\/#organization"},"image":{"@id":"https:\/\/radiotordera.cat\/radio\/?p=139394#primaryimage"},"thumbnailUrl":"https:\/\/i0.wp.com\/radiotordera.cat\/radio\/wp-content\/uploads\/2026\/09\/imatge-plantacio-surotofona.jpeg?fit=1530%2C2040&ssl=1","keywords":["salut"],"articleSection":["Medi ambient","Noticies"],"inLanguage":"ca"},{"@type":"WebPage","@id":"https:\/\/radiotordera.cat\/radio\/?p=139394","url":"https:\/\/radiotordera.cat\/radio\/?p=139394","name":"Una plantaci\u00f3 pionera a Tordera estudia combinar la producci\u00f3 de suro i t\u00f2fona negra - R\u00e0dio Tordera","isPartOf":{"@id":"https:\/\/radiotordera.cat\/radio\/#website"},"primaryImageOfPage":{"@id":"https:\/\/radiotordera.cat\/radio\/?p=139394#primaryimage"},"image":{"@id":"https:\/\/radiotordera.cat\/radio\/?p=139394#primaryimage"},"thumbnailUrl":"https:\/\/i0.wp.com\/radiotordera.cat\/radio\/wp-content\/uploads\/2026\/09\/imatge-plantacio-surotofona.jpeg?fit=1530%2C2040&ssl=1","datePublished":"2026-09-02T07:19:34+00:00","dateModified":"2026-09-02T07:19:35+00:00","breadcrumb":{"@id":"https:\/\/radiotordera.cat\/radio\/?p=139394#breadcrumb"},"inLanguage":"ca","potentialAction":[{"@type":"ReadAction","target":["https:\/\/radiotordera.cat\/radio\/?p=139394"]}]},{"@type":"ImageObject","inLanguage":"ca","@id":"https:\/\/radiotordera.cat\/radio\/?p=139394#primaryimage","url":"https:\/\/i0.wp.com\/radiotordera.cat\/radio\/wp-content\/uploads\/2026\/09\/imatge-plantacio-surotofona.jpeg?fit=1530%2C2040&ssl=1","contentUrl":"https:\/\/i0.wp.com\/radiotordera.cat\/radio\/wp-content\/uploads\/2026\/09\/imatge-plantacio-surotofona.jpeg?fit=1530%2C2040&ssl=1","width":1530,"height":2040},{"@type":"BreadcrumbList","@id":"https:\/\/radiotordera.cat\/radio\/?p=139394#breadcrumb","itemListElement":[{"@type":"ListItem","position":1,"name":"Inici","item":"https:\/\/radiotordera.cat\/radio\/"},{"@type":"ListItem","position":2,"name":"Una plantaci\u00f3 pionera a Tordera estudia combinar la producci\u00f3 de suro i t\u00f2fona negra"}]},{"@type":"WebSite","@id":"https:\/\/radiotordera.cat\/radio\/#website","url":"https:\/\/radiotordera.cat\/radio\/","name":"R\u00e0dio Tordera","description":"R\u00e0dio Tordera Online","publisher":{"@id":"https:\/\/radiotordera.cat\/radio\/#organization"},"potentialAction":[{"@type":"SearchAction","target":{"@type":"EntryPoint","urlTemplate":"https:\/\/radiotordera.cat\/radio\/?s={search_term_string}"},"query-input":{"@type":"PropertyValueSpecification","valueRequired":true,"valueName":"search_term_string"}}],"inLanguage":"ca"},{"@type":"Organization","@id":"https:\/\/radiotordera.cat\/radio\/#organization","name":"R\u00e0dio Tordera","url":"https:\/\/radiotordera.cat\/radio\/","logo":{"@type":"ImageObject","inLanguage":"ca","@id":"https:\/\/radiotordera.cat\/radio\/#\/schema\/logo\/image\/","url":"https:\/\/i0.wp.com\/radiotordera.cat\/radio\/wp-content\/uploads\/2016\/11\/logo-vermell.jpg?fit=567%2C613&ssl=1","contentUrl":"https:\/\/i0.wp.com\/radiotordera.cat\/radio\/wp-content\/uploads\/2016\/11\/logo-vermell.jpg?fit=567%2C613&ssl=1","width":567,"height":613,"caption":"R\u00e0dio Tordera"},"image":{"@id":"https:\/\/radiotordera.cat\/radio\/#\/schema\/logo\/image\/"}},{"@type":"Person","@id":"https:\/\/radiotordera.cat\/radio\/#\/schema\/person\/6a71581c1b4ac974c7ee50a02953f2f3","name":"Albert Sabater","sameAs":["http:\/\/radiotordera.cat"],"url":"https:\/\/radiotordera.cat\/radio\/?author=6"}]}},"jetpack_featured_media_url":"https:\/\/i0.wp.com\/radiotordera.cat\/radio\/wp-content\/uploads\/2026\/09\/imatge-plantacio-surotofona.jpeg?fit=1530%2C2040&ssl=1","jetpack_sharing_enabled":true,"_links":{"self":[{"href":"https:\/\/radiotordera.cat\/radio\/index.php?rest_route=\/wp\/v2\/posts\/139394","targetHints":{"allow":["GET"]}}],"collection":[{"href":"https:\/\/radiotordera.cat\/radio\/index.php?rest_route=\/wp\/v2\/posts"}],"about":[{"href":"https:\/\/radiotordera.cat\/radio\/index.php?rest_route=\/wp\/v2\/types\/post"}],"author":[{"embeddable":true,"href":"https:\/\/radiotordera.cat\/radio\/index.php?rest_route=\/wp\/v2\/users\/6"}],"replies":[{"embeddable":true,"href":"https:\/\/radiotordera.cat\/radio\/index.php?rest_route=%2Fwp%2Fv2%2Fcomments&post=139394"}],"version-history":[{"count":1,"href":"https:\/\/radiotordera.cat\/radio\/index.php?rest_route=\/wp\/v2\/posts\/139394\/revisions"}],"predecessor-version":[{"id":139398,"href":"https:\/\/radiotordera.cat\/radio\/index.php?rest_route=\/wp\/v2\/posts\/139394\/revisions\/139398"}],"wp:featuredmedia":[{"embeddable":true,"href":"https:\/\/radiotordera.cat\/radio\/index.php?rest_route=\/wp\/v2\/media\/139390"}],"wp:attachment":[{"href":"https:\/\/radiotordera.cat\/radio\/index.php?rest_route=%2Fwp%2Fv2%2Fmedia&parent=139394"}],"wp:term":[{"taxonomy":"category","embeddable":true,"href":"https:\/\/radiotordera.cat\/radio\/index.php?rest_route=%2Fwp%2Fv2%2Fcategories&post=139394"},{"taxonomy":"post_tag","embeddable":true,"href":"https:\/\/radiotordera.cat\/radio\/index.php?rest_route=%2Fwp%2Fv2%2Ftags&post=139394"}],"curies":[{"name":"wp","href":"https:\/\/api.w.org\/{rel}","templated":true}]}}