{"id":139382,"date":"2026-09-02T09:12:42","date_gmt":"2026-09-02T07:12:42","guid":{"rendered":"https:\/\/radiotordera.cat\/radio\/?p=139382"},"modified":"2026-09-02T09:12:43","modified_gmt":"2026-09-02T07:12:43","slug":"el-gasoil-sabarateix-10-centims-per-litre-per-la-rebaixa-de-limpost-sobre-hidrocarburs","status":"publish","type":"post","link":"https:\/\/radiotordera.cat\/radio\/?p=139382","title":{"rendered":"El gasoil s&#8217;abarateix 10 c\u00e8ntims per litre\u00a0 per la rebaixa de l\u2019impost sobre hidrocarburs"},"content":{"rendered":"\n<h1 class=\"wp-block-heading\"><em>El govern espanyol disminueix el gravamen al Di\u00e8sel per fer front als efectes de la inflaci\u00f3, mentre que mant\u00e9 el calendari per retirar la rebaixa de l&#8217;impost a la benzina<\/em><\/h1>\n\n\n\n<p class=\"wp-block-paragraph\">A partir d&#8217;aquest dimarts, omplir el dip\u00f2sit amb&nbsp;gasoil&nbsp;\u00e9s 20 c\u00e8ntims per litre m\u00e9s barat, i si l&#8217;omplim amb&nbsp;benzina,&nbsp;el descompte \u00e9s de 5 c\u00e8ntims per litre.<\/p>\n\n\n\n<p class=\"wp-block-paragraph\">Tots dos descomptes formen part del paquet de mesures que va posar en marxa el govern espanyol per fer front a l&#8217;impacte de la&nbsp;<a href=\"https:\/\/www.3cat.cat\/3catinfo\/guerra-orient-mitja\/\" target=\"_blank\" rel=\"noreferrer noopener\">guerra de l&#8217;Orient Mitj\u00e0<\/a>&nbsp;sobre l&#8217;economia.<\/p>\n\n\n\n<p class=\"wp-block-paragraph\">L&#8217;executiu remarca que \u00abel mecanisme actua aix\u00ed de manera proporcionada, refor\u00e7ant la protecci\u00f3 nom\u00e9s all\u00e0 on la pressi\u00f3 dels preus ho justifica\u00bb.<\/p>\n","protected":false},"excerpt":{"rendered":"<p>El govern espanyol disminueix el gravamen al Di\u00e8sel per fer front als efectes de la inflaci\u00f3, mentre que mant\u00e9 el calendari per retirar la rebaixa de l&#8217;impost a la benzina A partir d&#8217;aquest dimarts, omplir el dip\u00f2sit amb&nbsp;gasoil&nbsp;\u00e9s 20 c\u00e8ntims per litre m\u00e9s barat, i si l&#8217;omplim amb&nbsp;benzina,&nbsp;el descompte \u00e9s de 5 c\u00e8ntims per litre. [&hellip;]<\/p>\n","protected":false},"author":6,"featured_media":139383,"comment_status":"closed","ping_status":"open","sticky":false,"template":"","format":"standard","meta":{"_jetpack_newsletter_access":"","_jetpack_dont_email_post_to_subs":false,"_jetpack_newsletter_tier_id":0,"_jetpack_memberships_contains_paywalled_content":false,"_jetpack_memberships_contains_paid_content":false,"footnotes":"","jetpack_post_was_ever_published":false},"categories":[5,36,34],"tags":[181],"class_list":["post-139382","post","type-post","status-publish","format-standard","has-post-thumbnail","category-noticies-2","category-politica","category-societat","tag-societat"],"yoast_head":"<!-- This site is optimized with the Yoast SEO plugin v28.2 - https:\/\/yoast.com\/product\/yoast-seo-wordpress\/ -->\n<title>El gasoil s&#039;abarateix 10 c\u00e8ntims per litre\u00a0 per la rebaixa de l\u2019impost sobre hidrocarburs - R\u00e0dio Tordera<\/title>\n<meta name=\"robots\" content=\"index, follow, max-snippet:-1, max-image-preview:large, max-video-preview:-1\" \/>\n<link rel=\"canonical\" href=\"https:\/\/radiotordera.cat\/radio\/?p=139382\" \/>\n<meta property=\"og:locale\" content=\"ca_ES\" \/>\n<meta property=\"og:type\" content=\"article\" \/>\n<meta property=\"og:title\" content=\"El gasoil s&#039;abarateix 10 c\u00e8ntims per litre\u00a0 per la rebaixa de l\u2019impost sobre hidrocarburs - R\u00e0dio Tordera\" \/>\n<meta property=\"og:description\" content=\"El govern espanyol disminueix el gravamen al Di\u00e8sel per fer front als efectes de la inflaci\u00f3, mentre que mant\u00e9 el calendari per retirar la rebaixa de l&#8217;impost a la benzina A partir d&#8217;aquest dimarts, omplir el dip\u00f2sit amb&nbsp;gasoil&nbsp;\u00e9s 20 c\u00e8ntims per litre m\u00e9s barat, i si l&#8217;omplim amb&nbsp;benzina,&nbsp;el descompte \u00e9s de 5 c\u00e8ntims per litre. [&hellip;]\" \/>\n<meta property=\"og:url\" content=\"https:\/\/radiotordera.cat\/radio\/?p=139382\" \/>\n<meta property=\"og:site_name\" content=\"R\u00e0dio Tordera\" \/>\n<meta property=\"article:published_time\" content=\"2026-09-02T07:12:42+00:00\" \/>\n<meta property=\"article:modified_time\" content=\"2026-09-02T07:12:43+00:00\" \/>\n<meta property=\"og:image\" content=\"https:\/\/radiotordera.cat\/radio\/wp-content\/uploads\/2026\/09\/depositphotos_76946429-stock-photo-fuel-pump-at-petrol-station.webp\" \/>\n\t<meta property=\"og:image:width\" content=\"600\" \/>\n\t<meta property=\"og:image:height\" content=\"400\" \/>\n\t<meta property=\"og:image:type\" content=\"image\/webp\" \/>\n<meta name=\"author\" content=\"Albert Sabater\" \/>\n<meta name=\"twitter:card\" content=\"summary_large_image\" \/>\n<meta name=\"twitter:label1\" content=\"Escrit per\" \/>\n\t<meta name=\"twitter:data1\" content=\"Albert Sabater\" \/>\n\t<meta name=\"twitter:label2\" content=\"Temps estimat de lectura\" \/>\n\t<meta name=\"twitter:data2\" content=\"1 minut\" \/>\n<script type=\"application\/ld+json\" class=\"yoast-schema-graph\">{\"@context\":\"https:\\\/\\\/schema.org\",\"@graph\":[{\"@type\":\"Article\",\"@id\":\"https:\\\/\\\/radiotordera.cat\\\/radio\\\/?p=139382#article\",\"isPartOf\":{\"@id\":\"https:\\\/\\\/radiotordera.cat\\\/radio\\\/?p=139382\"},\"author\":{\"name\":\"Albert Sabater\",\"@id\":\"https:\\\/\\\/radiotordera.cat\\\/radio\\\/#\\\/schema\\\/person\\\/6a71581c1b4ac974c7ee50a02953f2f3\"},\"headline\":\"El gasoil s&#8217;abarateix 10 c\u00e8ntims per litre\u00a0 per la rebaixa de l\u2019impost sobre hidrocarburs\",\"datePublished\":\"2026-09-02T07:12:42+00:00\",\"dateModified\":\"2026-09-02T07:12:43+00:00\",\"mainEntityOfPage\":{\"@id\":\"https:\\\/\\\/radiotordera.cat\\\/radio\\\/?p=139382\"},\"wordCount\":145,\"publisher\":{\"@id\":\"https:\\\/\\\/radiotordera.cat\\\/radio\\\/#organization\"},\"image\":{\"@id\":\"https:\\\/\\\/radiotordera.cat\\\/radio\\\/?p=139382#primaryimage\"},\"thumbnailUrl\":\"https:\\\/\\\/i0.wp.com\\\/radiotordera.cat\\\/radio\\\/wp-content\\\/uploads\\\/2026\\\/09\\\/depositphotos_76946429-stock-photo-fuel-pump-at-petrol-station.webp?fit=600%2C400&ssl=1\",\"keywords\":[\"societat\"],\"articleSection\":[\"Noticies\",\"Pol\u00edtica\",\"Societat\"],\"inLanguage\":\"ca\"},{\"@type\":\"WebPage\",\"@id\":\"https:\\\/\\\/radiotordera.cat\\\/radio\\\/?p=139382\",\"url\":\"https:\\\/\\\/radiotordera.cat\\\/radio\\\/?p=139382\",\"name\":\"El gasoil s'abarateix 10 c\u00e8ntims per litre\u00a0 per la rebaixa de l\u2019impost sobre hidrocarburs - R\u00e0dio Tordera\",\"isPartOf\":{\"@id\":\"https:\\\/\\\/radiotordera.cat\\\/radio\\\/#website\"},\"primaryImageOfPage\":{\"@id\":\"https:\\\/\\\/radiotordera.cat\\\/radio\\\/?p=139382#primaryimage\"},\"image\":{\"@id\":\"https:\\\/\\\/radiotordera.cat\\\/radio\\\/?p=139382#primaryimage\"},\"thumbnailUrl\":\"https:\\\/\\\/i0.wp.com\\\/radiotordera.cat\\\/radio\\\/wp-content\\\/uploads\\\/2026\\\/09\\\/depositphotos_76946429-stock-photo-fuel-pump-at-petrol-station.webp?fit=600%2C400&ssl=1\",\"datePublished\":\"2026-09-02T07:12:42+00:00\",\"dateModified\":\"2026-09-02T07:12:43+00:00\",\"breadcrumb\":{\"@id\":\"https:\\\/\\\/radiotordera.cat\\\/radio\\\/?p=139382#breadcrumb\"},\"inLanguage\":\"ca\",\"potentialAction\":[{\"@type\":\"ReadAction\",\"target\":[\"https:\\\/\\\/radiotordera.cat\\\/radio\\\/?p=139382\"]}]},{\"@type\":\"ImageObject\",\"inLanguage\":\"ca\",\"@id\":\"https:\\\/\\\/radiotordera.cat\\\/radio\\\/?p=139382#primaryimage\",\"url\":\"https:\\\/\\\/i0.wp.com\\\/radiotordera.cat\\\/radio\\\/wp-content\\\/uploads\\\/2026\\\/09\\\/depositphotos_76946429-stock-photo-fuel-pump-at-petrol-station.webp?fit=600%2C400&ssl=1\",\"contentUrl\":\"https:\\\/\\\/i0.wp.com\\\/radiotordera.cat\\\/radio\\\/wp-content\\\/uploads\\\/2026\\\/09\\\/depositphotos_76946429-stock-photo-fuel-pump-at-petrol-station.webp?fit=600%2C400&ssl=1\",\"width\":600,\"height\":400},{\"@type\":\"BreadcrumbList\",\"@id\":\"https:\\\/\\\/radiotordera.cat\\\/radio\\\/?p=139382#breadcrumb\",\"itemListElement\":[{\"@type\":\"ListItem\",\"position\":1,\"name\":\"Inici\",\"item\":\"https:\\\/\\\/radiotordera.cat\\\/radio\\\/\"},{\"@type\":\"ListItem\",\"position\":2,\"name\":\"El gasoil s&#8217;abarateix 10 c\u00e8ntims per litre\u00a0 per la rebaixa de l\u2019impost sobre hidrocarburs\"}]},{\"@type\":\"WebSite\",\"@id\":\"https:\\\/\\\/radiotordera.cat\\\/radio\\\/#website\",\"url\":\"https:\\\/\\\/radiotordera.cat\\\/radio\\\/\",\"name\":\"R\u00e0dio Tordera\",\"description\":\"R\u00e0dio Tordera Online\",\"publisher\":{\"@id\":\"https:\\\/\\\/radiotordera.cat\\\/radio\\\/#organization\"},\"potentialAction\":[{\"@type\":\"SearchAction\",\"target\":{\"@type\":\"EntryPoint\",\"urlTemplate\":\"https:\\\/\\\/radiotordera.cat\\\/radio\\\/?s={search_term_string}\"},\"query-input\":{\"@type\":\"PropertyValueSpecification\",\"valueRequired\":true,\"valueName\":\"search_term_string\"}}],\"inLanguage\":\"ca\"},{\"@type\":\"Organization\",\"@id\":\"https:\\\/\\\/radiotordera.cat\\\/radio\\\/#organization\",\"name\":\"R\u00e0dio Tordera\",\"url\":\"https:\\\/\\\/radiotordera.cat\\\/radio\\\/\",\"logo\":{\"@type\":\"ImageObject\",\"inLanguage\":\"ca\",\"@id\":\"https:\\\/\\\/radiotordera.cat\\\/radio\\\/#\\\/schema\\\/logo\\\/image\\\/\",\"url\":\"https:\\\/\\\/i0.wp.com\\\/radiotordera.cat\\\/radio\\\/wp-content\\\/uploads\\\/2016\\\/11\\\/logo-vermell.jpg?fit=567%2C613&ssl=1\",\"contentUrl\":\"https:\\\/\\\/i0.wp.com\\\/radiotordera.cat\\\/radio\\\/wp-content\\\/uploads\\\/2016\\\/11\\\/logo-vermell.jpg?fit=567%2C613&ssl=1\",\"width\":567,\"height\":613,\"caption\":\"R\u00e0dio Tordera\"},\"image\":{\"@id\":\"https:\\\/\\\/radiotordera.cat\\\/radio\\\/#\\\/schema\\\/logo\\\/image\\\/\"}},{\"@type\":\"Person\",\"@id\":\"https:\\\/\\\/radiotordera.cat\\\/radio\\\/#\\\/schema\\\/person\\\/6a71581c1b4ac974c7ee50a02953f2f3\",\"name\":\"Albert Sabater\",\"sameAs\":[\"http:\\\/\\\/radiotordera.cat\"],\"url\":\"https:\\\/\\\/radiotordera.cat\\\/radio\\\/?author=6\"}]}<\/script>\n<!-- \/ Yoast SEO plugin. -->","yoast_head_json":{"title":"El gasoil s'abarateix 10 c\u00e8ntims per litre\u00a0 per la rebaixa de l\u2019impost sobre hidrocarburs - R\u00e0dio Tordera","robots":{"index":"index","follow":"follow","max-snippet":"max-snippet:-1","max-image-preview":"max-image-preview:large","max-video-preview":"max-video-preview:-1"},"canonical":"https:\/\/radiotordera.cat\/radio\/?p=139382","og_locale":"ca_ES","og_type":"article","og_title":"El gasoil s'abarateix 10 c\u00e8ntims per litre\u00a0 per la rebaixa de l\u2019impost sobre hidrocarburs - R\u00e0dio Tordera","og_description":"El govern espanyol disminueix el gravamen al Di\u00e8sel per fer front als efectes de la inflaci\u00f3, mentre que mant\u00e9 el calendari per retirar la rebaixa de l&#8217;impost a la benzina A partir d&#8217;aquest dimarts, omplir el dip\u00f2sit amb&nbsp;gasoil&nbsp;\u00e9s 20 c\u00e8ntims per litre m\u00e9s barat, i si l&#8217;omplim amb&nbsp;benzina,&nbsp;el descompte \u00e9s de 5 c\u00e8ntims per litre. [&hellip;]","og_url":"https:\/\/radiotordera.cat\/radio\/?p=139382","og_site_name":"R\u00e0dio Tordera","article_published_time":"2026-09-02T07:12:42+00:00","article_modified_time":"2026-09-02T07:12:43+00:00","og_image":[{"width":600,"height":400,"url":"https:\/\/radiotordera.cat\/radio\/wp-content\/uploads\/2026\/09\/depositphotos_76946429-stock-photo-fuel-pump-at-petrol-station.webp","type":"image\/webp"}],"author":"Albert Sabater","twitter_card":"summary_large_image","twitter_misc":{"Escrit per":"Albert Sabater","Temps estimat de lectura":"1 minut"},"schema":{"@context":"https:\/\/schema.org","@graph":[{"@type":"Article","@id":"https:\/\/radiotordera.cat\/radio\/?p=139382#article","isPartOf":{"@id":"https:\/\/radiotordera.cat\/radio\/?p=139382"},"author":{"name":"Albert Sabater","@id":"https:\/\/radiotordera.cat\/radio\/#\/schema\/person\/6a71581c1b4ac974c7ee50a02953f2f3"},"headline":"El gasoil s&#8217;abarateix 10 c\u00e8ntims per litre\u00a0 per la rebaixa de l\u2019impost sobre hidrocarburs","datePublished":"2026-09-02T07:12:42+00:00","dateModified":"2026-09-02T07:12:43+00:00","mainEntityOfPage":{"@id":"https:\/\/radiotordera.cat\/radio\/?p=139382"},"wordCount":145,"publisher":{"@id":"https:\/\/radiotordera.cat\/radio\/#organization"},"image":{"@id":"https:\/\/radiotordera.cat\/radio\/?p=139382#primaryimage"},"thumbnailUrl":"https:\/\/i0.wp.com\/radiotordera.cat\/radio\/wp-content\/uploads\/2026\/09\/depositphotos_76946429-stock-photo-fuel-pump-at-petrol-station.webp?fit=600%2C400&ssl=1","keywords":["societat"],"articleSection":["Noticies","Pol\u00edtica","Societat"],"inLanguage":"ca"},{"@type":"WebPage","@id":"https:\/\/radiotordera.cat\/radio\/?p=139382","url":"https:\/\/radiotordera.cat\/radio\/?p=139382","name":"El gasoil s'abarateix 10 c\u00e8ntims per litre\u00a0 per la rebaixa de l\u2019impost sobre hidrocarburs - R\u00e0dio Tordera","isPartOf":{"@id":"https:\/\/radiotordera.cat\/radio\/#website"},"primaryImageOfPage":{"@id":"https:\/\/radiotordera.cat\/radio\/?p=139382#primaryimage"},"image":{"@id":"https:\/\/radiotordera.cat\/radio\/?p=139382#primaryimage"},"thumbnailUrl":"https:\/\/i0.wp.com\/radiotordera.cat\/radio\/wp-content\/uploads\/2026\/09\/depositphotos_76946429-stock-photo-fuel-pump-at-petrol-station.webp?fit=600%2C400&ssl=1","datePublished":"2026-09-02T07:12:42+00:00","dateModified":"2026-09-02T07:12:43+00:00","breadcrumb":{"@id":"https:\/\/radiotordera.cat\/radio\/?p=139382#breadcrumb"},"inLanguage":"ca","potentialAction":[{"@type":"ReadAction","target":["https:\/\/radiotordera.cat\/radio\/?p=139382"]}]},{"@type":"ImageObject","inLanguage":"ca","@id":"https:\/\/radiotordera.cat\/radio\/?p=139382#primaryimage","url":"https:\/\/i0.wp.com\/radiotordera.cat\/radio\/wp-content\/uploads\/2026\/09\/depositphotos_76946429-stock-photo-fuel-pump-at-petrol-station.webp?fit=600%2C400&ssl=1","contentUrl":"https:\/\/i0.wp.com\/radiotordera.cat\/radio\/wp-content\/uploads\/2026\/09\/depositphotos_76946429-stock-photo-fuel-pump-at-petrol-station.webp?fit=600%2C400&ssl=1","width":600,"height":400},{"@type":"BreadcrumbList","@id":"https:\/\/radiotordera.cat\/radio\/?p=139382#breadcrumb","itemListElement":[{"@type":"ListItem","position":1,"name":"Inici","item":"https:\/\/radiotordera.cat\/radio\/"},{"@type":"ListItem","position":2,"name":"El gasoil s&#8217;abarateix 10 c\u00e8ntims per litre\u00a0 per la rebaixa de l\u2019impost sobre hidrocarburs"}]},{"@type":"WebSite","@id":"https:\/\/radiotordera.cat\/radio\/#website","url":"https:\/\/radiotordera.cat\/radio\/","name":"R\u00e0dio Tordera","description":"R\u00e0dio Tordera Online","publisher":{"@id":"https:\/\/radiotordera.cat\/radio\/#organization"},"potentialAction":[{"@type":"SearchAction","target":{"@type":"EntryPoint","urlTemplate":"https:\/\/radiotordera.cat\/radio\/?s={search_term_string}"},"query-input":{"@type":"PropertyValueSpecification","valueRequired":true,"valueName":"search_term_string"}}],"inLanguage":"ca"},{"@type":"Organization","@id":"https:\/\/radiotordera.cat\/radio\/#organization","name":"R\u00e0dio Tordera","url":"https:\/\/radiotordera.cat\/radio\/","logo":{"@type":"ImageObject","inLanguage":"ca","@id":"https:\/\/radiotordera.cat\/radio\/#\/schema\/logo\/image\/","url":"https:\/\/i0.wp.com\/radiotordera.cat\/radio\/wp-content\/uploads\/2016\/11\/logo-vermell.jpg?fit=567%2C613&ssl=1","contentUrl":"https:\/\/i0.wp.com\/radiotordera.cat\/radio\/wp-content\/uploads\/2016\/11\/logo-vermell.jpg?fit=567%2C613&ssl=1","width":567,"height":613,"caption":"R\u00e0dio Tordera"},"image":{"@id":"https:\/\/radiotordera.cat\/radio\/#\/schema\/logo\/image\/"}},{"@type":"Person","@id":"https:\/\/radiotordera.cat\/radio\/#\/schema\/person\/6a71581c1b4ac974c7ee50a02953f2f3","name":"Albert Sabater","sameAs":["http:\/\/radiotordera.cat"],"url":"https:\/\/radiotordera.cat\/radio\/?author=6"}]}},"jetpack_featured_media_url":"https:\/\/i0.wp.com\/radiotordera.cat\/radio\/wp-content\/uploads\/2026\/09\/depositphotos_76946429-stock-photo-fuel-pump-at-petrol-station.webp?fit=600%2C400&ssl=1","jetpack_sharing_enabled":true,"_links":{"self":[{"href":"https:\/\/radiotordera.cat\/radio\/index.php?rest_route=\/wp\/v2\/posts\/139382","targetHints":{"allow":["GET"]}}],"collection":[{"href":"https:\/\/radiotordera.cat\/radio\/index.php?rest_route=\/wp\/v2\/posts"}],"about":[{"href":"https:\/\/radiotordera.cat\/radio\/index.php?rest_route=\/wp\/v2\/types\/post"}],"author":[{"embeddable":true,"href":"https:\/\/radiotordera.cat\/radio\/index.php?rest_route=\/wp\/v2\/users\/6"}],"replies":[{"embeddable":true,"href":"https:\/\/radiotordera.cat\/radio\/index.php?rest_route=%2Fwp%2Fv2%2Fcomments&post=139382"}],"version-history":[{"count":1,"href":"https:\/\/radiotordera.cat\/radio\/index.php?rest_route=\/wp\/v2\/posts\/139382\/revisions"}],"predecessor-version":[{"id":139384,"href":"https:\/\/radiotordera.cat\/radio\/index.php?rest_route=\/wp\/v2\/posts\/139382\/revisions\/139384"}],"wp:featuredmedia":[{"embeddable":true,"href":"https:\/\/radiotordera.cat\/radio\/index.php?rest_route=\/wp\/v2\/media\/139383"}],"wp:attachment":[{"href":"https:\/\/radiotordera.cat\/radio\/index.php?rest_route=%2Fwp%2Fv2%2Fmedia&parent=139382"}],"wp:term":[{"taxonomy":"category","embeddable":true,"href":"https:\/\/radiotordera.cat\/radio\/index.php?rest_route=%2Fwp%2Fv2%2Fcategories&post=139382"},{"taxonomy":"post_tag","embeddable":true,"href":"https:\/\/radiotordera.cat\/radio\/index.php?rest_route=%2Fwp%2Fv2%2Ftags&post=139382"}],"curies":[{"name":"wp","href":"https:\/\/api.w.org\/{rel}","templated":true}]}}