{"id":139372,"date":"2026-09-01T09:43:04","date_gmt":"2026-09-01T07:43:04","guid":{"rendered":"https:\/\/radiotordera.cat\/radio\/?p=139372"},"modified":"2026-09-01T11:19:56","modified_gmt":"2026-09-01T09:19:56","slug":"finalitzen-els-treballs-de-reparacio-i-consolidacio-de-la-mota-del-riu-al-nucli-urba-de-tordera","status":"publish","type":"post","link":"https:\/\/radiotordera.cat\/radio\/?p=139372","title":{"rendered":"Finalitzen els treballs de reparaci\u00f3 i consolidaci\u00f3 de la mota del riu al nucli urb\u00e0 de Tordera"},"content":{"rendered":"\n<h1 class=\"wp-block-heading\"><em>Els treballs s\u2019han fet d\u2019acord amb un nou projecte constructiu que incorpora diverses millores t\u00e8cniques per refor\u00e7ar la resist\u00e8ncia de la mota i evitar que es repeteixin els problemes detectats anteriorment.<\/em><\/h1>\n\n\n\n<p class=\"wp-block-paragraph\">L\u2019Ajuntament de Tordera i l\u2019Ag\u00e8ncia Catalana de l\u2019Aigua han finalitzat els treballs d\u2019emerg\u00e8ncia per reparar i consolidar la mota del riu Tordera al seu pas pel nucli urb\u00e0.<\/p>\n\n\n\n<p class=\"wp-block-paragraph\">L\u2019actuaci\u00f3 ha perm\u00e8s reparar els trams de la infraestructura de protecci\u00f3 que havien quedat greument afectats pels temporals dels darrers anys. La mota ja havia patit danys importants durant el temporal Gl\u00f2ria, l\u2019any 2020, i les posteriors llevantades havien provocat la caiguda de diversos trams de la rocalla que protegia el passeig.<\/p>\n\n\n\n<p class=\"wp-block-paragraph\">Els treballs s\u2019han fet d\u2019acord amb un nou projecte constructiu que incorpora diverses millores t\u00e8cniques per refor\u00e7ar la resist\u00e8ncia de la mota i evitar que es repeteixin els problemes detectats anteriorment.<\/p>\n\n\n\n<p class=\"wp-block-paragraph\">Entre les actuacions realitzades hi ha la modificaci\u00f3 de les inclinacions del tal\u00fas, per oferir una major resist\u00e8ncia davant l\u2019erosi\u00f3 de l\u2019aigua. Tamb\u00e9 s\u2019ha millorat la canalitzaci\u00f3 de l\u2019aigua procedent de la zona del Parc i la Pista, amb l\u2019objectiu d\u2019evitar que es filtri entre la rocalla i pugui descal\u00e7ar el tal\u00fas des de l\u2019interior.<\/p>\n\n\n\n<p class=\"wp-block-paragraph\">A m\u00e9s, s\u2019ha instal\u00b7lat una protecci\u00f3 al llarg del tram d\u2019actuaci\u00f3 per recollir les aig\u00fces pluvials i conduir-les de manera controlada fins al llit del riu. Ho explica la regidor d\u2019urbanisme, obres i serveis, B\u00e0rbara Verg\u00e9s<\/p>\n\n\n\n<figure class=\"wp-block-audio\"><audio controls src=\"https:\/\/radiotordera.cat\/radio\/wp-content\/uploads\/2026\/09\/barbara-mota.mp3\"><\/audio><\/figure>\n\n\n\n<p class=\"wp-block-paragraph\"><strong> \u201cs\u2019han canviat diversos aspectes per canalitzar millor l\u2019aigua\u201d<\/strong><\/p>\n\n\n\n<p class=\"wp-block-paragraph\">Les obres han afectat un tram considerable de la llera, des del pont que connecta amb Sant Pere fins a m\u00e9s enll\u00e0 de l\u2019aparcament de sorra on habitualment s\u2019instal\u00b7la el mercat setmanal.<\/p>\n\n\n\n<p class=\"wp-block-paragraph\">Per tancar les actuacions falta posar tanques d&#8217;un tram i pintura-\u00f2xid del terra. Amb la finalitzaci\u00f3 dels treballs, l\u2019Ajuntament i l\u2019Ag\u00e8ncia Catalana de l\u2019Aigua donen per completada aquesta actuaci\u00f3 destinada a refor\u00e7ar la protecci\u00f3 del nucli urb\u00e0 davant possibles episodis de fortes pluges i crescudes del riu.<\/p>\n\n\n\n<p class=\"wp-block-paragraph\"><\/p>\n","protected":false},"excerpt":{"rendered":"<p>Els treballs s\u2019han fet d\u2019acord amb un nou projecte constructiu que incorpora diverses millores t\u00e8cniques per refor\u00e7ar la resist\u00e8ncia de la mota i evitar que es repeteixin els problemes detectats anteriorment. L\u2019Ajuntament de Tordera i l\u2019Ag\u00e8ncia Catalana de l\u2019Aigua han finalitzat els treballs d\u2019emerg\u00e8ncia per reparar i consolidar la mota del riu Tordera al seu [&hellip;]<\/p>\n","protected":false},"author":6,"featured_media":139361,"comment_status":"closed","ping_status":"open","sticky":false,"template":"","format":"standard","meta":{"_jetpack_newsletter_access":"","_jetpack_dont_email_post_to_subs":false,"_jetpack_newsletter_tier_id":0,"_jetpack_memberships_contains_paywalled_content":false,"_jetpack_memberships_contains_paid_content":false,"footnotes":"","jetpack_post_was_ever_published":false},"categories":[41,5],"tags":[184],"class_list":["post-139372","post","type-post","status-publish","format-standard","has-post-thumbnail","category-medi-ambient","category-noticies-2","tag-regidories"],"yoast_head":"<!-- This site is optimized with the Yoast SEO plugin v28.2 - https:\/\/yoast.com\/product\/yoast-seo-wordpress\/ -->\n<title>Finalitzen els treballs de reparaci\u00f3 i consolidaci\u00f3 de la mota del riu al nucli urb\u00e0 de Tordera - R\u00e0dio Tordera<\/title>\n<meta name=\"robots\" content=\"index, follow, max-snippet:-1, max-image-preview:large, max-video-preview:-1\" \/>\n<link rel=\"canonical\" href=\"https:\/\/radiotordera.cat\/radio\/?p=139372\" \/>\n<meta property=\"og:locale\" content=\"ca_ES\" \/>\n<meta property=\"og:type\" content=\"article\" \/>\n<meta property=\"og:title\" content=\"Finalitzen els treballs de reparaci\u00f3 i consolidaci\u00f3 de la mota del riu al nucli urb\u00e0 de Tordera - R\u00e0dio Tordera\" \/>\n<meta property=\"og:description\" content=\"Els treballs s\u2019han fet d\u2019acord amb un nou projecte constructiu que incorpora diverses millores t\u00e8cniques per refor\u00e7ar la resist\u00e8ncia de la mota i evitar que es repeteixin els problemes detectats anteriorment. L\u2019Ajuntament de Tordera i l\u2019Ag\u00e8ncia Catalana de l\u2019Aigua han finalitzat els treballs d\u2019emerg\u00e8ncia per reparar i consolidar la mota del riu Tordera al seu [&hellip;]\" \/>\n<meta property=\"og:url\" content=\"https:\/\/radiotordera.cat\/radio\/?p=139372\" \/>\n<meta property=\"og:site_name\" content=\"R\u00e0dio Tordera\" \/>\n<meta property=\"article:published_time\" content=\"2026-09-01T07:43:04+00:00\" \/>\n<meta property=\"article:modified_time\" content=\"2026-09-01T09:19:56+00:00\" \/>\n<meta property=\"og:image\" content=\"https:\/\/radiotordera.cat\/radio\/wp-content\/uploads\/2026\/09\/WhatsApp-Image-2026-09-01-at-09.30.16.jpeg\" \/>\n\t<meta property=\"og:image:width\" content=\"1536\" \/>\n\t<meta property=\"og:image:height\" content=\"2048\" \/>\n\t<meta property=\"og:image:type\" content=\"image\/jpeg\" \/>\n<meta name=\"author\" content=\"Albert Sabater\" \/>\n<meta name=\"twitter:card\" content=\"summary_large_image\" \/>\n<meta name=\"twitter:label1\" content=\"Escrit per\" \/>\n\t<meta name=\"twitter:data1\" content=\"Albert Sabater\" \/>\n\t<meta name=\"twitter:label2\" content=\"Temps estimat de lectura\" \/>\n\t<meta name=\"twitter:data2\" content=\"2 minuts\" \/>\n<script type=\"application\/ld+json\" class=\"yoast-schema-graph\">{\"@context\":\"https:\\\/\\\/schema.org\",\"@graph\":[{\"@type\":\"Article\",\"@id\":\"https:\\\/\\\/radiotordera.cat\\\/radio\\\/?p=139372#article\",\"isPartOf\":{\"@id\":\"https:\\\/\\\/radiotordera.cat\\\/radio\\\/?p=139372\"},\"author\":{\"name\":\"Albert Sabater\",\"@id\":\"https:\\\/\\\/radiotordera.cat\\\/radio\\\/#\\\/schema\\\/person\\\/6a71581c1b4ac974c7ee50a02953f2f3\"},\"headline\":\"Finalitzen els treballs de reparaci\u00f3 i consolidaci\u00f3 de la mota del riu al nucli urb\u00e0 de Tordera\",\"datePublished\":\"2026-09-01T07:43:04+00:00\",\"dateModified\":\"2026-09-01T09:19:56+00:00\",\"mainEntityOfPage\":{\"@id\":\"https:\\\/\\\/radiotordera.cat\\\/radio\\\/?p=139372\"},\"wordCount\":388,\"publisher\":{\"@id\":\"https:\\\/\\\/radiotordera.cat\\\/radio\\\/#organization\"},\"image\":{\"@id\":\"https:\\\/\\\/radiotordera.cat\\\/radio\\\/?p=139372#primaryimage\"},\"thumbnailUrl\":\"https:\\\/\\\/i0.wp.com\\\/radiotordera.cat\\\/radio\\\/wp-content\\\/uploads\\\/2026\\\/09\\\/WhatsApp-Image-2026-09-01-at-09.30.16.jpeg?fit=1536%2C2048&ssl=1\",\"keywords\":[\"regidories\"],\"articleSection\":[\"Medi ambient\",\"Noticies\"],\"inLanguage\":\"ca\"},{\"@type\":\"WebPage\",\"@id\":\"https:\\\/\\\/radiotordera.cat\\\/radio\\\/?p=139372\",\"url\":\"https:\\\/\\\/radiotordera.cat\\\/radio\\\/?p=139372\",\"name\":\"Finalitzen els treballs de reparaci\u00f3 i consolidaci\u00f3 de la mota del riu al nucli urb\u00e0 de Tordera - R\u00e0dio Tordera\",\"isPartOf\":{\"@id\":\"https:\\\/\\\/radiotordera.cat\\\/radio\\\/#website\"},\"primaryImageOfPage\":{\"@id\":\"https:\\\/\\\/radiotordera.cat\\\/radio\\\/?p=139372#primaryimage\"},\"image\":{\"@id\":\"https:\\\/\\\/radiotordera.cat\\\/radio\\\/?p=139372#primaryimage\"},\"thumbnailUrl\":\"https:\\\/\\\/i0.wp.com\\\/radiotordera.cat\\\/radio\\\/wp-content\\\/uploads\\\/2026\\\/09\\\/WhatsApp-Image-2026-09-01-at-09.30.16.jpeg?fit=1536%2C2048&ssl=1\",\"datePublished\":\"2026-09-01T07:43:04+00:00\",\"dateModified\":\"2026-09-01T09:19:56+00:00\",\"breadcrumb\":{\"@id\":\"https:\\\/\\\/radiotordera.cat\\\/radio\\\/?p=139372#breadcrumb\"},\"inLanguage\":\"ca\",\"potentialAction\":[{\"@type\":\"ReadAction\",\"target\":[\"https:\\\/\\\/radiotordera.cat\\\/radio\\\/?p=139372\"]}]},{\"@type\":\"ImageObject\",\"inLanguage\":\"ca\",\"@id\":\"https:\\\/\\\/radiotordera.cat\\\/radio\\\/?p=139372#primaryimage\",\"url\":\"https:\\\/\\\/i0.wp.com\\\/radiotordera.cat\\\/radio\\\/wp-content\\\/uploads\\\/2026\\\/09\\\/WhatsApp-Image-2026-09-01-at-09.30.16.jpeg?fit=1536%2C2048&ssl=1\",\"contentUrl\":\"https:\\\/\\\/i0.wp.com\\\/radiotordera.cat\\\/radio\\\/wp-content\\\/uploads\\\/2026\\\/09\\\/WhatsApp-Image-2026-09-01-at-09.30.16.jpeg?fit=1536%2C2048&ssl=1\",\"width\":1536,\"height\":2048},{\"@type\":\"BreadcrumbList\",\"@id\":\"https:\\\/\\\/radiotordera.cat\\\/radio\\\/?p=139372#breadcrumb\",\"itemListElement\":[{\"@type\":\"ListItem\",\"position\":1,\"name\":\"Inici\",\"item\":\"https:\\\/\\\/radiotordera.cat\\\/radio\\\/\"},{\"@type\":\"ListItem\",\"position\":2,\"name\":\"Finalitzen els treballs de reparaci\u00f3 i consolidaci\u00f3 de la mota del riu al nucli urb\u00e0 de Tordera\"}]},{\"@type\":\"WebSite\",\"@id\":\"https:\\\/\\\/radiotordera.cat\\\/radio\\\/#website\",\"url\":\"https:\\\/\\\/radiotordera.cat\\\/radio\\\/\",\"name\":\"R\u00e0dio Tordera\",\"description\":\"R\u00e0dio Tordera Online\",\"publisher\":{\"@id\":\"https:\\\/\\\/radiotordera.cat\\\/radio\\\/#organization\"},\"potentialAction\":[{\"@type\":\"SearchAction\",\"target\":{\"@type\":\"EntryPoint\",\"urlTemplate\":\"https:\\\/\\\/radiotordera.cat\\\/radio\\\/?s={search_term_string}\"},\"query-input\":{\"@type\":\"PropertyValueSpecification\",\"valueRequired\":true,\"valueName\":\"search_term_string\"}}],\"inLanguage\":\"ca\"},{\"@type\":\"Organization\",\"@id\":\"https:\\\/\\\/radiotordera.cat\\\/radio\\\/#organization\",\"name\":\"R\u00e0dio Tordera\",\"url\":\"https:\\\/\\\/radiotordera.cat\\\/radio\\\/\",\"logo\":{\"@type\":\"ImageObject\",\"inLanguage\":\"ca\",\"@id\":\"https:\\\/\\\/radiotordera.cat\\\/radio\\\/#\\\/schema\\\/logo\\\/image\\\/\",\"url\":\"https:\\\/\\\/i0.wp.com\\\/radiotordera.cat\\\/radio\\\/wp-content\\\/uploads\\\/2016\\\/11\\\/logo-vermell.jpg?fit=567%2C613&ssl=1\",\"contentUrl\":\"https:\\\/\\\/i0.wp.com\\\/radiotordera.cat\\\/radio\\\/wp-content\\\/uploads\\\/2016\\\/11\\\/logo-vermell.jpg?fit=567%2C613&ssl=1\",\"width\":567,\"height\":613,\"caption\":\"R\u00e0dio Tordera\"},\"image\":{\"@id\":\"https:\\\/\\\/radiotordera.cat\\\/radio\\\/#\\\/schema\\\/logo\\\/image\\\/\"}},{\"@type\":\"Person\",\"@id\":\"https:\\\/\\\/radiotordera.cat\\\/radio\\\/#\\\/schema\\\/person\\\/6a71581c1b4ac974c7ee50a02953f2f3\",\"name\":\"Albert Sabater\",\"sameAs\":[\"http:\\\/\\\/radiotordera.cat\"],\"url\":\"https:\\\/\\\/radiotordera.cat\\\/radio\\\/?author=6\"}]}<\/script>\n<!-- \/ Yoast SEO plugin. -->","yoast_head_json":{"title":"Finalitzen els treballs de reparaci\u00f3 i consolidaci\u00f3 de la mota del riu al nucli urb\u00e0 de Tordera - R\u00e0dio Tordera","robots":{"index":"index","follow":"follow","max-snippet":"max-snippet:-1","max-image-preview":"max-image-preview:large","max-video-preview":"max-video-preview:-1"},"canonical":"https:\/\/radiotordera.cat\/radio\/?p=139372","og_locale":"ca_ES","og_type":"article","og_title":"Finalitzen els treballs de reparaci\u00f3 i consolidaci\u00f3 de la mota del riu al nucli urb\u00e0 de Tordera - R\u00e0dio Tordera","og_description":"Els treballs s\u2019han fet d\u2019acord amb un nou projecte constructiu que incorpora diverses millores t\u00e8cniques per refor\u00e7ar la resist\u00e8ncia de la mota i evitar que es repeteixin els problemes detectats anteriorment. L\u2019Ajuntament de Tordera i l\u2019Ag\u00e8ncia Catalana de l\u2019Aigua han finalitzat els treballs d\u2019emerg\u00e8ncia per reparar i consolidar la mota del riu Tordera al seu [&hellip;]","og_url":"https:\/\/radiotordera.cat\/radio\/?p=139372","og_site_name":"R\u00e0dio Tordera","article_published_time":"2026-09-01T07:43:04+00:00","article_modified_time":"2026-09-01T09:19:56+00:00","og_image":[{"width":1536,"height":2048,"url":"https:\/\/radiotordera.cat\/radio\/wp-content\/uploads\/2026\/09\/WhatsApp-Image-2026-09-01-at-09.30.16.jpeg","type":"image\/jpeg"}],"author":"Albert Sabater","twitter_card":"summary_large_image","twitter_misc":{"Escrit per":"Albert Sabater","Temps estimat de lectura":"2 minuts"},"schema":{"@context":"https:\/\/schema.org","@graph":[{"@type":"Article","@id":"https:\/\/radiotordera.cat\/radio\/?p=139372#article","isPartOf":{"@id":"https:\/\/radiotordera.cat\/radio\/?p=139372"},"author":{"name":"Albert Sabater","@id":"https:\/\/radiotordera.cat\/radio\/#\/schema\/person\/6a71581c1b4ac974c7ee50a02953f2f3"},"headline":"Finalitzen els treballs de reparaci\u00f3 i consolidaci\u00f3 de la mota del riu al nucli urb\u00e0 de Tordera","datePublished":"2026-09-01T07:43:04+00:00","dateModified":"2026-09-01T09:19:56+00:00","mainEntityOfPage":{"@id":"https:\/\/radiotordera.cat\/radio\/?p=139372"},"wordCount":388,"publisher":{"@id":"https:\/\/radiotordera.cat\/radio\/#organization"},"image":{"@id":"https:\/\/radiotordera.cat\/radio\/?p=139372#primaryimage"},"thumbnailUrl":"https:\/\/i0.wp.com\/radiotordera.cat\/radio\/wp-content\/uploads\/2026\/09\/WhatsApp-Image-2026-09-01-at-09.30.16.jpeg?fit=1536%2C2048&ssl=1","keywords":["regidories"],"articleSection":["Medi ambient","Noticies"],"inLanguage":"ca"},{"@type":"WebPage","@id":"https:\/\/radiotordera.cat\/radio\/?p=139372","url":"https:\/\/radiotordera.cat\/radio\/?p=139372","name":"Finalitzen els treballs de reparaci\u00f3 i consolidaci\u00f3 de la mota del riu al nucli urb\u00e0 de Tordera - R\u00e0dio Tordera","isPartOf":{"@id":"https:\/\/radiotordera.cat\/radio\/#website"},"primaryImageOfPage":{"@id":"https:\/\/radiotordera.cat\/radio\/?p=139372#primaryimage"},"image":{"@id":"https:\/\/radiotordera.cat\/radio\/?p=139372#primaryimage"},"thumbnailUrl":"https:\/\/i0.wp.com\/radiotordera.cat\/radio\/wp-content\/uploads\/2026\/09\/WhatsApp-Image-2026-09-01-at-09.30.16.jpeg?fit=1536%2C2048&ssl=1","datePublished":"2026-09-01T07:43:04+00:00","dateModified":"2026-09-01T09:19:56+00:00","breadcrumb":{"@id":"https:\/\/radiotordera.cat\/radio\/?p=139372#breadcrumb"},"inLanguage":"ca","potentialAction":[{"@type":"ReadAction","target":["https:\/\/radiotordera.cat\/radio\/?p=139372"]}]},{"@type":"ImageObject","inLanguage":"ca","@id":"https:\/\/radiotordera.cat\/radio\/?p=139372#primaryimage","url":"https:\/\/i0.wp.com\/radiotordera.cat\/radio\/wp-content\/uploads\/2026\/09\/WhatsApp-Image-2026-09-01-at-09.30.16.jpeg?fit=1536%2C2048&ssl=1","contentUrl":"https:\/\/i0.wp.com\/radiotordera.cat\/radio\/wp-content\/uploads\/2026\/09\/WhatsApp-Image-2026-09-01-at-09.30.16.jpeg?fit=1536%2C2048&ssl=1","width":1536,"height":2048},{"@type":"BreadcrumbList","@id":"https:\/\/radiotordera.cat\/radio\/?p=139372#breadcrumb","itemListElement":[{"@type":"ListItem","position":1,"name":"Inici","item":"https:\/\/radiotordera.cat\/radio\/"},{"@type":"ListItem","position":2,"name":"Finalitzen els treballs de reparaci\u00f3 i consolidaci\u00f3 de la mota del riu al nucli urb\u00e0 de Tordera"}]},{"@type":"WebSite","@id":"https:\/\/radiotordera.cat\/radio\/#website","url":"https:\/\/radiotordera.cat\/radio\/","name":"R\u00e0dio Tordera","description":"R\u00e0dio Tordera Online","publisher":{"@id":"https:\/\/radiotordera.cat\/radio\/#organization"},"potentialAction":[{"@type":"SearchAction","target":{"@type":"EntryPoint","urlTemplate":"https:\/\/radiotordera.cat\/radio\/?s={search_term_string}"},"query-input":{"@type":"PropertyValueSpecification","valueRequired":true,"valueName":"search_term_string"}}],"inLanguage":"ca"},{"@type":"Organization","@id":"https:\/\/radiotordera.cat\/radio\/#organization","name":"R\u00e0dio Tordera","url":"https:\/\/radiotordera.cat\/radio\/","logo":{"@type":"ImageObject","inLanguage":"ca","@id":"https:\/\/radiotordera.cat\/radio\/#\/schema\/logo\/image\/","url":"https:\/\/i0.wp.com\/radiotordera.cat\/radio\/wp-content\/uploads\/2016\/11\/logo-vermell.jpg?fit=567%2C613&ssl=1","contentUrl":"https:\/\/i0.wp.com\/radiotordera.cat\/radio\/wp-content\/uploads\/2016\/11\/logo-vermell.jpg?fit=567%2C613&ssl=1","width":567,"height":613,"caption":"R\u00e0dio Tordera"},"image":{"@id":"https:\/\/radiotordera.cat\/radio\/#\/schema\/logo\/image\/"}},{"@type":"Person","@id":"https:\/\/radiotordera.cat\/radio\/#\/schema\/person\/6a71581c1b4ac974c7ee50a02953f2f3","name":"Albert Sabater","sameAs":["http:\/\/radiotordera.cat"],"url":"https:\/\/radiotordera.cat\/radio\/?author=6"}]}},"jetpack_featured_media_url":"https:\/\/i0.wp.com\/radiotordera.cat\/radio\/wp-content\/uploads\/2026\/09\/WhatsApp-Image-2026-09-01-at-09.30.16.jpeg?fit=1536%2C2048&ssl=1","jetpack_sharing_enabled":true,"_links":{"self":[{"href":"https:\/\/radiotordera.cat\/radio\/index.php?rest_route=\/wp\/v2\/posts\/139372","targetHints":{"allow":["GET"]}}],"collection":[{"href":"https:\/\/radiotordera.cat\/radio\/index.php?rest_route=\/wp\/v2\/posts"}],"about":[{"href":"https:\/\/radiotordera.cat\/radio\/index.php?rest_route=\/wp\/v2\/types\/post"}],"author":[{"embeddable":true,"href":"https:\/\/radiotordera.cat\/radio\/index.php?rest_route=\/wp\/v2\/users\/6"}],"replies":[{"embeddable":true,"href":"https:\/\/radiotordera.cat\/radio\/index.php?rest_route=%2Fwp%2Fv2%2Fcomments&post=139372"}],"version-history":[{"count":2,"href":"https:\/\/radiotordera.cat\/radio\/index.php?rest_route=\/wp\/v2\/posts\/139372\/revisions"}],"predecessor-version":[{"id":139378,"href":"https:\/\/radiotordera.cat\/radio\/index.php?rest_route=\/wp\/v2\/posts\/139372\/revisions\/139378"}],"wp:featuredmedia":[{"embeddable":true,"href":"https:\/\/radiotordera.cat\/radio\/index.php?rest_route=\/wp\/v2\/media\/139361"}],"wp:attachment":[{"href":"https:\/\/radiotordera.cat\/radio\/index.php?rest_route=%2Fwp%2Fv2%2Fmedia&parent=139372"}],"wp:term":[{"taxonomy":"category","embeddable":true,"href":"https:\/\/radiotordera.cat\/radio\/index.php?rest_route=%2Fwp%2Fv2%2Fcategories&post=139372"},{"taxonomy":"post_tag","embeddable":true,"href":"https:\/\/radiotordera.cat\/radio\/index.php?rest_route=%2Fwp%2Fv2%2Ftags&post=139372"}],"curies":[{"name":"wp","href":"https:\/\/api.w.org\/{rel}","templated":true}]}}