{"id":139369,"date":"2026-09-01T09:41:34","date_gmt":"2026-09-01T07:41:34","guid":{"rendered":"https:\/\/radiotordera.cat\/radio\/?p=139369"},"modified":"2026-09-01T09:41:35","modified_gmt":"2026-09-01T07:41:35","slug":"el-torderenc-carles-llopart-destaca-la-bona-acollida-de-la-sardana-del-50e-aniversari-de-la-nostra-dansa","status":"publish","type":"post","link":"https:\/\/radiotordera.cat\/radio\/?p=139369","title":{"rendered":"El torderenc Carles Llopart destaca la bona acollida de la sardana del 50\u00e8 aniversari de la Nostra Dansa"},"content":{"rendered":"\n<h1 class=\"wp-block-heading\"><em>La composici\u00f3 simbolitza el relleu generacional de la Nostra Dansa<\/em><\/h1>\n\n\n\n<p class=\"wp-block-paragraph\">La Nostra Dansa de Tordera ja compta amb una sardana pr\u00f2pia per commemorar el seu 50\u00e8 aniversari. La pe\u00e7a, titulada \u00ab50 anys, fil de temps\u00bb, \u00e9s obra del m\u00fasic i compositor torderenc Carles Llopart i es va estrenar oficialment fa uns dies.<\/p>\n\n\n\n<p class=\"wp-block-paragraph\">Llopart ha explicat al programa <em>Tordera en directe<\/em> de R\u00e0dio Tordera com ha estat el proc\u00e9s de creaci\u00f3 d\u2019una composici\u00f3 que vol unir la hist\u00f2ria de l\u2019entitat amb el seu present i futur.<\/p>\n\n\n\n<p class=\"wp-block-paragraph\">La sardana incorpora diferents refer\u00e8ncies a Tordera i al seu entorn natural. Entre d\u2019altres, un solo de flabiol evoca el cant del tort, mentre que alguns passatges de la pe\u00e7a fan refer\u00e8ncia al riu Tordera.<\/p>\n\n\n\n<p class=\"wp-block-paragraph\">La composici\u00f3 tamb\u00e9 simbolitza el relleu generacional de la Nostra Dansa. La melodia de la tenora representa els inicis de l\u2019entitat, mentre que els tiples aporten una melodia m\u00e9s fresca, vinculada a les noves generacions de balladors.<\/p>\n\n\n\n<p class=\"wp-block-paragraph\">El mateix Carles Llopart ho explicava aix\u00ed a R\u00e0dio Tordera.<\/p>\n\n\n\n<figure class=\"wp-block-audio\"><audio controls src=\"https:\/\/radiotordera.cat\/radio\/wp-content\/uploads\/2026\/09\/Carles-Llopart-significat-sardana.mp3\"><\/audio><\/figure>\n\n\n\n<p class=\"wp-block-paragraph\"><strong>\u201cconviuen la melodia de la tenora i els tiples\u201d<\/strong><\/p>\n\n\n\n<p class=\"wp-block-paragraph\">L\u2019autor no descarta que, en un futur, la pe\u00e7a pugui incorporar una lletra i convertir-se en una sardana cantada.<\/p>\n\n\n\n<p class=\"wp-block-paragraph\">Ara, l\u2019objectiu \u00e9s que \u00ab50 anys, fil de temps\u00bb es consolidi com una pe\u00e7a m\u00e9s del repertori de les cobles i continu\u00ef vinculada a la celebraci\u00f3 del mig segle d\u2019hist\u00f2ria de la Nostra Dansa.<\/p>\n\n\n\n<p class=\"wp-block-paragraph\"><\/p>\n","protected":false},"excerpt":{"rendered":"<p>La composici\u00f3 simbolitza el relleu generacional de la Nostra Dansa La Nostra Dansa de Tordera ja compta amb una sardana pr\u00f2pia per commemorar el seu 50\u00e8 aniversari. La pe\u00e7a, titulada \u00ab50 anys, fil de temps\u00bb, \u00e9s obra del m\u00fasic i compositor torderenc Carles Llopart i es va estrenar oficialment fa uns dies. Llopart ha explicat [&hellip;]<\/p>\n","protected":false},"author":6,"featured_media":139362,"comment_status":"closed","ping_status":"open","sticky":false,"template":"","format":"standard","meta":{"_jetpack_newsletter_access":"","_jetpack_dont_email_post_to_subs":false,"_jetpack_newsletter_tier_id":0,"_jetpack_memberships_contains_paywalled_content":false,"_jetpack_memberships_contains_paid_content":false,"footnotes":"","jetpack_post_was_ever_published":false},"categories":[35,5],"tags":[206],"class_list":["post-139369","post","type-post","status-publish","format-standard","has-post-thumbnail","category-cultura","category-noticies-2","tag-cultura"],"yoast_head":"<!-- This site is optimized with the Yoast SEO plugin v28.2 - https:\/\/yoast.com\/product\/yoast-seo-wordpress\/ -->\n<title>El torderenc Carles Llopart destaca la bona acollida de la sardana del 50\u00e8 aniversari de la Nostra Dansa - R\u00e0dio Tordera<\/title>\n<meta name=\"robots\" content=\"index, follow, max-snippet:-1, max-image-preview:large, max-video-preview:-1\" \/>\n<link rel=\"canonical\" href=\"https:\/\/radiotordera.cat\/radio\/?p=139369\" \/>\n<meta property=\"og:locale\" content=\"ca_ES\" \/>\n<meta property=\"og:type\" content=\"article\" \/>\n<meta property=\"og:title\" content=\"El torderenc Carles Llopart destaca la bona acollida de la sardana del 50\u00e8 aniversari de la Nostra Dansa - R\u00e0dio Tordera\" \/>\n<meta property=\"og:description\" content=\"La composici\u00f3 simbolitza el relleu generacional de la Nostra Dansa La Nostra Dansa de Tordera ja compta amb una sardana pr\u00f2pia per commemorar el seu 50\u00e8 aniversari. La pe\u00e7a, titulada \u00ab50 anys, fil de temps\u00bb, \u00e9s obra del m\u00fasic i compositor torderenc Carles Llopart i es va estrenar oficialment fa uns dies. Llopart ha explicat [&hellip;]\" \/>\n<meta property=\"og:url\" content=\"https:\/\/radiotordera.cat\/radio\/?p=139369\" \/>\n<meta property=\"og:site_name\" content=\"R\u00e0dio Tordera\" \/>\n<meta property=\"article:published_time\" content=\"2026-09-01T07:41:34+00:00\" \/>\n<meta property=\"article:modified_time\" content=\"2026-09-01T07:41:35+00:00\" \/>\n<meta property=\"og:image\" content=\"https:\/\/radiotordera.cat\/radio\/wp-content\/uploads\/2026\/09\/WhatsApp-Image-2026-09-01-at-09.26.06.jpeg\" \/>\n\t<meta property=\"og:image:width\" content=\"1536\" \/>\n\t<meta property=\"og:image:height\" content=\"2048\" \/>\n\t<meta property=\"og:image:type\" content=\"image\/jpeg\" \/>\n<meta name=\"author\" content=\"Albert Sabater\" \/>\n<meta name=\"twitter:card\" content=\"summary_large_image\" \/>\n<meta name=\"twitter:label1\" content=\"Escrit per\" \/>\n\t<meta name=\"twitter:data1\" content=\"Albert Sabater\" \/>\n\t<meta name=\"twitter:label2\" content=\"Temps estimat de lectura\" \/>\n\t<meta name=\"twitter:data2\" content=\"2 minuts\" \/>\n<script type=\"application\/ld+json\" class=\"yoast-schema-graph\">{\"@context\":\"https:\\\/\\\/schema.org\",\"@graph\":[{\"@type\":\"Article\",\"@id\":\"https:\\\/\\\/radiotordera.cat\\\/radio\\\/?p=139369#article\",\"isPartOf\":{\"@id\":\"https:\\\/\\\/radiotordera.cat\\\/radio\\\/?p=139369\"},\"author\":{\"name\":\"Albert Sabater\",\"@id\":\"https:\\\/\\\/radiotordera.cat\\\/radio\\\/#\\\/schema\\\/person\\\/6a71581c1b4ac974c7ee50a02953f2f3\"},\"headline\":\"El torderenc Carles Llopart destaca la bona acollida de la sardana del 50\u00e8 aniversari de la Nostra Dansa\",\"datePublished\":\"2026-09-01T07:41:34+00:00\",\"dateModified\":\"2026-09-01T07:41:35+00:00\",\"mainEntityOfPage\":{\"@id\":\"https:\\\/\\\/radiotordera.cat\\\/radio\\\/?p=139369\"},\"wordCount\":265,\"publisher\":{\"@id\":\"https:\\\/\\\/radiotordera.cat\\\/radio\\\/#organization\"},\"image\":{\"@id\":\"https:\\\/\\\/radiotordera.cat\\\/radio\\\/?p=139369#primaryimage\"},\"thumbnailUrl\":\"https:\\\/\\\/i0.wp.com\\\/radiotordera.cat\\\/radio\\\/wp-content\\\/uploads\\\/2026\\\/09\\\/WhatsApp-Image-2026-09-01-at-09.26.06.jpeg?fit=1536%2C2048&ssl=1\",\"keywords\":[\"cultura\"],\"articleSection\":[\"Cultura\",\"Noticies\"],\"inLanguage\":\"ca\"},{\"@type\":\"WebPage\",\"@id\":\"https:\\\/\\\/radiotordera.cat\\\/radio\\\/?p=139369\",\"url\":\"https:\\\/\\\/radiotordera.cat\\\/radio\\\/?p=139369\",\"name\":\"El torderenc Carles Llopart destaca la bona acollida de la sardana del 50\u00e8 aniversari de la Nostra Dansa - R\u00e0dio Tordera\",\"isPartOf\":{\"@id\":\"https:\\\/\\\/radiotordera.cat\\\/radio\\\/#website\"},\"primaryImageOfPage\":{\"@id\":\"https:\\\/\\\/radiotordera.cat\\\/radio\\\/?p=139369#primaryimage\"},\"image\":{\"@id\":\"https:\\\/\\\/radiotordera.cat\\\/radio\\\/?p=139369#primaryimage\"},\"thumbnailUrl\":\"https:\\\/\\\/i0.wp.com\\\/radiotordera.cat\\\/radio\\\/wp-content\\\/uploads\\\/2026\\\/09\\\/WhatsApp-Image-2026-09-01-at-09.26.06.jpeg?fit=1536%2C2048&ssl=1\",\"datePublished\":\"2026-09-01T07:41:34+00:00\",\"dateModified\":\"2026-09-01T07:41:35+00:00\",\"breadcrumb\":{\"@id\":\"https:\\\/\\\/radiotordera.cat\\\/radio\\\/?p=139369#breadcrumb\"},\"inLanguage\":\"ca\",\"potentialAction\":[{\"@type\":\"ReadAction\",\"target\":[\"https:\\\/\\\/radiotordera.cat\\\/radio\\\/?p=139369\"]}]},{\"@type\":\"ImageObject\",\"inLanguage\":\"ca\",\"@id\":\"https:\\\/\\\/radiotordera.cat\\\/radio\\\/?p=139369#primaryimage\",\"url\":\"https:\\\/\\\/i0.wp.com\\\/radiotordera.cat\\\/radio\\\/wp-content\\\/uploads\\\/2026\\\/09\\\/WhatsApp-Image-2026-09-01-at-09.26.06.jpeg?fit=1536%2C2048&ssl=1\",\"contentUrl\":\"https:\\\/\\\/i0.wp.com\\\/radiotordera.cat\\\/radio\\\/wp-content\\\/uploads\\\/2026\\\/09\\\/WhatsApp-Image-2026-09-01-at-09.26.06.jpeg?fit=1536%2C2048&ssl=1\",\"width\":1536,\"height\":2048},{\"@type\":\"BreadcrumbList\",\"@id\":\"https:\\\/\\\/radiotordera.cat\\\/radio\\\/?p=139369#breadcrumb\",\"itemListElement\":[{\"@type\":\"ListItem\",\"position\":1,\"name\":\"Inici\",\"item\":\"https:\\\/\\\/radiotordera.cat\\\/radio\\\/\"},{\"@type\":\"ListItem\",\"position\":2,\"name\":\"El torderenc Carles Llopart destaca la bona acollida de la sardana del 50\u00e8 aniversari de la Nostra Dansa\"}]},{\"@type\":\"WebSite\",\"@id\":\"https:\\\/\\\/radiotordera.cat\\\/radio\\\/#website\",\"url\":\"https:\\\/\\\/radiotordera.cat\\\/radio\\\/\",\"name\":\"R\u00e0dio Tordera\",\"description\":\"R\u00e0dio Tordera Online\",\"publisher\":{\"@id\":\"https:\\\/\\\/radiotordera.cat\\\/radio\\\/#organization\"},\"potentialAction\":[{\"@type\":\"SearchAction\",\"target\":{\"@type\":\"EntryPoint\",\"urlTemplate\":\"https:\\\/\\\/radiotordera.cat\\\/radio\\\/?s={search_term_string}\"},\"query-input\":{\"@type\":\"PropertyValueSpecification\",\"valueRequired\":true,\"valueName\":\"search_term_string\"}}],\"inLanguage\":\"ca\"},{\"@type\":\"Organization\",\"@id\":\"https:\\\/\\\/radiotordera.cat\\\/radio\\\/#organization\",\"name\":\"R\u00e0dio Tordera\",\"url\":\"https:\\\/\\\/radiotordera.cat\\\/radio\\\/\",\"logo\":{\"@type\":\"ImageObject\",\"inLanguage\":\"ca\",\"@id\":\"https:\\\/\\\/radiotordera.cat\\\/radio\\\/#\\\/schema\\\/logo\\\/image\\\/\",\"url\":\"https:\\\/\\\/i0.wp.com\\\/radiotordera.cat\\\/radio\\\/wp-content\\\/uploads\\\/2016\\\/11\\\/logo-vermell.jpg?fit=567%2C613&ssl=1\",\"contentUrl\":\"https:\\\/\\\/i0.wp.com\\\/radiotordera.cat\\\/radio\\\/wp-content\\\/uploads\\\/2016\\\/11\\\/logo-vermell.jpg?fit=567%2C613&ssl=1\",\"width\":567,\"height\":613,\"caption\":\"R\u00e0dio Tordera\"},\"image\":{\"@id\":\"https:\\\/\\\/radiotordera.cat\\\/radio\\\/#\\\/schema\\\/logo\\\/image\\\/\"}},{\"@type\":\"Person\",\"@id\":\"https:\\\/\\\/radiotordera.cat\\\/radio\\\/#\\\/schema\\\/person\\\/6a71581c1b4ac974c7ee50a02953f2f3\",\"name\":\"Albert Sabater\",\"sameAs\":[\"http:\\\/\\\/radiotordera.cat\"],\"url\":\"https:\\\/\\\/radiotordera.cat\\\/radio\\\/?author=6\"}]}<\/script>\n<!-- \/ Yoast SEO plugin. -->","yoast_head_json":{"title":"El torderenc Carles Llopart destaca la bona acollida de la sardana del 50\u00e8 aniversari de la Nostra Dansa - R\u00e0dio Tordera","robots":{"index":"index","follow":"follow","max-snippet":"max-snippet:-1","max-image-preview":"max-image-preview:large","max-video-preview":"max-video-preview:-1"},"canonical":"https:\/\/radiotordera.cat\/radio\/?p=139369","og_locale":"ca_ES","og_type":"article","og_title":"El torderenc Carles Llopart destaca la bona acollida de la sardana del 50\u00e8 aniversari de la Nostra Dansa - R\u00e0dio Tordera","og_description":"La composici\u00f3 simbolitza el relleu generacional de la Nostra Dansa La Nostra Dansa de Tordera ja compta amb una sardana pr\u00f2pia per commemorar el seu 50\u00e8 aniversari. La pe\u00e7a, titulada \u00ab50 anys, fil de temps\u00bb, \u00e9s obra del m\u00fasic i compositor torderenc Carles Llopart i es va estrenar oficialment fa uns dies. Llopart ha explicat [&hellip;]","og_url":"https:\/\/radiotordera.cat\/radio\/?p=139369","og_site_name":"R\u00e0dio Tordera","article_published_time":"2026-09-01T07:41:34+00:00","article_modified_time":"2026-09-01T07:41:35+00:00","og_image":[{"width":1536,"height":2048,"url":"https:\/\/radiotordera.cat\/radio\/wp-content\/uploads\/2026\/09\/WhatsApp-Image-2026-09-01-at-09.26.06.jpeg","type":"image\/jpeg"}],"author":"Albert Sabater","twitter_card":"summary_large_image","twitter_misc":{"Escrit per":"Albert Sabater","Temps estimat de lectura":"2 minuts"},"schema":{"@context":"https:\/\/schema.org","@graph":[{"@type":"Article","@id":"https:\/\/radiotordera.cat\/radio\/?p=139369#article","isPartOf":{"@id":"https:\/\/radiotordera.cat\/radio\/?p=139369"},"author":{"name":"Albert Sabater","@id":"https:\/\/radiotordera.cat\/radio\/#\/schema\/person\/6a71581c1b4ac974c7ee50a02953f2f3"},"headline":"El torderenc Carles Llopart destaca la bona acollida de la sardana del 50\u00e8 aniversari de la Nostra Dansa","datePublished":"2026-09-01T07:41:34+00:00","dateModified":"2026-09-01T07:41:35+00:00","mainEntityOfPage":{"@id":"https:\/\/radiotordera.cat\/radio\/?p=139369"},"wordCount":265,"publisher":{"@id":"https:\/\/radiotordera.cat\/radio\/#organization"},"image":{"@id":"https:\/\/radiotordera.cat\/radio\/?p=139369#primaryimage"},"thumbnailUrl":"https:\/\/i0.wp.com\/radiotordera.cat\/radio\/wp-content\/uploads\/2026\/09\/WhatsApp-Image-2026-09-01-at-09.26.06.jpeg?fit=1536%2C2048&ssl=1","keywords":["cultura"],"articleSection":["Cultura","Noticies"],"inLanguage":"ca"},{"@type":"WebPage","@id":"https:\/\/radiotordera.cat\/radio\/?p=139369","url":"https:\/\/radiotordera.cat\/radio\/?p=139369","name":"El torderenc Carles Llopart destaca la bona acollida de la sardana del 50\u00e8 aniversari de la Nostra Dansa - R\u00e0dio Tordera","isPartOf":{"@id":"https:\/\/radiotordera.cat\/radio\/#website"},"primaryImageOfPage":{"@id":"https:\/\/radiotordera.cat\/radio\/?p=139369#primaryimage"},"image":{"@id":"https:\/\/radiotordera.cat\/radio\/?p=139369#primaryimage"},"thumbnailUrl":"https:\/\/i0.wp.com\/radiotordera.cat\/radio\/wp-content\/uploads\/2026\/09\/WhatsApp-Image-2026-09-01-at-09.26.06.jpeg?fit=1536%2C2048&ssl=1","datePublished":"2026-09-01T07:41:34+00:00","dateModified":"2026-09-01T07:41:35+00:00","breadcrumb":{"@id":"https:\/\/radiotordera.cat\/radio\/?p=139369#breadcrumb"},"inLanguage":"ca","potentialAction":[{"@type":"ReadAction","target":["https:\/\/radiotordera.cat\/radio\/?p=139369"]}]},{"@type":"ImageObject","inLanguage":"ca","@id":"https:\/\/radiotordera.cat\/radio\/?p=139369#primaryimage","url":"https:\/\/i0.wp.com\/radiotordera.cat\/radio\/wp-content\/uploads\/2026\/09\/WhatsApp-Image-2026-09-01-at-09.26.06.jpeg?fit=1536%2C2048&ssl=1","contentUrl":"https:\/\/i0.wp.com\/radiotordera.cat\/radio\/wp-content\/uploads\/2026\/09\/WhatsApp-Image-2026-09-01-at-09.26.06.jpeg?fit=1536%2C2048&ssl=1","width":1536,"height":2048},{"@type":"BreadcrumbList","@id":"https:\/\/radiotordera.cat\/radio\/?p=139369#breadcrumb","itemListElement":[{"@type":"ListItem","position":1,"name":"Inici","item":"https:\/\/radiotordera.cat\/radio\/"},{"@type":"ListItem","position":2,"name":"El torderenc Carles Llopart destaca la bona acollida de la sardana del 50\u00e8 aniversari de la Nostra Dansa"}]},{"@type":"WebSite","@id":"https:\/\/radiotordera.cat\/radio\/#website","url":"https:\/\/radiotordera.cat\/radio\/","name":"R\u00e0dio Tordera","description":"R\u00e0dio Tordera Online","publisher":{"@id":"https:\/\/radiotordera.cat\/radio\/#organization"},"potentialAction":[{"@type":"SearchAction","target":{"@type":"EntryPoint","urlTemplate":"https:\/\/radiotordera.cat\/radio\/?s={search_term_string}"},"query-input":{"@type":"PropertyValueSpecification","valueRequired":true,"valueName":"search_term_string"}}],"inLanguage":"ca"},{"@type":"Organization","@id":"https:\/\/radiotordera.cat\/radio\/#organization","name":"R\u00e0dio Tordera","url":"https:\/\/radiotordera.cat\/radio\/","logo":{"@type":"ImageObject","inLanguage":"ca","@id":"https:\/\/radiotordera.cat\/radio\/#\/schema\/logo\/image\/","url":"https:\/\/i0.wp.com\/radiotordera.cat\/radio\/wp-content\/uploads\/2016\/11\/logo-vermell.jpg?fit=567%2C613&ssl=1","contentUrl":"https:\/\/i0.wp.com\/radiotordera.cat\/radio\/wp-content\/uploads\/2016\/11\/logo-vermell.jpg?fit=567%2C613&ssl=1","width":567,"height":613,"caption":"R\u00e0dio Tordera"},"image":{"@id":"https:\/\/radiotordera.cat\/radio\/#\/schema\/logo\/image\/"}},{"@type":"Person","@id":"https:\/\/radiotordera.cat\/radio\/#\/schema\/person\/6a71581c1b4ac974c7ee50a02953f2f3","name":"Albert Sabater","sameAs":["http:\/\/radiotordera.cat"],"url":"https:\/\/radiotordera.cat\/radio\/?author=6"}]}},"jetpack_featured_media_url":"https:\/\/i0.wp.com\/radiotordera.cat\/radio\/wp-content\/uploads\/2026\/09\/WhatsApp-Image-2026-09-01-at-09.26.06.jpeg?fit=1536%2C2048&ssl=1","jetpack_sharing_enabled":true,"_links":{"self":[{"href":"https:\/\/radiotordera.cat\/radio\/index.php?rest_route=\/wp\/v2\/posts\/139369","targetHints":{"allow":["GET"]}}],"collection":[{"href":"https:\/\/radiotordera.cat\/radio\/index.php?rest_route=\/wp\/v2\/posts"}],"about":[{"href":"https:\/\/radiotordera.cat\/radio\/index.php?rest_route=\/wp\/v2\/types\/post"}],"author":[{"embeddable":true,"href":"https:\/\/radiotordera.cat\/radio\/index.php?rest_route=\/wp\/v2\/users\/6"}],"replies":[{"embeddable":true,"href":"https:\/\/radiotordera.cat\/radio\/index.php?rest_route=%2Fwp%2Fv2%2Fcomments&post=139369"}],"version-history":[{"count":1,"href":"https:\/\/radiotordera.cat\/radio\/index.php?rest_route=\/wp\/v2\/posts\/139369\/revisions"}],"predecessor-version":[{"id":139371,"href":"https:\/\/radiotordera.cat\/radio\/index.php?rest_route=\/wp\/v2\/posts\/139369\/revisions\/139371"}],"wp:featuredmedia":[{"embeddable":true,"href":"https:\/\/radiotordera.cat\/radio\/index.php?rest_route=\/wp\/v2\/media\/139362"}],"wp:attachment":[{"href":"https:\/\/radiotordera.cat\/radio\/index.php?rest_route=%2Fwp%2Fv2%2Fmedia&parent=139369"}],"wp:term":[{"taxonomy":"category","embeddable":true,"href":"https:\/\/radiotordera.cat\/radio\/index.php?rest_route=%2Fwp%2Fv2%2Fcategories&post=139369"},{"taxonomy":"post_tag","embeddable":true,"href":"https:\/\/radiotordera.cat\/radio\/index.php?rest_route=%2Fwp%2Fv2%2Ftags&post=139369"}],"curies":[{"name":"wp","href":"https:\/\/api.w.org\/{rel}","templated":true}]}}