{"id":139366,"date":"2026-09-01T09:40:14","date_gmt":"2026-09-01T07:40:14","guid":{"rendered":"https:\/\/radiotordera.cat\/radio\/?p=139366"},"modified":"2026-09-01T09:40:14","modified_gmt":"2026-09-01T07:40:14","slug":"ustec-mante-la-vaga-del-primer-dia-de-curs-i-reclama-a-educacio-que-reprengui-les-negociacions","status":"publish","type":"post","link":"https:\/\/radiotordera.cat\/radio\/?p=139366","title":{"rendered":"USTEC mant\u00e9 la vaga del primer dia de curs i reclama a Educaci\u00f3 que reprengui les negociacions"},"content":{"rendered":"\n<h1 class=\"wp-block-heading\"><em>El sindicat considera necessari impulsar\u00a0\u201cdecisions estructurals\u201d\u00a0que garanteixin la continu\u00eftat de les mesures que es vagin desplegant<\/em><\/h1>\n\n\n\n<p class=\"wp-block-paragraph\">USTEC&nbsp;mant\u00e9 la convocat\u00f2ria de&nbsp;vaga als centres educatius per al 8 de setembre, coincidint amb el primer dia del curs escolar, i insta el Departament d\u2019Educaci\u00f3 a reprendre urgentment les negociacions per evitar que el conflicte s\u2019allargui durant el primer trimestre.&nbsp;<\/p>\n\n\n\n<p class=\"wp-block-paragraph\">La portaveu del sindicat, Iolanda Segura, ha assegurat&nbsp;que la protesta reflecteix un&nbsp;\u201cmalestar evident del col\u00b7lectiu\u201d. Tot i aix\u00f2, ha apuntat que reprendre les converses podria permetre evitar futures aturades.<\/p>\n\n\n\n<figure class=\"wp-block-audio\"><audio controls src=\"https:\/\/radiotordera.cat\/radio\/wp-content\/uploads\/2026\/09\/ustec.mp3\"><\/audio><\/figure>\n\n\n\n<p class=\"wp-block-paragraph\"><strong> \u201cdif\u00edcilment s\u2019evitar\u00e0 la vaga del dia 8\u201d<\/strong><\/p>\n\n\n\n<p class=\"wp-block-paragraph\">El sindicat considera necessari impulsar&nbsp;\u201cdecisions estructurals\u201d&nbsp;que garanteixin la continu\u00eftat de les mesures que es vagin desplegant i reclama el \u201cblindatge de l\u2019escola p\u00fablica\u201d. Entre les demandes, Segura ha destacat la necessitat de calendaritzar les actuacions i avan\u00e7ar en la&nbsp;reducci\u00f3 de les r\u00e0tios a les aules.<\/p>\n\n\n\n<p class=\"wp-block-paragraph\">Pel que fa a l\u2019anunci de m\u00e9s aules d\u2019acollida i de la incorporaci\u00f3 de t\u00e8cnics sanitaris als centres educatius, USTEC considera que&nbsp;\u201cno \u00e9s cap novetat\u201d, ja que aquestes mesures formarien part del desplegament dels acords assolits durant els mesos de mar\u00e7 i maig.<\/p>\n\n\n\n<p class=\"wp-block-paragraph\"><\/p>\n","protected":false},"excerpt":{"rendered":"<p>El sindicat considera necessari impulsar\u00a0\u201cdecisions estructurals\u201d\u00a0que garanteixin la continu\u00eftat de les mesures que es vagin desplegant USTEC&nbsp;mant\u00e9 la convocat\u00f2ria de&nbsp;vaga als centres educatius per al 8 de setembre, coincidint amb el primer dia del curs escolar, i insta el Departament d\u2019Educaci\u00f3 a reprendre urgentment les negociacions per evitar que el conflicte s\u2019allargui durant el primer [&hellip;]<\/p>\n","protected":false},"author":6,"featured_media":139363,"comment_status":"closed","ping_status":"open","sticky":false,"template":"","format":"standard","meta":{"_jetpack_newsletter_access":"","_jetpack_dont_email_post_to_subs":false,"_jetpack_newsletter_tier_id":0,"_jetpack_memberships_contains_paywalled_content":false,"_jetpack_memberships_contains_paid_content":false,"footnotes":"","jetpack_post_was_ever_published":false},"categories":[43,5],"tags":[181],"class_list":["post-139366","post","type-post","status-publish","format-standard","has-post-thumbnail","category-educacio","category-noticies-2","tag-societat"],"yoast_head":"<!-- This site is optimized with the Yoast SEO plugin v28.2 - https:\/\/yoast.com\/product\/yoast-seo-wordpress\/ -->\n<title>USTEC mant\u00e9 la vaga del primer dia de curs i reclama a Educaci\u00f3 que reprengui les negociacions - R\u00e0dio Tordera<\/title>\n<meta name=\"robots\" content=\"index, follow, max-snippet:-1, max-image-preview:large, max-video-preview:-1\" \/>\n<link rel=\"canonical\" href=\"https:\/\/radiotordera.cat\/radio\/?p=139366\" \/>\n<meta property=\"og:locale\" content=\"ca_ES\" \/>\n<meta property=\"og:type\" content=\"article\" \/>\n<meta property=\"og:title\" content=\"USTEC mant\u00e9 la vaga del primer dia de curs i reclama a Educaci\u00f3 que reprengui les negociacions - R\u00e0dio Tordera\" \/>\n<meta property=\"og:description\" content=\"El sindicat considera necessari impulsar\u00a0\u201cdecisions estructurals\u201d\u00a0que garanteixin la continu\u00eftat de les mesures que es vagin desplegant USTEC&nbsp;mant\u00e9 la convocat\u00f2ria de&nbsp;vaga als centres educatius per al 8 de setembre, coincidint amb el primer dia del curs escolar, i insta el Departament d\u2019Educaci\u00f3 a reprendre urgentment les negociacions per evitar que el conflicte s\u2019allargui durant el primer [&hellip;]\" \/>\n<meta property=\"og:url\" content=\"https:\/\/radiotordera.cat\/radio\/?p=139366\" \/>\n<meta property=\"og:site_name\" content=\"R\u00e0dio Tordera\" \/>\n<meta property=\"article:published_time\" content=\"2026-09-01T07:40:14+00:00\" \/>\n<meta property=\"og:image\" content=\"https:\/\/radiotordera.cat\/radio\/wp-content\/uploads\/2026\/09\/VAGA.png\" \/>\n\t<meta property=\"og:image:width\" content=\"276\" \/>\n\t<meta property=\"og:image:height\" content=\"393\" \/>\n\t<meta property=\"og:image:type\" content=\"image\/png\" \/>\n<meta name=\"author\" content=\"Albert Sabater\" \/>\n<meta name=\"twitter:card\" content=\"summary_large_image\" \/>\n<meta name=\"twitter:label1\" content=\"Escrit per\" \/>\n\t<meta name=\"twitter:data1\" content=\"Albert Sabater\" \/>\n\t<meta name=\"twitter:label2\" content=\"Temps estimat de lectura\" \/>\n\t<meta name=\"twitter:data2\" content=\"2 minuts\" \/>\n<script type=\"application\/ld+json\" class=\"yoast-schema-graph\">{\"@context\":\"https:\\\/\\\/schema.org\",\"@graph\":[{\"@type\":\"Article\",\"@id\":\"https:\\\/\\\/radiotordera.cat\\\/radio\\\/?p=139366#article\",\"isPartOf\":{\"@id\":\"https:\\\/\\\/radiotordera.cat\\\/radio\\\/?p=139366\"},\"author\":{\"name\":\"Albert Sabater\",\"@id\":\"https:\\\/\\\/radiotordera.cat\\\/radio\\\/#\\\/schema\\\/person\\\/6a71581c1b4ac974c7ee50a02953f2f3\"},\"headline\":\"USTEC mant\u00e9 la vaga del primer dia de curs i reclama a Educaci\u00f3 que reprengui les negociacions\",\"datePublished\":\"2026-09-01T07:40:14+00:00\",\"mainEntityOfPage\":{\"@id\":\"https:\\\/\\\/radiotordera.cat\\\/radio\\\/?p=139366\"},\"wordCount\":230,\"publisher\":{\"@id\":\"https:\\\/\\\/radiotordera.cat\\\/radio\\\/#organization\"},\"image\":{\"@id\":\"https:\\\/\\\/radiotordera.cat\\\/radio\\\/?p=139366#primaryimage\"},\"thumbnailUrl\":\"https:\\\/\\\/i0.wp.com\\\/radiotordera.cat\\\/radio\\\/wp-content\\\/uploads\\\/2026\\\/09\\\/VAGA.png?fit=276%2C393&ssl=1\",\"keywords\":[\"societat\"],\"articleSection\":[\"Educaci\u00f3\",\"Noticies\"],\"inLanguage\":\"ca\"},{\"@type\":\"WebPage\",\"@id\":\"https:\\\/\\\/radiotordera.cat\\\/radio\\\/?p=139366\",\"url\":\"https:\\\/\\\/radiotordera.cat\\\/radio\\\/?p=139366\",\"name\":\"USTEC mant\u00e9 la vaga del primer dia de curs i reclama a Educaci\u00f3 que reprengui les negociacions - R\u00e0dio Tordera\",\"isPartOf\":{\"@id\":\"https:\\\/\\\/radiotordera.cat\\\/radio\\\/#website\"},\"primaryImageOfPage\":{\"@id\":\"https:\\\/\\\/radiotordera.cat\\\/radio\\\/?p=139366#primaryimage\"},\"image\":{\"@id\":\"https:\\\/\\\/radiotordera.cat\\\/radio\\\/?p=139366#primaryimage\"},\"thumbnailUrl\":\"https:\\\/\\\/i0.wp.com\\\/radiotordera.cat\\\/radio\\\/wp-content\\\/uploads\\\/2026\\\/09\\\/VAGA.png?fit=276%2C393&ssl=1\",\"datePublished\":\"2026-09-01T07:40:14+00:00\",\"breadcrumb\":{\"@id\":\"https:\\\/\\\/radiotordera.cat\\\/radio\\\/?p=139366#breadcrumb\"},\"inLanguage\":\"ca\",\"potentialAction\":[{\"@type\":\"ReadAction\",\"target\":[\"https:\\\/\\\/radiotordera.cat\\\/radio\\\/?p=139366\"]}]},{\"@type\":\"ImageObject\",\"inLanguage\":\"ca\",\"@id\":\"https:\\\/\\\/radiotordera.cat\\\/radio\\\/?p=139366#primaryimage\",\"url\":\"https:\\\/\\\/i0.wp.com\\\/radiotordera.cat\\\/radio\\\/wp-content\\\/uploads\\\/2026\\\/09\\\/VAGA.png?fit=276%2C393&ssl=1\",\"contentUrl\":\"https:\\\/\\\/i0.wp.com\\\/radiotordera.cat\\\/radio\\\/wp-content\\\/uploads\\\/2026\\\/09\\\/VAGA.png?fit=276%2C393&ssl=1\",\"width\":276,\"height\":393},{\"@type\":\"BreadcrumbList\",\"@id\":\"https:\\\/\\\/radiotordera.cat\\\/radio\\\/?p=139366#breadcrumb\",\"itemListElement\":[{\"@type\":\"ListItem\",\"position\":1,\"name\":\"Inici\",\"item\":\"https:\\\/\\\/radiotordera.cat\\\/radio\\\/\"},{\"@type\":\"ListItem\",\"position\":2,\"name\":\"USTEC mant\u00e9 la vaga del primer dia de curs i reclama a Educaci\u00f3 que reprengui les negociacions\"}]},{\"@type\":\"WebSite\",\"@id\":\"https:\\\/\\\/radiotordera.cat\\\/radio\\\/#website\",\"url\":\"https:\\\/\\\/radiotordera.cat\\\/radio\\\/\",\"name\":\"R\u00e0dio Tordera\",\"description\":\"R\u00e0dio Tordera Online\",\"publisher\":{\"@id\":\"https:\\\/\\\/radiotordera.cat\\\/radio\\\/#organization\"},\"potentialAction\":[{\"@type\":\"SearchAction\",\"target\":{\"@type\":\"EntryPoint\",\"urlTemplate\":\"https:\\\/\\\/radiotordera.cat\\\/radio\\\/?s={search_term_string}\"},\"query-input\":{\"@type\":\"PropertyValueSpecification\",\"valueRequired\":true,\"valueName\":\"search_term_string\"}}],\"inLanguage\":\"ca\"},{\"@type\":\"Organization\",\"@id\":\"https:\\\/\\\/radiotordera.cat\\\/radio\\\/#organization\",\"name\":\"R\u00e0dio Tordera\",\"url\":\"https:\\\/\\\/radiotordera.cat\\\/radio\\\/\",\"logo\":{\"@type\":\"ImageObject\",\"inLanguage\":\"ca\",\"@id\":\"https:\\\/\\\/radiotordera.cat\\\/radio\\\/#\\\/schema\\\/logo\\\/image\\\/\",\"url\":\"https:\\\/\\\/i0.wp.com\\\/radiotordera.cat\\\/radio\\\/wp-content\\\/uploads\\\/2016\\\/11\\\/logo-vermell.jpg?fit=567%2C613&ssl=1\",\"contentUrl\":\"https:\\\/\\\/i0.wp.com\\\/radiotordera.cat\\\/radio\\\/wp-content\\\/uploads\\\/2016\\\/11\\\/logo-vermell.jpg?fit=567%2C613&ssl=1\",\"width\":567,\"height\":613,\"caption\":\"R\u00e0dio Tordera\"},\"image\":{\"@id\":\"https:\\\/\\\/radiotordera.cat\\\/radio\\\/#\\\/schema\\\/logo\\\/image\\\/\"}},{\"@type\":\"Person\",\"@id\":\"https:\\\/\\\/radiotordera.cat\\\/radio\\\/#\\\/schema\\\/person\\\/6a71581c1b4ac974c7ee50a02953f2f3\",\"name\":\"Albert Sabater\",\"sameAs\":[\"http:\\\/\\\/radiotordera.cat\"],\"url\":\"https:\\\/\\\/radiotordera.cat\\\/radio\\\/?author=6\"}]}<\/script>\n<!-- \/ Yoast SEO plugin. -->","yoast_head_json":{"title":"USTEC mant\u00e9 la vaga del primer dia de curs i reclama a Educaci\u00f3 que reprengui les negociacions - R\u00e0dio Tordera","robots":{"index":"index","follow":"follow","max-snippet":"max-snippet:-1","max-image-preview":"max-image-preview:large","max-video-preview":"max-video-preview:-1"},"canonical":"https:\/\/radiotordera.cat\/radio\/?p=139366","og_locale":"ca_ES","og_type":"article","og_title":"USTEC mant\u00e9 la vaga del primer dia de curs i reclama a Educaci\u00f3 que reprengui les negociacions - R\u00e0dio Tordera","og_description":"El sindicat considera necessari impulsar\u00a0\u201cdecisions estructurals\u201d\u00a0que garanteixin la continu\u00eftat de les mesures que es vagin desplegant USTEC&nbsp;mant\u00e9 la convocat\u00f2ria de&nbsp;vaga als centres educatius per al 8 de setembre, coincidint amb el primer dia del curs escolar, i insta el Departament d\u2019Educaci\u00f3 a reprendre urgentment les negociacions per evitar que el conflicte s\u2019allargui durant el primer [&hellip;]","og_url":"https:\/\/radiotordera.cat\/radio\/?p=139366","og_site_name":"R\u00e0dio Tordera","article_published_time":"2026-09-01T07:40:14+00:00","og_image":[{"width":276,"height":393,"url":"https:\/\/radiotordera.cat\/radio\/wp-content\/uploads\/2026\/09\/VAGA.png","type":"image\/png"}],"author":"Albert Sabater","twitter_card":"summary_large_image","twitter_misc":{"Escrit per":"Albert Sabater","Temps estimat de lectura":"2 minuts"},"schema":{"@context":"https:\/\/schema.org","@graph":[{"@type":"Article","@id":"https:\/\/radiotordera.cat\/radio\/?p=139366#article","isPartOf":{"@id":"https:\/\/radiotordera.cat\/radio\/?p=139366"},"author":{"name":"Albert Sabater","@id":"https:\/\/radiotordera.cat\/radio\/#\/schema\/person\/6a71581c1b4ac974c7ee50a02953f2f3"},"headline":"USTEC mant\u00e9 la vaga del primer dia de curs i reclama a Educaci\u00f3 que reprengui les negociacions","datePublished":"2026-09-01T07:40:14+00:00","mainEntityOfPage":{"@id":"https:\/\/radiotordera.cat\/radio\/?p=139366"},"wordCount":230,"publisher":{"@id":"https:\/\/radiotordera.cat\/radio\/#organization"},"image":{"@id":"https:\/\/radiotordera.cat\/radio\/?p=139366#primaryimage"},"thumbnailUrl":"https:\/\/i0.wp.com\/radiotordera.cat\/radio\/wp-content\/uploads\/2026\/09\/VAGA.png?fit=276%2C393&ssl=1","keywords":["societat"],"articleSection":["Educaci\u00f3","Noticies"],"inLanguage":"ca"},{"@type":"WebPage","@id":"https:\/\/radiotordera.cat\/radio\/?p=139366","url":"https:\/\/radiotordera.cat\/radio\/?p=139366","name":"USTEC mant\u00e9 la vaga del primer dia de curs i reclama a Educaci\u00f3 que reprengui les negociacions - R\u00e0dio Tordera","isPartOf":{"@id":"https:\/\/radiotordera.cat\/radio\/#website"},"primaryImageOfPage":{"@id":"https:\/\/radiotordera.cat\/radio\/?p=139366#primaryimage"},"image":{"@id":"https:\/\/radiotordera.cat\/radio\/?p=139366#primaryimage"},"thumbnailUrl":"https:\/\/i0.wp.com\/radiotordera.cat\/radio\/wp-content\/uploads\/2026\/09\/VAGA.png?fit=276%2C393&ssl=1","datePublished":"2026-09-01T07:40:14+00:00","breadcrumb":{"@id":"https:\/\/radiotordera.cat\/radio\/?p=139366#breadcrumb"},"inLanguage":"ca","potentialAction":[{"@type":"ReadAction","target":["https:\/\/radiotordera.cat\/radio\/?p=139366"]}]},{"@type":"ImageObject","inLanguage":"ca","@id":"https:\/\/radiotordera.cat\/radio\/?p=139366#primaryimage","url":"https:\/\/i0.wp.com\/radiotordera.cat\/radio\/wp-content\/uploads\/2026\/09\/VAGA.png?fit=276%2C393&ssl=1","contentUrl":"https:\/\/i0.wp.com\/radiotordera.cat\/radio\/wp-content\/uploads\/2026\/09\/VAGA.png?fit=276%2C393&ssl=1","width":276,"height":393},{"@type":"BreadcrumbList","@id":"https:\/\/radiotordera.cat\/radio\/?p=139366#breadcrumb","itemListElement":[{"@type":"ListItem","position":1,"name":"Inici","item":"https:\/\/radiotordera.cat\/radio\/"},{"@type":"ListItem","position":2,"name":"USTEC mant\u00e9 la vaga del primer dia de curs i reclama a Educaci\u00f3 que reprengui les negociacions"}]},{"@type":"WebSite","@id":"https:\/\/radiotordera.cat\/radio\/#website","url":"https:\/\/radiotordera.cat\/radio\/","name":"R\u00e0dio Tordera","description":"R\u00e0dio Tordera Online","publisher":{"@id":"https:\/\/radiotordera.cat\/radio\/#organization"},"potentialAction":[{"@type":"SearchAction","target":{"@type":"EntryPoint","urlTemplate":"https:\/\/radiotordera.cat\/radio\/?s={search_term_string}"},"query-input":{"@type":"PropertyValueSpecification","valueRequired":true,"valueName":"search_term_string"}}],"inLanguage":"ca"},{"@type":"Organization","@id":"https:\/\/radiotordera.cat\/radio\/#organization","name":"R\u00e0dio Tordera","url":"https:\/\/radiotordera.cat\/radio\/","logo":{"@type":"ImageObject","inLanguage":"ca","@id":"https:\/\/radiotordera.cat\/radio\/#\/schema\/logo\/image\/","url":"https:\/\/i0.wp.com\/radiotordera.cat\/radio\/wp-content\/uploads\/2016\/11\/logo-vermell.jpg?fit=567%2C613&ssl=1","contentUrl":"https:\/\/i0.wp.com\/radiotordera.cat\/radio\/wp-content\/uploads\/2016\/11\/logo-vermell.jpg?fit=567%2C613&ssl=1","width":567,"height":613,"caption":"R\u00e0dio Tordera"},"image":{"@id":"https:\/\/radiotordera.cat\/radio\/#\/schema\/logo\/image\/"}},{"@type":"Person","@id":"https:\/\/radiotordera.cat\/radio\/#\/schema\/person\/6a71581c1b4ac974c7ee50a02953f2f3","name":"Albert Sabater","sameAs":["http:\/\/radiotordera.cat"],"url":"https:\/\/radiotordera.cat\/radio\/?author=6"}]}},"jetpack_featured_media_url":"https:\/\/i0.wp.com\/radiotordera.cat\/radio\/wp-content\/uploads\/2026\/09\/VAGA.png?fit=276%2C393&ssl=1","jetpack_sharing_enabled":true,"_links":{"self":[{"href":"https:\/\/radiotordera.cat\/radio\/index.php?rest_route=\/wp\/v2\/posts\/139366","targetHints":{"allow":["GET"]}}],"collection":[{"href":"https:\/\/radiotordera.cat\/radio\/index.php?rest_route=\/wp\/v2\/posts"}],"about":[{"href":"https:\/\/radiotordera.cat\/radio\/index.php?rest_route=\/wp\/v2\/types\/post"}],"author":[{"embeddable":true,"href":"https:\/\/radiotordera.cat\/radio\/index.php?rest_route=\/wp\/v2\/users\/6"}],"replies":[{"embeddable":true,"href":"https:\/\/radiotordera.cat\/radio\/index.php?rest_route=%2Fwp%2Fv2%2Fcomments&post=139366"}],"version-history":[{"count":1,"href":"https:\/\/radiotordera.cat\/radio\/index.php?rest_route=\/wp\/v2\/posts\/139366\/revisions"}],"predecessor-version":[{"id":139368,"href":"https:\/\/radiotordera.cat\/radio\/index.php?rest_route=\/wp\/v2\/posts\/139366\/revisions\/139368"}],"wp:featuredmedia":[{"embeddable":true,"href":"https:\/\/radiotordera.cat\/radio\/index.php?rest_route=\/wp\/v2\/media\/139363"}],"wp:attachment":[{"href":"https:\/\/radiotordera.cat\/radio\/index.php?rest_route=%2Fwp%2Fv2%2Fmedia&parent=139366"}],"wp:term":[{"taxonomy":"category","embeddable":true,"href":"https:\/\/radiotordera.cat\/radio\/index.php?rest_route=%2Fwp%2Fv2%2Fcategories&post=139366"},{"taxonomy":"post_tag","embeddable":true,"href":"https:\/\/radiotordera.cat\/radio\/index.php?rest_route=%2Fwp%2Fv2%2Ftags&post=139366"}],"curies":[{"name":"wp","href":"https:\/\/api.w.org\/{rel}","templated":true}]}}