{"id":139356,"date":"2026-09-01T09:22:35","date_gmt":"2026-09-01T07:22:35","guid":{"rendered":"https:\/\/radiotordera.cat\/radio\/?p=139356"},"modified":"2026-09-01T09:22:37","modified_gmt":"2026-09-01T07:22:37","slug":"el-cf-tordera-ja-te-rival-per-a-la-segona-eliminatoria-de-la-copa-catalunya","status":"publish","type":"post","link":"https:\/\/radiotordera.cat\/radio\/?p=139356","title":{"rendered":"El CF Tordera ja t\u00e9 rival per a la segona eliminat\u00f2ria de la Copa Catalunya"},"content":{"rendered":"\n<h1 class=\"wp-block-heading\"><em>El conjunt torderenc es veur\u00e0 les cares amb la UE La Jonquera en un duel de Tercera Catalana que encara no t\u00e9 data ni hora confirmades.<\/em><\/h1>\n\n\n\n<p class=\"wp-block-paragraph\">El CF Tordera continua endavant en el seu cam\u00ed a la Copa Catalunya i ja coneix el seu proper obstacle. Tal com ha anunciat la UE La Jonquera a les seves xarxes socials, l&#8217;equip empordan\u00e8s ser\u00e0 el rival dels torderencs en la segona eliminat\u00f2ria d&#8217;aquesta competici\u00f3.<\/p>\n\n\n\n<p class=\"wp-block-paragraph\">Aquest enfrontament de Tercera Catalana promet ser un duel intens i de m\u00e0xima exig\u00e8ncia per als nostres. Ara per ara, la data i l&#8217;horari del partit estan pendents de confirmaci\u00f3 oficial per part de tots dos clubs i de la Federaci\u00f3.<\/p>\n\n\n\n<p class=\"wp-block-paragraph\"><\/p>\n","protected":false},"excerpt":{"rendered":"<p>El conjunt torderenc es veur\u00e0 les cares amb la UE La Jonquera en un duel de Tercera Catalana que encara no t\u00e9 data ni hora confirmades. El CF Tordera continua endavant en el seu cam\u00ed a la Copa Catalunya i ja coneix el seu proper obstacle. Tal com ha anunciat la UE La Jonquera a [&hellip;]<\/p>\n","protected":false},"author":6,"featured_media":139357,"comment_status":"closed","ping_status":"open","sticky":false,"template":"","format":"standard","meta":{"_jetpack_newsletter_access":"","_jetpack_dont_email_post_to_subs":false,"_jetpack_newsletter_tier_id":0,"_jetpack_memberships_contains_paywalled_content":false,"_jetpack_memberships_contains_paid_content":false,"footnotes":"","jetpack_post_was_ever_published":false},"categories":[40,5],"tags":[163],"class_list":["post-139356","post","type-post","status-publish","format-standard","has-post-thumbnail","category-esports","category-noticies-2","tag-esports"],"yoast_head":"<!-- This site is optimized with the Yoast SEO plugin v28.2 - https:\/\/yoast.com\/product\/yoast-seo-wordpress\/ -->\n<title>El CF Tordera ja t\u00e9 rival per a la segona eliminat\u00f2ria de la Copa Catalunya - R\u00e0dio Tordera<\/title>\n<meta name=\"robots\" content=\"index, follow, max-snippet:-1, max-image-preview:large, max-video-preview:-1\" \/>\n<link rel=\"canonical\" href=\"https:\/\/radiotordera.cat\/radio\/?p=139356\" \/>\n<meta property=\"og:locale\" content=\"ca_ES\" \/>\n<meta property=\"og:type\" content=\"article\" \/>\n<meta property=\"og:title\" content=\"El CF Tordera ja t\u00e9 rival per a la segona eliminat\u00f2ria de la Copa Catalunya - R\u00e0dio Tordera\" \/>\n<meta property=\"og:description\" content=\"El conjunt torderenc es veur\u00e0 les cares amb la UE La Jonquera en un duel de Tercera Catalana que encara no t\u00e9 data ni hora confirmades. El CF Tordera continua endavant en el seu cam\u00ed a la Copa Catalunya i ja coneix el seu proper obstacle. Tal com ha anunciat la UE La Jonquera a [&hellip;]\" \/>\n<meta property=\"og:url\" content=\"https:\/\/radiotordera.cat\/radio\/?p=139356\" \/>\n<meta property=\"og:site_name\" content=\"R\u00e0dio Tordera\" \/>\n<meta property=\"article:published_time\" content=\"2026-09-01T07:22:35+00:00\" \/>\n<meta property=\"article:modified_time\" content=\"2026-09-01T07:22:37+00:00\" \/>\n<meta property=\"og:image\" content=\"https:\/\/radiotordera.cat\/radio\/wp-content\/uploads\/2026\/09\/Captura-de-pantalla-2026-09-01-091952.png\" \/>\n\t<meta property=\"og:image:width\" content=\"476\" \/>\n\t<meta property=\"og:image:height\" content=\"594\" \/>\n\t<meta property=\"og:image:type\" content=\"image\/png\" \/>\n<meta name=\"author\" content=\"Albert Sabater\" \/>\n<meta name=\"twitter:card\" content=\"summary_large_image\" \/>\n<meta name=\"twitter:label1\" content=\"Escrit per\" \/>\n\t<meta name=\"twitter:data1\" content=\"Albert Sabater\" \/>\n\t<meta name=\"twitter:label2\" content=\"Temps estimat de lectura\" \/>\n\t<meta name=\"twitter:data2\" content=\"1 minut\" \/>\n<script type=\"application\/ld+json\" class=\"yoast-schema-graph\">{\"@context\":\"https:\\\/\\\/schema.org\",\"@graph\":[{\"@type\":\"Article\",\"@id\":\"https:\\\/\\\/radiotordera.cat\\\/radio\\\/?p=139356#article\",\"isPartOf\":{\"@id\":\"https:\\\/\\\/radiotordera.cat\\\/radio\\\/?p=139356\"},\"author\":{\"name\":\"Albert Sabater\",\"@id\":\"https:\\\/\\\/radiotordera.cat\\\/radio\\\/#\\\/schema\\\/person\\\/6a71581c1b4ac974c7ee50a02953f2f3\"},\"headline\":\"El CF Tordera ja t\u00e9 rival per a la segona eliminat\u00f2ria de la Copa Catalunya\",\"datePublished\":\"2026-09-01T07:22:35+00:00\",\"dateModified\":\"2026-09-01T07:22:37+00:00\",\"mainEntityOfPage\":{\"@id\":\"https:\\\/\\\/radiotordera.cat\\\/radio\\\/?p=139356\"},\"wordCount\":136,\"publisher\":{\"@id\":\"https:\\\/\\\/radiotordera.cat\\\/radio\\\/#organization\"},\"image\":{\"@id\":\"https:\\\/\\\/radiotordera.cat\\\/radio\\\/?p=139356#primaryimage\"},\"thumbnailUrl\":\"https:\\\/\\\/i0.wp.com\\\/radiotordera.cat\\\/radio\\\/wp-content\\\/uploads\\\/2026\\\/09\\\/Captura-de-pantalla-2026-09-01-091952.png?fit=476%2C594&ssl=1\",\"keywords\":[\"esports\"],\"articleSection\":[\"Esports\",\"Noticies\"],\"inLanguage\":\"ca\"},{\"@type\":\"WebPage\",\"@id\":\"https:\\\/\\\/radiotordera.cat\\\/radio\\\/?p=139356\",\"url\":\"https:\\\/\\\/radiotordera.cat\\\/radio\\\/?p=139356\",\"name\":\"El CF Tordera ja t\u00e9 rival per a la segona eliminat\u00f2ria de la Copa Catalunya - R\u00e0dio Tordera\",\"isPartOf\":{\"@id\":\"https:\\\/\\\/radiotordera.cat\\\/radio\\\/#website\"},\"primaryImageOfPage\":{\"@id\":\"https:\\\/\\\/radiotordera.cat\\\/radio\\\/?p=139356#primaryimage\"},\"image\":{\"@id\":\"https:\\\/\\\/radiotordera.cat\\\/radio\\\/?p=139356#primaryimage\"},\"thumbnailUrl\":\"https:\\\/\\\/i0.wp.com\\\/radiotordera.cat\\\/radio\\\/wp-content\\\/uploads\\\/2026\\\/09\\\/Captura-de-pantalla-2026-09-01-091952.png?fit=476%2C594&ssl=1\",\"datePublished\":\"2026-09-01T07:22:35+00:00\",\"dateModified\":\"2026-09-01T07:22:37+00:00\",\"breadcrumb\":{\"@id\":\"https:\\\/\\\/radiotordera.cat\\\/radio\\\/?p=139356#breadcrumb\"},\"inLanguage\":\"ca\",\"potentialAction\":[{\"@type\":\"ReadAction\",\"target\":[\"https:\\\/\\\/radiotordera.cat\\\/radio\\\/?p=139356\"]}]},{\"@type\":\"ImageObject\",\"inLanguage\":\"ca\",\"@id\":\"https:\\\/\\\/radiotordera.cat\\\/radio\\\/?p=139356#primaryimage\",\"url\":\"https:\\\/\\\/i0.wp.com\\\/radiotordera.cat\\\/radio\\\/wp-content\\\/uploads\\\/2026\\\/09\\\/Captura-de-pantalla-2026-09-01-091952.png?fit=476%2C594&ssl=1\",\"contentUrl\":\"https:\\\/\\\/i0.wp.com\\\/radiotordera.cat\\\/radio\\\/wp-content\\\/uploads\\\/2026\\\/09\\\/Captura-de-pantalla-2026-09-01-091952.png?fit=476%2C594&ssl=1\",\"width\":476,\"height\":594},{\"@type\":\"BreadcrumbList\",\"@id\":\"https:\\\/\\\/radiotordera.cat\\\/radio\\\/?p=139356#breadcrumb\",\"itemListElement\":[{\"@type\":\"ListItem\",\"position\":1,\"name\":\"Inici\",\"item\":\"https:\\\/\\\/radiotordera.cat\\\/radio\\\/\"},{\"@type\":\"ListItem\",\"position\":2,\"name\":\"El CF Tordera ja t\u00e9 rival per a la segona eliminat\u00f2ria de la Copa Catalunya\"}]},{\"@type\":\"WebSite\",\"@id\":\"https:\\\/\\\/radiotordera.cat\\\/radio\\\/#website\",\"url\":\"https:\\\/\\\/radiotordera.cat\\\/radio\\\/\",\"name\":\"R\u00e0dio Tordera\",\"description\":\"R\u00e0dio Tordera Online\",\"publisher\":{\"@id\":\"https:\\\/\\\/radiotordera.cat\\\/radio\\\/#organization\"},\"potentialAction\":[{\"@type\":\"SearchAction\",\"target\":{\"@type\":\"EntryPoint\",\"urlTemplate\":\"https:\\\/\\\/radiotordera.cat\\\/radio\\\/?s={search_term_string}\"},\"query-input\":{\"@type\":\"PropertyValueSpecification\",\"valueRequired\":true,\"valueName\":\"search_term_string\"}}],\"inLanguage\":\"ca\"},{\"@type\":\"Organization\",\"@id\":\"https:\\\/\\\/radiotordera.cat\\\/radio\\\/#organization\",\"name\":\"R\u00e0dio Tordera\",\"url\":\"https:\\\/\\\/radiotordera.cat\\\/radio\\\/\",\"logo\":{\"@type\":\"ImageObject\",\"inLanguage\":\"ca\",\"@id\":\"https:\\\/\\\/radiotordera.cat\\\/radio\\\/#\\\/schema\\\/logo\\\/image\\\/\",\"url\":\"https:\\\/\\\/i0.wp.com\\\/radiotordera.cat\\\/radio\\\/wp-content\\\/uploads\\\/2016\\\/11\\\/logo-vermell.jpg?fit=567%2C613&ssl=1\",\"contentUrl\":\"https:\\\/\\\/i0.wp.com\\\/radiotordera.cat\\\/radio\\\/wp-content\\\/uploads\\\/2016\\\/11\\\/logo-vermell.jpg?fit=567%2C613&ssl=1\",\"width\":567,\"height\":613,\"caption\":\"R\u00e0dio Tordera\"},\"image\":{\"@id\":\"https:\\\/\\\/radiotordera.cat\\\/radio\\\/#\\\/schema\\\/logo\\\/image\\\/\"}},{\"@type\":\"Person\",\"@id\":\"https:\\\/\\\/radiotordera.cat\\\/radio\\\/#\\\/schema\\\/person\\\/6a71581c1b4ac974c7ee50a02953f2f3\",\"name\":\"Albert Sabater\",\"sameAs\":[\"http:\\\/\\\/radiotordera.cat\"],\"url\":\"https:\\\/\\\/radiotordera.cat\\\/radio\\\/?author=6\"}]}<\/script>\n<!-- \/ Yoast SEO plugin. -->","yoast_head_json":{"title":"El CF Tordera ja t\u00e9 rival per a la segona eliminat\u00f2ria de la Copa Catalunya - R\u00e0dio Tordera","robots":{"index":"index","follow":"follow","max-snippet":"max-snippet:-1","max-image-preview":"max-image-preview:large","max-video-preview":"max-video-preview:-1"},"canonical":"https:\/\/radiotordera.cat\/radio\/?p=139356","og_locale":"ca_ES","og_type":"article","og_title":"El CF Tordera ja t\u00e9 rival per a la segona eliminat\u00f2ria de la Copa Catalunya - R\u00e0dio Tordera","og_description":"El conjunt torderenc es veur\u00e0 les cares amb la UE La Jonquera en un duel de Tercera Catalana que encara no t\u00e9 data ni hora confirmades. El CF Tordera continua endavant en el seu cam\u00ed a la Copa Catalunya i ja coneix el seu proper obstacle. Tal com ha anunciat la UE La Jonquera a [&hellip;]","og_url":"https:\/\/radiotordera.cat\/radio\/?p=139356","og_site_name":"R\u00e0dio Tordera","article_published_time":"2026-09-01T07:22:35+00:00","article_modified_time":"2026-09-01T07:22:37+00:00","og_image":[{"width":476,"height":594,"url":"https:\/\/radiotordera.cat\/radio\/wp-content\/uploads\/2026\/09\/Captura-de-pantalla-2026-09-01-091952.png","type":"image\/png"}],"author":"Albert Sabater","twitter_card":"summary_large_image","twitter_misc":{"Escrit per":"Albert Sabater","Temps estimat de lectura":"1 minut"},"schema":{"@context":"https:\/\/schema.org","@graph":[{"@type":"Article","@id":"https:\/\/radiotordera.cat\/radio\/?p=139356#article","isPartOf":{"@id":"https:\/\/radiotordera.cat\/radio\/?p=139356"},"author":{"name":"Albert Sabater","@id":"https:\/\/radiotordera.cat\/radio\/#\/schema\/person\/6a71581c1b4ac974c7ee50a02953f2f3"},"headline":"El CF Tordera ja t\u00e9 rival per a la segona eliminat\u00f2ria de la Copa Catalunya","datePublished":"2026-09-01T07:22:35+00:00","dateModified":"2026-09-01T07:22:37+00:00","mainEntityOfPage":{"@id":"https:\/\/radiotordera.cat\/radio\/?p=139356"},"wordCount":136,"publisher":{"@id":"https:\/\/radiotordera.cat\/radio\/#organization"},"image":{"@id":"https:\/\/radiotordera.cat\/radio\/?p=139356#primaryimage"},"thumbnailUrl":"https:\/\/i0.wp.com\/radiotordera.cat\/radio\/wp-content\/uploads\/2026\/09\/Captura-de-pantalla-2026-09-01-091952.png?fit=476%2C594&ssl=1","keywords":["esports"],"articleSection":["Esports","Noticies"],"inLanguage":"ca"},{"@type":"WebPage","@id":"https:\/\/radiotordera.cat\/radio\/?p=139356","url":"https:\/\/radiotordera.cat\/radio\/?p=139356","name":"El CF Tordera ja t\u00e9 rival per a la segona eliminat\u00f2ria de la Copa Catalunya - R\u00e0dio Tordera","isPartOf":{"@id":"https:\/\/radiotordera.cat\/radio\/#website"},"primaryImageOfPage":{"@id":"https:\/\/radiotordera.cat\/radio\/?p=139356#primaryimage"},"image":{"@id":"https:\/\/radiotordera.cat\/radio\/?p=139356#primaryimage"},"thumbnailUrl":"https:\/\/i0.wp.com\/radiotordera.cat\/radio\/wp-content\/uploads\/2026\/09\/Captura-de-pantalla-2026-09-01-091952.png?fit=476%2C594&ssl=1","datePublished":"2026-09-01T07:22:35+00:00","dateModified":"2026-09-01T07:22:37+00:00","breadcrumb":{"@id":"https:\/\/radiotordera.cat\/radio\/?p=139356#breadcrumb"},"inLanguage":"ca","potentialAction":[{"@type":"ReadAction","target":["https:\/\/radiotordera.cat\/radio\/?p=139356"]}]},{"@type":"ImageObject","inLanguage":"ca","@id":"https:\/\/radiotordera.cat\/radio\/?p=139356#primaryimage","url":"https:\/\/i0.wp.com\/radiotordera.cat\/radio\/wp-content\/uploads\/2026\/09\/Captura-de-pantalla-2026-09-01-091952.png?fit=476%2C594&ssl=1","contentUrl":"https:\/\/i0.wp.com\/radiotordera.cat\/radio\/wp-content\/uploads\/2026\/09\/Captura-de-pantalla-2026-09-01-091952.png?fit=476%2C594&ssl=1","width":476,"height":594},{"@type":"BreadcrumbList","@id":"https:\/\/radiotordera.cat\/radio\/?p=139356#breadcrumb","itemListElement":[{"@type":"ListItem","position":1,"name":"Inici","item":"https:\/\/radiotordera.cat\/radio\/"},{"@type":"ListItem","position":2,"name":"El CF Tordera ja t\u00e9 rival per a la segona eliminat\u00f2ria de la Copa Catalunya"}]},{"@type":"WebSite","@id":"https:\/\/radiotordera.cat\/radio\/#website","url":"https:\/\/radiotordera.cat\/radio\/","name":"R\u00e0dio Tordera","description":"R\u00e0dio Tordera Online","publisher":{"@id":"https:\/\/radiotordera.cat\/radio\/#organization"},"potentialAction":[{"@type":"SearchAction","target":{"@type":"EntryPoint","urlTemplate":"https:\/\/radiotordera.cat\/radio\/?s={search_term_string}"},"query-input":{"@type":"PropertyValueSpecification","valueRequired":true,"valueName":"search_term_string"}}],"inLanguage":"ca"},{"@type":"Organization","@id":"https:\/\/radiotordera.cat\/radio\/#organization","name":"R\u00e0dio Tordera","url":"https:\/\/radiotordera.cat\/radio\/","logo":{"@type":"ImageObject","inLanguage":"ca","@id":"https:\/\/radiotordera.cat\/radio\/#\/schema\/logo\/image\/","url":"https:\/\/i0.wp.com\/radiotordera.cat\/radio\/wp-content\/uploads\/2016\/11\/logo-vermell.jpg?fit=567%2C613&ssl=1","contentUrl":"https:\/\/i0.wp.com\/radiotordera.cat\/radio\/wp-content\/uploads\/2016\/11\/logo-vermell.jpg?fit=567%2C613&ssl=1","width":567,"height":613,"caption":"R\u00e0dio Tordera"},"image":{"@id":"https:\/\/radiotordera.cat\/radio\/#\/schema\/logo\/image\/"}},{"@type":"Person","@id":"https:\/\/radiotordera.cat\/radio\/#\/schema\/person\/6a71581c1b4ac974c7ee50a02953f2f3","name":"Albert Sabater","sameAs":["http:\/\/radiotordera.cat"],"url":"https:\/\/radiotordera.cat\/radio\/?author=6"}]}},"jetpack_featured_media_url":"https:\/\/i0.wp.com\/radiotordera.cat\/radio\/wp-content\/uploads\/2026\/09\/Captura-de-pantalla-2026-09-01-091952.png?fit=476%2C594&ssl=1","jetpack_sharing_enabled":true,"_links":{"self":[{"href":"https:\/\/radiotordera.cat\/radio\/index.php?rest_route=\/wp\/v2\/posts\/139356","targetHints":{"allow":["GET"]}}],"collection":[{"href":"https:\/\/radiotordera.cat\/radio\/index.php?rest_route=\/wp\/v2\/posts"}],"about":[{"href":"https:\/\/radiotordera.cat\/radio\/index.php?rest_route=\/wp\/v2\/types\/post"}],"author":[{"embeddable":true,"href":"https:\/\/radiotordera.cat\/radio\/index.php?rest_route=\/wp\/v2\/users\/6"}],"replies":[{"embeddable":true,"href":"https:\/\/radiotordera.cat\/radio\/index.php?rest_route=%2Fwp%2Fv2%2Fcomments&post=139356"}],"version-history":[{"count":1,"href":"https:\/\/radiotordera.cat\/radio\/index.php?rest_route=\/wp\/v2\/posts\/139356\/revisions"}],"predecessor-version":[{"id":139358,"href":"https:\/\/radiotordera.cat\/radio\/index.php?rest_route=\/wp\/v2\/posts\/139356\/revisions\/139358"}],"wp:featuredmedia":[{"embeddable":true,"href":"https:\/\/radiotordera.cat\/radio\/index.php?rest_route=\/wp\/v2\/media\/139357"}],"wp:attachment":[{"href":"https:\/\/radiotordera.cat\/radio\/index.php?rest_route=%2Fwp%2Fv2%2Fmedia&parent=139356"}],"wp:term":[{"taxonomy":"category","embeddable":true,"href":"https:\/\/radiotordera.cat\/radio\/index.php?rest_route=%2Fwp%2Fv2%2Fcategories&post=139356"},{"taxonomy":"post_tag","embeddable":true,"href":"https:\/\/radiotordera.cat\/radio\/index.php?rest_route=%2Fwp%2Fv2%2Ftags&post=139356"}],"curies":[{"name":"wp","href":"https:\/\/api.w.org\/{rel}","templated":true}]}}