{"id":139340,"date":"2026-08-31T10:06:58","date_gmt":"2026-08-31T08:06:58","guid":{"rendered":"https:\/\/radiotordera.cat\/radio\/?p=139340"},"modified":"2026-08-31T11:11:17","modified_gmt":"2026-08-31T09:11:17","slug":"alcoholics-anonims-reforca-la-seva-xarxa-de-suport-al-maresme-i-la-selva","status":"publish","type":"post","link":"https:\/\/radiotordera.cat\/radio\/?p=139340","title":{"rendered":"Alcoh\u00f2lics An\u00f2nims refor\u00e7a la seva xarxa de suport al Maresme i la Selva"},"content":{"rendered":"\n<h1 class=\"wp-block-heading\"><em>Membres de l&#8217;associaci\u00f3 expliquen el funcionament de les sessions de recuperaci\u00f3 per trencar els estigmes que envolten la malaltia<\/em><\/h1>\n\n\n\n<p class=\"wp-block-paragraph\">L&#8217;alcoholisme \u00e9s una malaltia d&#8217;addicci\u00f3 que afecta moltes persones i fam\u00edlies, a vegades en silenci a causa dels prejudicis socials. Per combatre aquesta realitat i oferir un espai segur de recuperaci\u00f3, l&#8217;associaci\u00f3 Alcoh\u00f2lics An\u00f2nims mant\u00e9 una extensa xarxa de grups de suport mutu actius a escala internacional.<\/p>\n\n\n\n<p class=\"wp-block-paragraph\">A les comarques del Maresme i la Selva, existeixen punts de trobada a Blanes, Pineda de Mar, Arenys de Mar o Matar\u00f3, entre d&#8217;altres municipis. Les reunions d&#8217;aquesta entitat es basen en el respecte, l\u2019anonimat i el compartiment d&#8217;experi\u00e8ncies entre iguals, sense jutjar a ning\u00fa, ni fer pagar quotes d&#8217;inscripci\u00f3.<\/p>\n\n\n\n<p class=\"wp-block-paragraph\">L&#8217;objectiu principal \u00e9s ajudar els assistents a mantenir la sobrietat i donar suport a qualsevol persona que vulgui deixar de beure. En James, membre de l&#8217;organitzaci\u00f3, detalla com s&#8217;estructuren les sessions de grup i com s&#8217;acull a les persones que hi arriben per primera vegada.<\/p>\n\n\n\n<figure class=\"wp-block-audio\"><audio controls src=\"https:\/\/radiotordera.cat\/radio\/wp-content\/uploads\/2026\/08\/alcoholics-anonims-1.mp3\"><\/audio><\/figure>\n\n\n\n<p class=\"wp-block-paragraph\"><strong>\u201cSi la persona vol l\u2019ajuda, l\u2019ajudem, sin\u00f3 no la podem obligar\u201d<\/strong><\/p>\n\n\n\n<p class=\"wp-block-paragraph\">M\u00e9s enll\u00e0 de la metodologia i del programa de recuperaci\u00f3, el pilar fonamental d&#8217;Alcoh\u00f2lics An\u00f2nims \u00e9s la viv\u00e8ncia en primera persona. Despr\u00e9s de superar la malaltia, l&#8217;Alonso comparteix el seu cas particular per demostrar que la rehabilitaci\u00f3 \u00e9s possible amb l&#8217;ajuda adequada.<\/p>\n\n\n\n<figure class=\"wp-block-audio\"><audio controls src=\"https:\/\/radiotordera.cat\/radio\/wp-content\/uploads\/2026\/08\/alcoholics-anonims-2.mp3\"><\/audio><\/figure>\n\n\n\n<p class=\"wp-block-paragraph\"><strong> \u201cAmb dues o tres reunions, t\u2019adones del que \u00e9s\u201d<\/strong><\/p>\n\n\n\n<p class=\"wp-block-paragraph\">Des de l&#8217;associaci\u00f3 recorden que l&#8217;alcoholisme no ent\u00e9n d&#8217;edats, g\u00e8neres ni classes socials, i fan una crida a totes les persones o familiars que necessitin informaci\u00f3, a apropar-se a qualsevol dels grups locals repartits pel territori.<\/p>\n\n\n\n<figure class=\"wp-block-embed is-type-video is-provider-youtube wp-block-embed-youtube wp-embed-aspect-16-9 wp-has-aspect-ratio\"><div class=\"wp-block-embed__wrapper\">\n<iframe loading=\"lazy\" title=\"La Teranyina   Alcoh\u00f2lics An\u00f2nims 31 08 2026 mp3\" width=\"696\" height=\"392\" src=\"https:\/\/www.youtube.com\/embed\/ZFc5KqHA_S8?feature=oembed\" frameborder=\"0\" allow=\"accelerometer; autoplay; clipboard-write; encrypted-media; gyroscope; picture-in-picture; web-share\" referrerpolicy=\"strict-origin-when-cross-origin\" allowfullscreen><\/iframe>\n<\/div><\/figure>\n","protected":false},"excerpt":{"rendered":"<p>Membres de l&#8217;associaci\u00f3 expliquen el funcionament de les sessions de recuperaci\u00f3 per trencar els estigmes que envolten la malaltia L&#8217;alcoholisme \u00e9s una malaltia d&#8217;addicci\u00f3 que afecta moltes persones i fam\u00edlies, a vegades en silenci a causa dels prejudicis socials. Per combatre aquesta realitat i oferir un espai segur de recuperaci\u00f3, l&#8217;associaci\u00f3 Alcoh\u00f2lics An\u00f2nims mant\u00e9 una [&hellip;]<\/p>\n","protected":false},"author":6,"featured_media":139343,"comment_status":"closed","ping_status":"open","sticky":false,"template":"","format":"standard","meta":{"_jetpack_newsletter_access":"","_jetpack_dont_email_post_to_subs":false,"_jetpack_newsletter_tier_id":0,"_jetpack_memberships_contains_paywalled_content":false,"_jetpack_memberships_contains_paid_content":false,"footnotes":"","jetpack_post_was_ever_published":false},"categories":[39,5],"tags":[181],"class_list":["post-139340","post","type-post","status-publish","format-standard","has-post-thumbnail","category-entitats","category-noticies-2","tag-societat"],"yoast_head":"<!-- This site is optimized with the Yoast SEO plugin v28.2 - https:\/\/yoast.com\/product\/yoast-seo-wordpress\/ -->\n<title>Alcoh\u00f2lics An\u00f2nims refor\u00e7a la seva xarxa de suport al Maresme i la Selva - R\u00e0dio Tordera<\/title>\n<meta name=\"robots\" content=\"index, follow, max-snippet:-1, max-image-preview:large, max-video-preview:-1\" \/>\n<link rel=\"canonical\" href=\"https:\/\/radiotordera.cat\/radio\/?p=139340\" \/>\n<meta property=\"og:locale\" content=\"ca_ES\" \/>\n<meta property=\"og:type\" content=\"article\" \/>\n<meta property=\"og:title\" content=\"Alcoh\u00f2lics An\u00f2nims refor\u00e7a la seva xarxa de suport al Maresme i la Selva - R\u00e0dio Tordera\" \/>\n<meta property=\"og:description\" content=\"Membres de l&#8217;associaci\u00f3 expliquen el funcionament de les sessions de recuperaci\u00f3 per trencar els estigmes que envolten la malaltia L&#8217;alcoholisme \u00e9s una malaltia d&#8217;addicci\u00f3 que afecta moltes persones i fam\u00edlies, a vegades en silenci a causa dels prejudicis socials. Per combatre aquesta realitat i oferir un espai segur de recuperaci\u00f3, l&#8217;associaci\u00f3 Alcoh\u00f2lics An\u00f2nims mant\u00e9 una [&hellip;]\" \/>\n<meta property=\"og:url\" content=\"https:\/\/radiotordera.cat\/radio\/?p=139340\" \/>\n<meta property=\"og:site_name\" content=\"R\u00e0dio Tordera\" \/>\n<meta property=\"article:published_time\" content=\"2026-08-31T08:06:58+00:00\" \/>\n<meta property=\"article:modified_time\" content=\"2026-08-31T09:11:17+00:00\" \/>\n<meta property=\"og:image\" content=\"https:\/\/radiotordera.cat\/radio\/wp-content\/uploads\/2026\/08\/Captura-de-pantalla-2026-08-31-100606.png\" \/>\n\t<meta property=\"og:image:width\" content=\"243\" \/>\n\t<meta property=\"og:image:height\" content=\"249\" \/>\n\t<meta property=\"og:image:type\" content=\"image\/png\" \/>\n<meta name=\"author\" content=\"Albert Sabater\" \/>\n<meta name=\"twitter:card\" content=\"summary_large_image\" \/>\n<meta name=\"twitter:label1\" content=\"Escrit per\" \/>\n\t<meta name=\"twitter:data1\" content=\"Albert Sabater\" \/>\n\t<meta name=\"twitter:label2\" content=\"Temps estimat de lectura\" \/>\n\t<meta name=\"twitter:data2\" content=\"2 minuts\" \/>\n<script type=\"application\/ld+json\" class=\"yoast-schema-graph\">{\"@context\":\"https:\\\/\\\/schema.org\",\"@graph\":[{\"@type\":\"Article\",\"@id\":\"https:\\\/\\\/radiotordera.cat\\\/radio\\\/?p=139340#article\",\"isPartOf\":{\"@id\":\"https:\\\/\\\/radiotordera.cat\\\/radio\\\/?p=139340\"},\"author\":{\"name\":\"Albert Sabater\",\"@id\":\"https:\\\/\\\/radiotordera.cat\\\/radio\\\/#\\\/schema\\\/person\\\/6a71581c1b4ac974c7ee50a02953f2f3\"},\"headline\":\"Alcoh\u00f2lics An\u00f2nims refor\u00e7a la seva xarxa de suport al Maresme i la Selva\",\"datePublished\":\"2026-08-31T08:06:58+00:00\",\"dateModified\":\"2026-08-31T09:11:17+00:00\",\"mainEntityOfPage\":{\"@id\":\"https:\\\/\\\/radiotordera.cat\\\/radio\\\/?p=139340\"},\"wordCount\":319,\"publisher\":{\"@id\":\"https:\\\/\\\/radiotordera.cat\\\/radio\\\/#organization\"},\"image\":{\"@id\":\"https:\\\/\\\/radiotordera.cat\\\/radio\\\/?p=139340#primaryimage\"},\"thumbnailUrl\":\"https:\\\/\\\/i0.wp.com\\\/radiotordera.cat\\\/radio\\\/wp-content\\\/uploads\\\/2026\\\/08\\\/Captura-de-pantalla-2026-08-31-100606.png?fit=243%2C249&ssl=1\",\"keywords\":[\"societat\"],\"articleSection\":[\"Entitats\",\"Noticies\"],\"inLanguage\":\"ca\"},{\"@type\":\"WebPage\",\"@id\":\"https:\\\/\\\/radiotordera.cat\\\/radio\\\/?p=139340\",\"url\":\"https:\\\/\\\/radiotordera.cat\\\/radio\\\/?p=139340\",\"name\":\"Alcoh\u00f2lics An\u00f2nims refor\u00e7a la seva xarxa de suport al Maresme i la Selva - R\u00e0dio Tordera\",\"isPartOf\":{\"@id\":\"https:\\\/\\\/radiotordera.cat\\\/radio\\\/#website\"},\"primaryImageOfPage\":{\"@id\":\"https:\\\/\\\/radiotordera.cat\\\/radio\\\/?p=139340#primaryimage\"},\"image\":{\"@id\":\"https:\\\/\\\/radiotordera.cat\\\/radio\\\/?p=139340#primaryimage\"},\"thumbnailUrl\":\"https:\\\/\\\/i0.wp.com\\\/radiotordera.cat\\\/radio\\\/wp-content\\\/uploads\\\/2026\\\/08\\\/Captura-de-pantalla-2026-08-31-100606.png?fit=243%2C249&ssl=1\",\"datePublished\":\"2026-08-31T08:06:58+00:00\",\"dateModified\":\"2026-08-31T09:11:17+00:00\",\"breadcrumb\":{\"@id\":\"https:\\\/\\\/radiotordera.cat\\\/radio\\\/?p=139340#breadcrumb\"},\"inLanguage\":\"ca\",\"potentialAction\":[{\"@type\":\"ReadAction\",\"target\":[\"https:\\\/\\\/radiotordera.cat\\\/radio\\\/?p=139340\"]}]},{\"@type\":\"ImageObject\",\"inLanguage\":\"ca\",\"@id\":\"https:\\\/\\\/radiotordera.cat\\\/radio\\\/?p=139340#primaryimage\",\"url\":\"https:\\\/\\\/i0.wp.com\\\/radiotordera.cat\\\/radio\\\/wp-content\\\/uploads\\\/2026\\\/08\\\/Captura-de-pantalla-2026-08-31-100606.png?fit=243%2C249&ssl=1\",\"contentUrl\":\"https:\\\/\\\/i0.wp.com\\\/radiotordera.cat\\\/radio\\\/wp-content\\\/uploads\\\/2026\\\/08\\\/Captura-de-pantalla-2026-08-31-100606.png?fit=243%2C249&ssl=1\",\"width\":243,\"height\":249},{\"@type\":\"BreadcrumbList\",\"@id\":\"https:\\\/\\\/radiotordera.cat\\\/radio\\\/?p=139340#breadcrumb\",\"itemListElement\":[{\"@type\":\"ListItem\",\"position\":1,\"name\":\"Inici\",\"item\":\"https:\\\/\\\/radiotordera.cat\\\/radio\\\/\"},{\"@type\":\"ListItem\",\"position\":2,\"name\":\"Alcoh\u00f2lics An\u00f2nims refor\u00e7a la seva xarxa de suport al Maresme i la Selva\"}]},{\"@type\":\"WebSite\",\"@id\":\"https:\\\/\\\/radiotordera.cat\\\/radio\\\/#website\",\"url\":\"https:\\\/\\\/radiotordera.cat\\\/radio\\\/\",\"name\":\"R\u00e0dio Tordera\",\"description\":\"R\u00e0dio Tordera Online\",\"publisher\":{\"@id\":\"https:\\\/\\\/radiotordera.cat\\\/radio\\\/#organization\"},\"potentialAction\":[{\"@type\":\"SearchAction\",\"target\":{\"@type\":\"EntryPoint\",\"urlTemplate\":\"https:\\\/\\\/radiotordera.cat\\\/radio\\\/?s={search_term_string}\"},\"query-input\":{\"@type\":\"PropertyValueSpecification\",\"valueRequired\":true,\"valueName\":\"search_term_string\"}}],\"inLanguage\":\"ca\"},{\"@type\":\"Organization\",\"@id\":\"https:\\\/\\\/radiotordera.cat\\\/radio\\\/#organization\",\"name\":\"R\u00e0dio Tordera\",\"url\":\"https:\\\/\\\/radiotordera.cat\\\/radio\\\/\",\"logo\":{\"@type\":\"ImageObject\",\"inLanguage\":\"ca\",\"@id\":\"https:\\\/\\\/radiotordera.cat\\\/radio\\\/#\\\/schema\\\/logo\\\/image\\\/\",\"url\":\"https:\\\/\\\/i0.wp.com\\\/radiotordera.cat\\\/radio\\\/wp-content\\\/uploads\\\/2016\\\/11\\\/logo-vermell.jpg?fit=567%2C613&ssl=1\",\"contentUrl\":\"https:\\\/\\\/i0.wp.com\\\/radiotordera.cat\\\/radio\\\/wp-content\\\/uploads\\\/2016\\\/11\\\/logo-vermell.jpg?fit=567%2C613&ssl=1\",\"width\":567,\"height\":613,\"caption\":\"R\u00e0dio Tordera\"},\"image\":{\"@id\":\"https:\\\/\\\/radiotordera.cat\\\/radio\\\/#\\\/schema\\\/logo\\\/image\\\/\"}},{\"@type\":\"Person\",\"@id\":\"https:\\\/\\\/radiotordera.cat\\\/radio\\\/#\\\/schema\\\/person\\\/6a71581c1b4ac974c7ee50a02953f2f3\",\"name\":\"Albert Sabater\",\"sameAs\":[\"http:\\\/\\\/radiotordera.cat\"],\"url\":\"https:\\\/\\\/radiotordera.cat\\\/radio\\\/?author=6\"}]}<\/script>\n<!-- \/ Yoast SEO plugin. -->","yoast_head_json":{"title":"Alcoh\u00f2lics An\u00f2nims refor\u00e7a la seva xarxa de suport al Maresme i la Selva - R\u00e0dio Tordera","robots":{"index":"index","follow":"follow","max-snippet":"max-snippet:-1","max-image-preview":"max-image-preview:large","max-video-preview":"max-video-preview:-1"},"canonical":"https:\/\/radiotordera.cat\/radio\/?p=139340","og_locale":"ca_ES","og_type":"article","og_title":"Alcoh\u00f2lics An\u00f2nims refor\u00e7a la seva xarxa de suport al Maresme i la Selva - R\u00e0dio Tordera","og_description":"Membres de l&#8217;associaci\u00f3 expliquen el funcionament de les sessions de recuperaci\u00f3 per trencar els estigmes que envolten la malaltia L&#8217;alcoholisme \u00e9s una malaltia d&#8217;addicci\u00f3 que afecta moltes persones i fam\u00edlies, a vegades en silenci a causa dels prejudicis socials. Per combatre aquesta realitat i oferir un espai segur de recuperaci\u00f3, l&#8217;associaci\u00f3 Alcoh\u00f2lics An\u00f2nims mant\u00e9 una [&hellip;]","og_url":"https:\/\/radiotordera.cat\/radio\/?p=139340","og_site_name":"R\u00e0dio Tordera","article_published_time":"2026-08-31T08:06:58+00:00","article_modified_time":"2026-08-31T09:11:17+00:00","og_image":[{"width":243,"height":249,"url":"https:\/\/radiotordera.cat\/radio\/wp-content\/uploads\/2026\/08\/Captura-de-pantalla-2026-08-31-100606.png","type":"image\/png"}],"author":"Albert Sabater","twitter_card":"summary_large_image","twitter_misc":{"Escrit per":"Albert Sabater","Temps estimat de lectura":"2 minuts"},"schema":{"@context":"https:\/\/schema.org","@graph":[{"@type":"Article","@id":"https:\/\/radiotordera.cat\/radio\/?p=139340#article","isPartOf":{"@id":"https:\/\/radiotordera.cat\/radio\/?p=139340"},"author":{"name":"Albert Sabater","@id":"https:\/\/radiotordera.cat\/radio\/#\/schema\/person\/6a71581c1b4ac974c7ee50a02953f2f3"},"headline":"Alcoh\u00f2lics An\u00f2nims refor\u00e7a la seva xarxa de suport al Maresme i la Selva","datePublished":"2026-08-31T08:06:58+00:00","dateModified":"2026-08-31T09:11:17+00:00","mainEntityOfPage":{"@id":"https:\/\/radiotordera.cat\/radio\/?p=139340"},"wordCount":319,"publisher":{"@id":"https:\/\/radiotordera.cat\/radio\/#organization"},"image":{"@id":"https:\/\/radiotordera.cat\/radio\/?p=139340#primaryimage"},"thumbnailUrl":"https:\/\/i0.wp.com\/radiotordera.cat\/radio\/wp-content\/uploads\/2026\/08\/Captura-de-pantalla-2026-08-31-100606.png?fit=243%2C249&ssl=1","keywords":["societat"],"articleSection":["Entitats","Noticies"],"inLanguage":"ca"},{"@type":"WebPage","@id":"https:\/\/radiotordera.cat\/radio\/?p=139340","url":"https:\/\/radiotordera.cat\/radio\/?p=139340","name":"Alcoh\u00f2lics An\u00f2nims refor\u00e7a la seva xarxa de suport al Maresme i la Selva - R\u00e0dio Tordera","isPartOf":{"@id":"https:\/\/radiotordera.cat\/radio\/#website"},"primaryImageOfPage":{"@id":"https:\/\/radiotordera.cat\/radio\/?p=139340#primaryimage"},"image":{"@id":"https:\/\/radiotordera.cat\/radio\/?p=139340#primaryimage"},"thumbnailUrl":"https:\/\/i0.wp.com\/radiotordera.cat\/radio\/wp-content\/uploads\/2026\/08\/Captura-de-pantalla-2026-08-31-100606.png?fit=243%2C249&ssl=1","datePublished":"2026-08-31T08:06:58+00:00","dateModified":"2026-08-31T09:11:17+00:00","breadcrumb":{"@id":"https:\/\/radiotordera.cat\/radio\/?p=139340#breadcrumb"},"inLanguage":"ca","potentialAction":[{"@type":"ReadAction","target":["https:\/\/radiotordera.cat\/radio\/?p=139340"]}]},{"@type":"ImageObject","inLanguage":"ca","@id":"https:\/\/radiotordera.cat\/radio\/?p=139340#primaryimage","url":"https:\/\/i0.wp.com\/radiotordera.cat\/radio\/wp-content\/uploads\/2026\/08\/Captura-de-pantalla-2026-08-31-100606.png?fit=243%2C249&ssl=1","contentUrl":"https:\/\/i0.wp.com\/radiotordera.cat\/radio\/wp-content\/uploads\/2026\/08\/Captura-de-pantalla-2026-08-31-100606.png?fit=243%2C249&ssl=1","width":243,"height":249},{"@type":"BreadcrumbList","@id":"https:\/\/radiotordera.cat\/radio\/?p=139340#breadcrumb","itemListElement":[{"@type":"ListItem","position":1,"name":"Inici","item":"https:\/\/radiotordera.cat\/radio\/"},{"@type":"ListItem","position":2,"name":"Alcoh\u00f2lics An\u00f2nims refor\u00e7a la seva xarxa de suport al Maresme i la Selva"}]},{"@type":"WebSite","@id":"https:\/\/radiotordera.cat\/radio\/#website","url":"https:\/\/radiotordera.cat\/radio\/","name":"R\u00e0dio Tordera","description":"R\u00e0dio Tordera Online","publisher":{"@id":"https:\/\/radiotordera.cat\/radio\/#organization"},"potentialAction":[{"@type":"SearchAction","target":{"@type":"EntryPoint","urlTemplate":"https:\/\/radiotordera.cat\/radio\/?s={search_term_string}"},"query-input":{"@type":"PropertyValueSpecification","valueRequired":true,"valueName":"search_term_string"}}],"inLanguage":"ca"},{"@type":"Organization","@id":"https:\/\/radiotordera.cat\/radio\/#organization","name":"R\u00e0dio Tordera","url":"https:\/\/radiotordera.cat\/radio\/","logo":{"@type":"ImageObject","inLanguage":"ca","@id":"https:\/\/radiotordera.cat\/radio\/#\/schema\/logo\/image\/","url":"https:\/\/i0.wp.com\/radiotordera.cat\/radio\/wp-content\/uploads\/2016\/11\/logo-vermell.jpg?fit=567%2C613&ssl=1","contentUrl":"https:\/\/i0.wp.com\/radiotordera.cat\/radio\/wp-content\/uploads\/2016\/11\/logo-vermell.jpg?fit=567%2C613&ssl=1","width":567,"height":613,"caption":"R\u00e0dio Tordera"},"image":{"@id":"https:\/\/radiotordera.cat\/radio\/#\/schema\/logo\/image\/"}},{"@type":"Person","@id":"https:\/\/radiotordera.cat\/radio\/#\/schema\/person\/6a71581c1b4ac974c7ee50a02953f2f3","name":"Albert Sabater","sameAs":["http:\/\/radiotordera.cat"],"url":"https:\/\/radiotordera.cat\/radio\/?author=6"}]}},"jetpack_featured_media_url":"https:\/\/i0.wp.com\/radiotordera.cat\/radio\/wp-content\/uploads\/2026\/08\/Captura-de-pantalla-2026-08-31-100606.png?fit=243%2C249&ssl=1","jetpack_sharing_enabled":true,"_links":{"self":[{"href":"https:\/\/radiotordera.cat\/radio\/index.php?rest_route=\/wp\/v2\/posts\/139340","targetHints":{"allow":["GET"]}}],"collection":[{"href":"https:\/\/radiotordera.cat\/radio\/index.php?rest_route=\/wp\/v2\/posts"}],"about":[{"href":"https:\/\/radiotordera.cat\/radio\/index.php?rest_route=\/wp\/v2\/types\/post"}],"author":[{"embeddable":true,"href":"https:\/\/radiotordera.cat\/radio\/index.php?rest_route=\/wp\/v2\/users\/6"}],"replies":[{"embeddable":true,"href":"https:\/\/radiotordera.cat\/radio\/index.php?rest_route=%2Fwp%2Fv2%2Fcomments&post=139340"}],"version-history":[{"count":2,"href":"https:\/\/radiotordera.cat\/radio\/index.php?rest_route=\/wp\/v2\/posts\/139340\/revisions"}],"predecessor-version":[{"id":139352,"href":"https:\/\/radiotordera.cat\/radio\/index.php?rest_route=\/wp\/v2\/posts\/139340\/revisions\/139352"}],"wp:featuredmedia":[{"embeddable":true,"href":"https:\/\/radiotordera.cat\/radio\/index.php?rest_route=\/wp\/v2\/media\/139343"}],"wp:attachment":[{"href":"https:\/\/radiotordera.cat\/radio\/index.php?rest_route=%2Fwp%2Fv2%2Fmedia&parent=139340"}],"wp:term":[{"taxonomy":"category","embeddable":true,"href":"https:\/\/radiotordera.cat\/radio\/index.php?rest_route=%2Fwp%2Fv2%2Fcategories&post=139340"},{"taxonomy":"post_tag","embeddable":true,"href":"https:\/\/radiotordera.cat\/radio\/index.php?rest_route=%2Fwp%2Fv2%2Ftags&post=139340"}],"curies":[{"name":"wp","href":"https:\/\/api.w.org\/{rel}","templated":true}]}}